{"id":833,"date":"2023-06-27T17:05:45","date_gmt":"2023-06-27T16:05:45","guid":{"rendered":"http:\/\/informacitta.oristano.studioprogetto2.it\/?page_id=833"},"modified":"2023-12-29T14:59:18","modified_gmt":"2023-12-29T13:59:18","slug":"universita","status":"publish","type":"post","link":"https:\/\/informacitta.oristano.studioprogetto2.it\/?p=833","title":{"rendered":"Universit\u00e0"},"content":{"rendered":"<p>[et_pb_section fb_built=&#8221;1&#8243; disabled_on=&#8221;on|on|off&#8221; _builder_version=&#8221;4.21.0&#8243; _module_preset=&#8221;default&#8221; background_image=&#8221;https:\/\/informacitta.oristano.studioprogetto2.it\/wp-content\/uploads\/2023\/06\/Schermata-2023-06-26-alle-15.53.10.png&#8221; custom_margin=&#8221;-135px|-215px||-215px|false|true&#8221; custom_padding=&#8221;83px|||||&#8221; locked=&#8221;off&#8221; global_colors_info=&#8221;{}&#8221;][et_pb_row disabled_on=&#8221;on|on|off&#8221; _builder_version=&#8221;4.21.0&#8243; _module_preset=&#8221;default&#8221; custom_margin=&#8221;-18px|auto|-10px|180px|false|false&#8221; custom_padding=&#8221;51px|||||&#8221; global_colors_info=&#8221;{}&#8221;][et_pb_column type=&#8221;4_4&#8243; _builder_version=&#8221;4.21.0&#8243; _module_preset=&#8221;default&#8221; global_colors_info=&#8221;{}&#8221;][et_pb_text _builder_version=&#8221;4.21.0&#8243; _module_preset=&#8221;default&#8221; text_font=&#8221;Montserrat|700|||||||&#8221; text_text_color=&#8221;#0965a2&#8243; header_font=&#8221;Montserrat|700|||||||&#8221; header_text_color=&#8221;#0965a2&#8243; global_colors_info=&#8221;{}&#8221;]<\/p>\n<h1>| Universit\u00e0<\/h1>\n<p>[\/et_pb_text][\/et_pb_column][\/et_pb_row][et_pb_row column_structure=&#8221;1_4,1_4,1_4,1_4&#8243; _builder_version=&#8221;4.21.0&#8243; _module_preset=&#8221;default&#8221; max_width=&#8221;1130px&#8221; custom_margin=&#8221;20px|185px||185px|false|true&#8221; custom_css_before=&#8221;.desktop-onlyalign-content&#8221; global_colors_info=&#8221;{}&#8221; custom_css_before_tablet=&#8221;.desktop-onlyalign-content&#8221; custom_css_before_phone=&#8221;.desktop-onlyalign-content&#8221; custom_css_before_last_edited=&#8221;on|desktop&#8221;][et_pb_column type=&#8221;1_4&#8243; _builder_version=&#8221;4.21.0&#8243; _module_preset=&#8221;default&#8221; global_colors_info=&#8221;{}&#8221;][et_pb_image src=&#8221;https:\/\/informacitta.oristano.studioprogetto2.it\/wp-content\/uploads\/2023\/06\/Schermata-2023-06-27-alle-17.09.11.png&#8221; title_text=&#8221;Schermata 2023-06-27 alle 17.09.11&#8243; _builder_version=&#8221;4.21.0&#8243; _module_preset=&#8221;default&#8221; custom_padding=&#8221;45px|||||&#8221; global_colors_info=&#8221;{}&#8221;][\/et_pb_image][\/et_pb_column][et_pb_column type=&#8221;1_4&#8243; _builder_version=&#8221;4.21.0&#8243; _module_preset=&#8221;default&#8221; global_colors_info=&#8221;{}&#8221;][et_pb_text _builder_version=&#8221;4.21.0&#8243; _module_preset=&#8221;default&#8221; text_font=&#8221;Montserrat|600|||||||&#8221; text_text_color=&#8221;#0965a2&#8243; text_font_size=&#8221;15px&#8221; header_font_size=&#8221;33px&#8221; module_alignment=&#8221;center&#8221; custom_margin=&#8221;25px|29px||-1px|false|false&#8221; custom_padding=&#8221;22px|54px||4px|false|false&#8221; global_colors_info=&#8221;{}&#8221;]<\/p>\n<p>Sardegna<\/p>\n<p>[\/et_pb_text][et_pb_icon font_icon=&#8221;&#xf276;||fa||900&#8243; icon_color=&#8221;#0965a2&#8243; icon_width=&#8221;23px&#8221; align=&#8221;left&#8221; _builder_version=&#8221;4.21.0&#8243; _module_preset=&#8221;default&#8221; custom_margin=&#8221;-114px|||-36px|false|false&#8221; custom_padding=&#8221;55px|91px||0px||&#8221; locked=&#8221;off&#8221; global_colors_info=&#8221;{}&#8221;][\/et_pb_icon][et_pb_text _builder_version=&#8221;4.21.0&#8243; _module_preset=&#8221;default&#8221; text_font=&#8221;Montserrat|600|||||||&#8221; text_text_color=&#8221;#0965a2&#8243; text_font_size=&#8221;16px&#8221; header_font=&#8221;Montserrat||||||||&#8221; text_orientation=&#8221;justified&#8221; custom_margin=&#8221;-20px|||-46px||&#8221; custom_padding=&#8221;|0px||||&#8221; global_colors_info=&#8221;{}&#8221;]<\/p>\n<p><span style=\"color: #02385c;\"><\/span><\/p>\n<p><span style=\"color: #02385c;\">\u00a0 Universit\u00e0 degli Studi di Cagliari<\/span><\/p>\n<p>&nbsp;<\/p>\n<p>[\/et_pb_text][et_pb_button button_url=&#8221;https:\/\/www.unica.it\/unica\/&#8221; button_text=&#8221;Scopri di pi\u00f9&#8221; _builder_version=&#8221;4.21.0&#8243; _module_preset=&#8221;default&#8221; custom_button=&#8221;on&#8221; button_text_size=&#8221;13px&#8221; button_text_color=&#8221;#0965a2&#8243; button_bg_color=&#8221;#FFFFFF&#8221; button_font=&#8221;Montserrat||||||||&#8221; custom_margin=&#8221;-23px|||18px|false|false&#8221; button_bg_color_last_edited=&#8221;off|desktop&#8221; global_colors_info=&#8221;{}&#8221; button_bg_color__hover_enabled=&#8221;on|hover&#8221; button_bg_color__hover=&#8221;#4d9cad&#8221; button_bg_enable_color__hover=&#8221;on&#8221; button_text_color__hover_enabled=&#8221;on|hover&#8221; button_text_color__hover=&#8221;#FFFFFF&#8221;][\/et_pb_button][\/et_pb_column][et_pb_column type=&#8221;1_4&#8243; _builder_version=&#8221;4.21.0&#8243; _module_preset=&#8221;default&#8221; global_colors_info=&#8221;{}&#8221;][et_pb_image src=&#8221;https:\/\/informacitta.oristano.studioprogetto2.it\/wp-content\/uploads\/2023\/06\/Schermata-2023-06-27-alle-17.15.33.png&#8221; title_text=&#8221;Schermata 2023-06-27 alle 17.15.33&#8243; _builder_version=&#8221;4.21.0&#8243; _module_preset=&#8221;default&#8221; custom_margin=&#8221;1px||||false|false&#8221; custom_padding=&#8221;46px|||||&#8221; global_colors_info=&#8221;{}&#8221;][\/et_pb_image][\/et_pb_column][et_pb_column type=&#8221;1_4&#8243; _builder_version=&#8221;4.21.0&#8243; _module_preset=&#8221;default&#8221; global_colors_info=&#8221;{}&#8221;][et_pb_text _builder_version=&#8221;4.21.0&#8243; _module_preset=&#8221;default&#8221; text_font=&#8221;Montserrat|600|||||||&#8221; text_text_color=&#8221;#0965a2&#8243; text_font_size=&#8221;15px&#8221; header_font_size=&#8221;33px&#8221; module_alignment=&#8221;center&#8221; custom_margin=&#8221;25px||||false|false&#8221; custom_padding=&#8221;22px|29px||2px||&#8221; global_colors_info=&#8221;{}&#8221;]<\/p>\n<p>Sardegna<\/p>\n<p>[\/et_pb_text][et_pb_icon font_icon=&#8221;&#xf276;||fa||900&#8243; icon_color=&#8221;#0965a2&#8243; icon_width=&#8221;23px&#8221; align=&#8221;left&#8221; _builder_version=&#8221;4.21.0&#8243; _module_preset=&#8221;default&#8221; custom_margin=&#8221;-114px|||-36px|false|false&#8221; custom_padding=&#8221;55px|91px||0px||&#8221; locked=&#8221;off&#8221; global_colors_info=&#8221;{}&#8221;][\/et_pb_icon][et_pb_text _builder_version=&#8221;4.21.0&#8243; _module_preset=&#8221;default&#8221; text_font=&#8221;Montserrat|600|||||||&#8221; text_text_color=&#8221;#0965a2&#8243; text_font_size=&#8221;16px&#8221; header_font=&#8221;Montserrat||||||||&#8221; text_orientation=&#8221;justified&#8221; custom_margin=&#8221;-20px|||-40px||&#8221; custom_padding=&#8221;|0px||||&#8221; global_colors_info=&#8221;{}&#8221;]<\/p>\n<p><span style=\"color: #02385c;\"><\/span><\/p>\n<p><span style=\"color: #02385c;\">Universit\u00e0 degli Studi di Sassari\u00a0<\/span><span style=\"color: #02385c;\"><\/span><\/p>\n<p><span style=\"color: #02385c;\"><\/span><\/p>\n<p>[\/et_pb_text][et_pb_button button_url=&#8221;https:\/\/www.uniss.it&#8221; button_text=&#8221;Scopri di pi\u00f9&#8221; _builder_version=&#8221;4.21.0&#8243; _module_preset=&#8221;default&#8221; custom_button=&#8221;on&#8221; button_text_size=&#8221;13px&#8221; button_text_color=&#8221;#0965a2&#8243; button_bg_color=&#8221;#FFFFFF&#8221; button_font=&#8221;Montserrat||||||||&#8221; custom_margin=&#8221;32px|||14px|false|false&#8221; button_bg_color_last_edited=&#8221;off|desktop&#8221; global_colors_info=&#8221;{}&#8221; button_bg_color__hover_enabled=&#8221;on|hover&#8221; button_bg_color__hover=&#8221;#4d9cad&#8221; button_bg_enable_color__hover=&#8221;on&#8221; button_text_color__hover_enabled=&#8221;on|hover&#8221; button_text_color__hover=&#8221;#FFFFFF&#8221;][\/et_pb_button][\/et_pb_column][\/et_pb_row][et_pb_row column_structure=&#8221;1_4,1_4,1_4,1_4&#8243; disabled_on=&#8221;on|off|on&#8221; _builder_version=&#8221;4.21.0&#8243; _module_preset=&#8221;default&#8221; width=&#8221;100%&#8221; max_width=&#8221;1092px&#8221; custom_margin=&#8221;|200px||200px|false|true&#8221; global_colors_info=&#8221;{}&#8221;][et_pb_column type=&#8221;1_4&#8243; _builder_version=&#8221;4.21.0&#8243; _module_preset=&#8221;default&#8221; global_colors_info=&#8221;{}&#8221;][et_pb_image src=&#8221;https:\/\/informacitta.oristano.studioprogetto2.it\/wp-content\/uploads\/2023\/06\/Schermata-2023-06-27-alle-17.48.06.png&#8221; title_text=&#8221;Schermata 2023-06-27 alle 17.48.06&#8243; _builder_version=&#8221;4.21.0&#8243; _module_preset=&#8221;default&#8221; custom_padding=&#8221;45px|||||&#8221; global_colors_info=&#8221;{}&#8221;][\/et_pb_image][\/et_pb_column][et_pb_column type=&#8221;1_4&#8243; _builder_version=&#8221;4.21.0&#8243; _module_preset=&#8221;default&#8221; global_colors_info=&#8221;{}&#8221;][et_pb_text _builder_version=&#8221;4.21.0&#8243; _module_preset=&#8221;default&#8221; text_font=&#8221;Montserrat|600|||||||&#8221; text_text_color=&#8221;#0965a2&#8243; text_font_size=&#8221;15px&#8221; header_font_size=&#8221;33px&#8221; module_alignment=&#8221;center&#8221; custom_margin=&#8221;25px||||false|false&#8221; custom_padding=&#8221;22px|29px||2px||&#8221; global_colors_info=&#8221;{}&#8221;]<\/p>\n<p>Puglia<\/p>\n<p>[\/et_pb_text][et_pb_icon font_icon=&#8221;&#xf276;||fa||900&#8243; icon_color=&#8221;#0965a2&#8243; icon_width=&#8221;23px&#8221; align=&#8221;left&#8221; _builder_version=&#8221;4.21.0&#8243; _module_preset=&#8221;default&#8221; custom_margin=&#8221;-114px|||-36px|false|false&#8221; custom_padding=&#8221;55px|91px||0px||&#8221; locked=&#8221;off&#8221; global_colors_info=&#8221;{}&#8221;][\/et_pb_icon][et_pb_text _builder_version=&#8221;4.21.0&#8243; _module_preset=&#8221;default&#8221; text_font=&#8221;Montserrat|600|||||||&#8221; text_text_color=&#8221;#0965a2&#8243; header_font=&#8221;Montserrat||||||||&#8221; text_orientation=&#8221;justified&#8221; custom_margin=&#8221;-20px|12px||-46px||&#8221; custom_padding=&#8221;|0px||||&#8221; global_colors_info=&#8221;{}&#8221;]<\/p>\n<p><span style=\"color: #02385c;\"><\/span><\/p>\n<p><span style=\"color: #02385c;\">\u00a0 Universit\u00e0 degli Studi di Bari Aldo Moro<\/span><\/p>\n<p>&nbsp;<\/p>\n<p>[\/et_pb_text][et_pb_button button_url=&#8221;https:\/\/www.uniba.it&#8221; button_text=&#8221;Scopri di pi\u00f9&#8221; _builder_version=&#8221;4.21.0&#8243; _module_preset=&#8221;default&#8221; custom_button=&#8221;on&#8221; button_text_size=&#8221;13px&#8221; button_text_color=&#8221;#0965a2&#8243; button_bg_color=&#8221;#FFFFFF&#8221; button_font=&#8221;Montserrat||||||||&#8221; custom_margin=&#8221;-48px|||18px|false|false&#8221; button_bg_color_last_edited=&#8221;off|desktop&#8221; global_colors_info=&#8221;{}&#8221; button_bg_color__hover_enabled=&#8221;on|hover&#8221; button_bg_color__hover=&#8221;#4d9cad&#8221; button_bg_enable_color__hover=&#8221;on&#8221; button_text_color__hover_enabled=&#8221;on|hover&#8221; button_text_color__hover=&#8221;#FFFFFF&#8221;][\/et_pb_button][\/et_pb_column][et_pb_column type=&#8221;1_4&#8243; _builder_version=&#8221;4.21.0&#8243; _module_preset=&#8221;default&#8221; global_colors_info=&#8221;{}&#8221;][et_pb_image src=&#8221;https:\/\/informacitta.oristano.studioprogetto2.it\/wp-content\/uploads\/2023\/06\/Schermata-2023-06-27-alle-17.51.19.png&#8221; title_text=&#8221;Schermata 2023-06-27 alle 17.51.19&#8243; _builder_version=&#8221;4.21.0&#8243; _module_preset=&#8221;default&#8221; custom_padding=&#8221;52px|||||&#8221; global_colors_info=&#8221;{}&#8221;][\/et_pb_image][\/et_pb_column][et_pb_column type=&#8221;1_4&#8243; _builder_version=&#8221;4.21.0&#8243; _module_preset=&#8221;default&#8221; global_colors_info=&#8221;{}&#8221;][et_pb_text _builder_version=&#8221;4.21.0&#8243; _module_preset=&#8221;default&#8221; text_font=&#8221;Montserrat|600|||||||&#8221; text_text_color=&#8221;#0965a2&#8243; text_font_size=&#8221;15px&#8221; header_font_size=&#8221;33px&#8221; module_alignment=&#8221;center&#8221; custom_margin=&#8221;25px||||false|false&#8221; custom_padding=&#8221;22px|29px||2px||&#8221; global_colors_info=&#8221;{}&#8221;]<\/p>\n<p>Calabria<\/p>\n<p>[\/et_pb_text][et_pb_icon font_icon=&#8221;&#xf276;||fa||900&#8243; icon_color=&#8221;#0965a2&#8243; icon_width=&#8221;23px&#8221; align=&#8221;left&#8221; _builder_version=&#8221;4.21.0&#8243; _module_preset=&#8221;default&#8221; custom_margin=&#8221;-114px|||-36px|false|false&#8221; custom_padding=&#8221;55px|91px||0px||&#8221; locked=&#8221;off&#8221; global_colors_info=&#8221;{}&#8221;][\/et_pb_icon][et_pb_text _builder_version=&#8221;4.21.0&#8243; _module_preset=&#8221;default&#8221; text_font=&#8221;Montserrat|600|||||||&#8221; text_text_color=&#8221;#0965a2&#8243; header_font=&#8221;Montserrat||||||||&#8221; text_orientation=&#8221;justified&#8221; custom_margin=&#8221;-17px|20px|2px|-46px||&#8221; custom_padding=&#8221;|0px||7px||&#8221; link_option_url=&#8221;https:\/\/www.comune.oristano.it\/it\/novita\/news\/Costa-Diadema-Test-riuscito-per-il-turismo-da-crociera-a-Oristano\/#!#:~:text=Oristano%20gioca%20la%20carta%20del,scoperta%20del%20territorio%20di%20Oristano.&#8221; global_colors_info=&#8221;{}&#8221;]<\/p>\n<p><span style=\"color: #02385c;\"><\/span><\/p>\n<p><span style=\"color: #02385c;\">Universit\u00e0 degli Studi della Calabria<\/span><span style=\"color: #02385c;\"><\/span><\/p>\n<p><span style=\"color: #02385c;\"><\/span><\/p>\n<p>[\/et_pb_text][et_pb_button button_url=&#8221;https:\/\/www.unical.it&#8221; button_text=&#8221;Scopri di pi\u00f9&#8221; _builder_version=&#8221;4.21.0&#8243; _module_preset=&#8221;default&#8221; custom_button=&#8221;on&#8221; button_text_size=&#8221;13px&#8221; button_text_color=&#8221;#0965a2&#8243; button_bg_color=&#8221;#FFFFFF&#8221; button_font=&#8221;Montserrat||||||||&#8221; custom_margin=&#8221;8px|||14px|false|false&#8221; button_bg_color_last_edited=&#8221;off|desktop&#8221; global_colors_info=&#8221;{}&#8221; button_bg_color__hover_enabled=&#8221;on|hover&#8221; button_bg_color__hover=&#8221;#4d9cad&#8221; button_bg_enable_color__hover=&#8221;on&#8221; button_text_color__hover_enabled=&#8221;on|hover&#8221; button_text_color__hover=&#8221;#FFFFFF&#8221;][\/et_pb_button][\/et_pb_column][\/et_pb_row][et_pb_row column_structure=&#8221;1_4,1_4,1_4,1_4&#8243; _builder_version=&#8221;4.21.0&#8243; _module_preset=&#8221;default&#8221; max_width=&#8221;1130px&#8221; custom_margin=&#8221;20px|185px||185px|false|true&#8221; custom_css_before=&#8221;.desktop-onlyalign-content&#8221; global_colors_info=&#8221;{}&#8221; custom_css_before_tablet=&#8221;.desktop-onlyalign-content&#8221; custom_css_before_phone=&#8221;.desktop-onlyalign-content&#8221; custom_css_before_last_edited=&#8221;on|desktop&#8221;][et_pb_column type=&#8221;1_4&#8243; _builder_version=&#8221;4.21.0&#8243; _module_preset=&#8221;default&#8221; global_colors_info=&#8221;{}&#8221;][et_pb_image src=&#8221;https:\/\/informacitta.oristano.studioprogetto2.it\/wp-content\/uploads\/2023\/06\/Schermata-2023-06-27-alle-17.48.06.png&#8221; title_text=&#8221;Schermata 2023-06-27 alle 17.48.06&#8243; _builder_version=&#8221;4.21.0&#8243; _module_preset=&#8221;default&#8221; custom_padding=&#8221;45px|||||&#8221; global_colors_info=&#8221;{}&#8221;][\/et_pb_image][\/et_pb_column][et_pb_column type=&#8221;1_4&#8243; _builder_version=&#8221;4.21.0&#8243; _module_preset=&#8221;default&#8221; global_colors_info=&#8221;{}&#8221;][et_pb_text _builder_version=&#8221;4.21.0&#8243; _module_preset=&#8221;default&#8221; text_font=&#8221;Montserrat|600|||||||&#8221; text_text_color=&#8221;#0965a2&#8243; text_font_size=&#8221;15px&#8221; header_font_size=&#8221;33px&#8221; module_alignment=&#8221;center&#8221; custom_margin=&#8221;25px||||false|false&#8221; custom_padding=&#8221;22px|29px||2px||&#8221; global_colors_info=&#8221;{}&#8221;]<\/p>\n<p>Puglia<\/p>\n<p>[\/et_pb_text][et_pb_icon font_icon=&#8221;&#xf276;||fa||900&#8243; icon_color=&#8221;#0965a2&#8243; icon_width=&#8221;23px&#8221; align=&#8221;left&#8221; _builder_version=&#8221;4.21.0&#8243; _module_preset=&#8221;default&#8221; custom_margin=&#8221;-114px|||-36px|false|false&#8221; custom_padding=&#8221;55px|91px||0px||&#8221; locked=&#8221;off&#8221; global_colors_info=&#8221;{}&#8221;][\/et_pb_icon][et_pb_text _builder_version=&#8221;4.21.0&#8243; _module_preset=&#8221;default&#8221; text_font=&#8221;Montserrat|600|||||||&#8221; text_text_color=&#8221;#0965a2&#8243; text_font_size=&#8221;16px&#8221; header_font=&#8221;Montserrat||||||||&#8221; text_orientation=&#8221;justified&#8221; custom_margin=&#8221;-20px|||-46px||&#8221; custom_padding=&#8221;|0px||||&#8221; global_colors_info=&#8221;{}&#8221;]<\/p>\n<p><span style=\"color: #02385c;\"><\/span><\/p>\n<p><span style=\"color: #02385c;\">Universit\u00e0 degli Studi di Bari Aldo Moro<\/span><\/p>\n<p>&nbsp;<\/p>\n<p>[\/et_pb_text][et_pb_button button_url=&#8221;https:\/\/www.uniba.it&#8221; button_text=&#8221;Scopri di pi\u00f9&#8221; _builder_version=&#8221;4.21.0&#8243; _module_preset=&#8221;default&#8221; custom_button=&#8221;on&#8221; button_text_size=&#8221;13px&#8221; button_text_color=&#8221;#0965a2&#8243; button_bg_color=&#8221;#FFFFFF&#8221; button_font=&#8221;Montserrat||||||||&#8221; custom_margin=&#8221;-48px|||18px|false|false&#8221; button_bg_color_last_edited=&#8221;off|desktop&#8221; global_colors_info=&#8221;{}&#8221; button_bg_color__hover_enabled=&#8221;on|hover&#8221; button_bg_color__hover=&#8221;#4d9cad&#8221; button_bg_enable_color__hover=&#8221;on&#8221; button_text_color__hover_enabled=&#8221;on|hover&#8221; button_text_color__hover=&#8221;#FFFFFF&#8221;][\/et_pb_button][\/et_pb_column][et_pb_column type=&#8221;1_4&#8243; _builder_version=&#8221;4.21.0&#8243; _module_preset=&#8221;default&#8221; global_colors_info=&#8221;{}&#8221;][et_pb_image src=&#8221;https:\/\/informacitta.oristano.studioprogetto2.it\/wp-content\/uploads\/2023\/06\/Schermata-2023-06-27-alle-17.51.19.png&#8221; title_text=&#8221;Schermata 2023-06-27 alle 17.51.19&#8243; _builder_version=&#8221;4.21.0&#8243; _module_preset=&#8221;default&#8221; custom_margin=&#8221;-7px||||false|false&#8221; custom_padding=&#8221;52px|||||&#8221; global_colors_info=&#8221;{}&#8221;][\/et_pb_image][\/et_pb_column][et_pb_column type=&#8221;1_4&#8243; _builder_version=&#8221;4.21.0&#8243; _module_preset=&#8221;default&#8221; global_colors_info=&#8221;{}&#8221;][et_pb_text _builder_version=&#8221;4.21.0&#8243; _module_preset=&#8221;default&#8221; text_font=&#8221;Montserrat|600|||||||&#8221; text_text_color=&#8221;#0965a2&#8243; text_font_size=&#8221;15px&#8221; header_font_size=&#8221;33px&#8221; module_alignment=&#8221;center&#8221; custom_margin=&#8221;25px||||false|false&#8221; custom_padding=&#8221;22px|29px||2px||&#8221; global_colors_info=&#8221;{}&#8221;]<\/p>\n<p>Calabria<\/p>\n<p>[\/et_pb_text][et_pb_icon font_icon=&#8221;&#xf276;||fa||900&#8243; icon_color=&#8221;#0965a2&#8243; icon_width=&#8221;23px&#8221; align=&#8221;left&#8221; _builder_version=&#8221;4.21.0&#8243; _module_preset=&#8221;default&#8221; custom_margin=&#8221;-114px|||-36px|false|false&#8221; custom_padding=&#8221;55px|91px||0px||&#8221; locked=&#8221;off&#8221; global_colors_info=&#8221;{}&#8221;][\/et_pb_icon][et_pb_text _builder_version=&#8221;4.21.0&#8243; _module_preset=&#8221;default&#8221; text_font=&#8221;Montserrat|600|||||||&#8221; text_text_color=&#8221;#0965a2&#8243; text_font_size=&#8221;16px&#8221; header_font=&#8221;Montserrat||||||||&#8221; text_orientation=&#8221;justified&#8221; custom_margin=&#8221;-20px|||-46px||&#8221; custom_padding=&#8221;|0px||||&#8221; link_option_url=&#8221;https:\/\/www.comune.oristano.it\/it\/novita\/news\/Costa-Diadema-Test-riuscito-per-il-turismo-da-crociera-a-Oristano\/#!#:~:text=Oristano%20gioca%20la%20carta%20del,scoperta%20del%20territorio%20di%20Oristano.&#8221; global_colors_info=&#8221;{}&#8221;]<\/p>\n<p><span style=\"color: #02385c;\"><\/span><\/p>\n<p><span style=\"color: #02385c;\">Universit\u00e0 degli Studi della Calabria<\/span><span style=\"color: #02385c;\"><\/span><\/p>\n<p><span style=\"color: #02385c;\"><\/span><\/p>\n<p>[\/et_pb_text][et_pb_button button_url=&#8221;https:\/\/www.unical.it&#8221; button_text=&#8221;Scopri di pi\u00f9&#8221; _builder_version=&#8221;4.21.0&#8243; _module_preset=&#8221;default&#8221; custom_button=&#8221;on&#8221; button_text_size=&#8221;13px&#8221; button_text_color=&#8221;#0965a2&#8243; button_bg_color=&#8221;#FFFFFF&#8221; button_font=&#8221;Montserrat||||||||&#8221; custom_margin=&#8221;-26px|||14px|false|false&#8221; button_bg_color_last_edited=&#8221;off|desktop&#8221; global_colors_info=&#8221;{}&#8221; button_bg_color__hover_enabled=&#8221;on|hover&#8221; button_bg_color__hover=&#8221;#4d9cad&#8221; button_bg_enable_color__hover=&#8221;on&#8221; button_text_color__hover_enabled=&#8221;on|hover&#8221; button_text_color__hover=&#8221;#FFFFFF&#8221;][\/et_pb_button][\/et_pb_column][\/et_pb_row][et_pb_row column_structure=&#8221;1_4,1_4,1_4,1_4&#8243; disabled_on=&#8221;on|off|on&#8221; _builder_version=&#8221;4.21.0&#8243; _module_preset=&#8221;default&#8221; width=&#8221;100%&#8221; max_width=&#8221;1092px&#8221; custom_margin=&#8221;|200px||200px|false|true&#8221; global_colors_info=&#8221;{}&#8221;][et_pb_column type=&#8221;1_4&#8243; _builder_version=&#8221;4.21.0&#8243; _module_preset=&#8221;default&#8221; global_colors_info=&#8221;{}&#8221;][et_pb_image src=&#8221;https:\/\/informacitta.oristano.studioprogetto2.it\/wp-content\/uploads\/2023\/06\/Schermata-2023-06-27-alle-17.48.06.png&#8221; title_text=&#8221;Schermata 2023-06-27 alle 17.48.06&#8243; _builder_version=&#8221;4.21.0&#8243; _module_preset=&#8221;default&#8221; custom_padding=&#8221;45px|||||&#8221; global_colors_info=&#8221;{}&#8221;][\/et_pb_image][\/et_pb_column][et_pb_column type=&#8221;1_4&#8243; _builder_version=&#8221;4.21.0&#8243; _module_preset=&#8221;default&#8221; global_colors_info=&#8221;{}&#8221;][et_pb_text _builder_version=&#8221;4.21.0&#8243; _module_preset=&#8221;default&#8221; text_font=&#8221;Montserrat|600|||||||&#8221; text_text_color=&#8221;#0965a2&#8243; text_font_size=&#8221;15px&#8221; header_font_size=&#8221;33px&#8221; module_alignment=&#8221;center&#8221; custom_margin=&#8221;25px||||false|false&#8221; custom_padding=&#8221;22px|29px||2px||&#8221; global_colors_info=&#8221;{}&#8221;]<\/p>\n<p>Puglia<\/p>\n<p>[\/et_pb_text][et_pb_icon font_icon=&#8221;&#xf276;||fa||900&#8243; icon_color=&#8221;#0965a2&#8243; icon_width=&#8221;23px&#8221; align=&#8221;left&#8221; _builder_version=&#8221;4.21.0&#8243; _module_preset=&#8221;default&#8221; custom_margin=&#8221;-114px|||-36px|false|false&#8221; custom_padding=&#8221;55px|91px||0px||&#8221; locked=&#8221;off&#8221; global_colors_info=&#8221;{}&#8221;][\/et_pb_icon][et_pb_text _builder_version=&#8221;4.21.0&#8243; _module_preset=&#8221;default&#8221; text_font=&#8221;Montserrat|600|||||||&#8221; text_text_color=&#8221;#0965a2&#8243; header_font=&#8221;Montserrat||||||||&#8221; text_orientation=&#8221;justified&#8221; custom_margin=&#8221;-20px|12px||-46px||&#8221; custom_padding=&#8221;|0px||||&#8221; global_colors_info=&#8221;{}&#8221;]<\/p>\n<p><span style=\"color: #02385c;\"><\/span><\/p>\n<p><span style=\"color: #02385c;\">\u00a0 Universit\u00e0 degli Studi di Bari Aldo Moro<\/span><\/p>\n<p>&nbsp;<\/p>\n<p>[\/et_pb_text][et_pb_button button_url=&#8221;https:\/\/www.uniba.it&#8221; button_text=&#8221;Scopri di pi\u00f9&#8221; _builder_version=&#8221;4.21.0&#8243; _module_preset=&#8221;default&#8221; custom_button=&#8221;on&#8221; button_text_size=&#8221;13px&#8221; button_text_color=&#8221;#0965a2&#8243; button_bg_color=&#8221;#FFFFFF&#8221; button_font=&#8221;Montserrat||||||||&#8221; custom_margin=&#8221;-48px|||18px|false|false&#8221; button_bg_color_last_edited=&#8221;off|desktop&#8221; global_colors_info=&#8221;{}&#8221; button_bg_color__hover_enabled=&#8221;on|hover&#8221; button_bg_color__hover=&#8221;#4d9cad&#8221; button_bg_enable_color__hover=&#8221;on&#8221; button_text_color__hover_enabled=&#8221;on|hover&#8221; button_text_color__hover=&#8221;#FFFFFF&#8221;][\/et_pb_button][\/et_pb_column][et_pb_column type=&#8221;1_4&#8243; _builder_version=&#8221;4.21.0&#8243; _module_preset=&#8221;default&#8221; global_colors_info=&#8221;{}&#8221;][et_pb_image src=&#8221;https:\/\/informacitta.oristano.studioprogetto2.it\/wp-content\/uploads\/2023\/06\/Schermata-2023-06-27-alle-17.51.19.png&#8221; title_text=&#8221;Schermata 2023-06-27 alle 17.51.19&#8243; _builder_version=&#8221;4.21.0&#8243; _module_preset=&#8221;default&#8221; custom_padding=&#8221;52px|||||&#8221; global_colors_info=&#8221;{}&#8221;][\/et_pb_image][\/et_pb_column][et_pb_column type=&#8221;1_4&#8243; _builder_version=&#8221;4.21.0&#8243; _module_preset=&#8221;default&#8221; global_colors_info=&#8221;{}&#8221;][et_pb_text _builder_version=&#8221;4.21.0&#8243; _module_preset=&#8221;default&#8221; text_font=&#8221;Montserrat|600|||||||&#8221; text_text_color=&#8221;#0965a2&#8243; text_font_size=&#8221;15px&#8221; header_font_size=&#8221;33px&#8221; module_alignment=&#8221;center&#8221; custom_margin=&#8221;25px||||false|false&#8221; custom_padding=&#8221;22px|29px||2px||&#8221; global_colors_info=&#8221;{}&#8221;]<\/p>\n<p>Calabria<\/p>\n<p>[\/et_pb_text][et_pb_icon font_icon=&#8221;&#xf276;||fa||900&#8243; icon_color=&#8221;#0965a2&#8243; icon_width=&#8221;23px&#8221; align=&#8221;left&#8221; _builder_version=&#8221;4.21.0&#8243; _module_preset=&#8221;default&#8221; custom_margin=&#8221;-114px|||-36px|false|false&#8221; custom_padding=&#8221;55px|91px||0px||&#8221; locked=&#8221;off&#8221; global_colors_info=&#8221;{}&#8221;][\/et_pb_icon][et_pb_text _builder_version=&#8221;4.21.0&#8243; _module_preset=&#8221;default&#8221; text_font=&#8221;Montserrat|600|||||||&#8221; text_text_color=&#8221;#0965a2&#8243; header_font=&#8221;Montserrat||||||||&#8221; text_orientation=&#8221;justified&#8221; custom_margin=&#8221;-17px|20px|2px|-46px||&#8221; custom_padding=&#8221;|0px||7px||&#8221; link_option_url=&#8221;https:\/\/www.comune.oristano.it\/it\/novita\/news\/Costa-Diadema-Test-riuscito-per-il-turismo-da-crociera-a-Oristano\/#!#:~:text=Oristano%20gioca%20la%20carta%20del,scoperta%20del%20territorio%20di%20Oristano.&#8221; global_colors_info=&#8221;{}&#8221;]<\/p>\n<p><span style=\"color: #02385c;\"><\/span><\/p>\n<p><span style=\"color: #02385c;\">Universit\u00e0 degli Studi della Calabria<\/span><span style=\"color: #02385c;\"><\/span><\/p>\n<p><span style=\"color: #02385c;\"><\/span><\/p>\n<p>[\/et_pb_text][et_pb_button button_url=&#8221;https:\/\/www.unical.it&#8221; button_text=&#8221;Scopri di pi\u00f9&#8221; _builder_version=&#8221;4.21.0&#8243; _module_preset=&#8221;default&#8221; custom_button=&#8221;on&#8221; button_text_size=&#8221;13px&#8221; button_text_color=&#8221;#0965a2&#8243; button_bg_color=&#8221;#FFFFFF&#8221; button_font=&#8221;Montserrat||||||||&#8221; custom_margin=&#8221;8px|||14px|false|false&#8221; button_bg_color_last_edited=&#8221;off|desktop&#8221; global_colors_info=&#8221;{}&#8221; button_bg_color__hover_enabled=&#8221;on|hover&#8221; button_bg_color__hover=&#8221;#4d9cad&#8221; button_bg_enable_color__hover=&#8221;on&#8221; button_text_color__hover_enabled=&#8221;on|hover&#8221; button_text_color__hover=&#8221;#FFFFFF&#8221;][\/et_pb_button][\/et_pb_column][\/et_pb_row][\/et_pb_section][et_pb_section fb_built=&#8221;1&#8243; disabled_on=&#8221;on|off|on&#8221; _builder_version=&#8221;4.21.0&#8243; _module_preset=&#8221;default&#8221; background_image=&#8221;https:\/\/informacitta.oristano.studioprogetto2.it\/wp-content\/uploads\/2023\/06\/Schermata-2023-06-26-alle-15.53.10.png&#8221; background_size=&#8221;stretch&#8221; width=&#8221;125%&#8221; overflow-x=&#8221;auto&#8221; overflow-y=&#8221;auto&#8221; custom_margin=&#8221;-149px|-6px||-80px|false|false&#8221; custom_padding=&#8221;76px|||||&#8221; locked=&#8221;off&#8221; global_colors_info=&#8221;{%22gcid-fa957022-7f68-4c63-9382-2437a00591d9%22:%91%22background_pattern_color%22%93}&#8221;][et_pb_row column_structure=&#8221;1_2,1_2&#8243; _builder_version=&#8221;4.21.0&#8243; _module_preset=&#8221;default&#8221; custom_margin=&#8221;-182px|auto|-50px|auto|false|false&#8221; custom_padding=&#8221;1px||48px|||&#8221; locked=&#8221;off&#8221; global_colors_info=&#8221;{}&#8221;][et_pb_column type=&#8221;1_2&#8243; _builder_version=&#8221;4.21.0&#8243; _module_preset=&#8221;default&#8221; global_colors_info=&#8221;{}&#8221;][et_pb_image src=&#8221;https:\/\/informacitta.oristano.studioprogetto2.it\/wp-content\/uploads\/2023\/06\/Schermata-2023-12-14-alle-17.28.16.png&#8221; title_text=&#8221;Schermata 2023-12-14 alle 17.28.16&#8243; align=&#8221;left&#8221; force_fullwidth=&#8221;on&#8221; _builder_version=&#8221;4.21.0&#8243; _module_preset=&#8221;default&#8221; min_height=&#8221;100px&#8221; max_height=&#8221;100px&#8221; custom_margin=&#8221;-13px|||-37px|false|false&#8221; global_colors_info=&#8221;{}&#8221;][\/et_pb_image][\/et_pb_column][et_pb_column type=&#8221;1_2&#8243; _builder_version=&#8221;4.21.0&#8243; _module_preset=&#8221;default&#8221; global_colors_info=&#8221;{}&#8221;][\/et_pb_column][\/et_pb_row][et_pb_row disabled_on=&#8221;on|off|on&#8221; _builder_version=&#8221;4.21.0&#8243; _module_preset=&#8221;default&#8221; custom_margin=&#8221;30px|auto||93px|false|false&#8221; custom_padding=&#8221;70px|||||&#8221; global_colors_info=&#8221;{}&#8221;][et_pb_column type=&#8221;4_4&#8243; _builder_version=&#8221;4.21.0&#8243; _module_preset=&#8221;default&#8221; global_colors_info=&#8221;{}&#8221;][et_pb_text _builder_version=&#8221;4.21.0&#8243; _module_preset=&#8221;default&#8221; text_font=&#8221;Montserrat|700|||||||&#8221; text_text_color=&#8221;#0965a2&#8243; header_font=&#8221;Montserrat|700|||||||&#8221; header_text_color=&#8221;#0965a2&#8243; header_font_size=&#8221;32px&#8221; custom_margin=&#8221;|||-36px|false|false&#8221; custom_padding=&#8221;|||49px||&#8221; global_colors_info=&#8221;{}&#8221;]<\/p>\n<h1>| Universit\u00e0<\/h1>\n<p>[\/et_pb_text][\/et_pb_column][\/et_pb_row][et_pb_row column_structure=&#8221;1_2,1_2&#8243; disabled_on=&#8221;off|off|on&#8221; _builder_version=&#8221;4.21.0&#8243; _module_preset=&#8221;default&#8221; width=&#8221;70%&#8221; module_alignment=&#8221;center&#8221; custom_margin=&#8221;|125px||125px|false|true&#8221; global_colors_info=&#8221;{}&#8221;][et_pb_column type=&#8221;1_2&#8243; _builder_version=&#8221;4.21.0&#8243; _module_preset=&#8221;default&#8221; global_colors_info=&#8221;{}&#8221;][et_pb_image src=&#8221;https:\/\/informacitta.oristano.studioprogetto2.it\/wp-content\/uploads\/2023\/06\/Schermata-2023-06-27-alle-17.09.11.png&#8221; title_text=&#8221;Schermata 2023-06-27 alle 17.09.11&#8243; url=&#8221;https:\/\/www.unica.it\/unica\/&#8221; url_new_window=&#8221;on&#8221; force_fullwidth=&#8221;on&#8221; _builder_version=&#8221;4.21.0&#8243; _module_preset=&#8221;default&#8221; custom_padding=&#8221;45px|||||&#8221; global_colors_info=&#8221;{}&#8221;][\/et_pb_image][\/et_pb_column][et_pb_column type=&#8221;1_2&#8243; _builder_version=&#8221;4.21.0&#8243; _module_preset=&#8221;default&#8221; global_colors_info=&#8221;{}&#8221;][et_pb_image src=&#8221;https:\/\/informacitta.oristano.studioprogetto2.it\/wp-content\/uploads\/2023\/06\/Schermata-2023-06-27-alle-17.15.33.png&#8221; title_text=&#8221;Schermata 2023-06-27 alle 17.15.33&#8243; url=&#8221;https:\/\/www.uniss.it&#8221; url_new_window=&#8221;on&#8221; force_fullwidth=&#8221;on&#8221; _builder_version=&#8221;4.21.0&#8243; _module_preset=&#8221;default&#8221; custom_padding=&#8221;52px|||||&#8221; global_colors_info=&#8221;{}&#8221;][\/et_pb_image][\/et_pb_column][\/et_pb_row][et_pb_row column_structure=&#8221;1_2,1_2&#8243; make_equal=&#8221;on&#8221; _builder_version=&#8221;4.21.0&#8243; _module_preset=&#8221;default&#8221; width=&#8221;70%&#8221; module_alignment=&#8221;center&#8221; custom_margin=&#8221;|125px||125px|false|true&#8221; locked=&#8221;off&#8221; global_colors_info=&#8221;{}&#8221;][et_pb_column type=&#8221;1_2&#8243; _builder_version=&#8221;4.21.0&#8243; _module_preset=&#8221;default&#8221; global_colors_info=&#8221;{}&#8221;][et_pb_image src=&#8221;https:\/\/informacitta.oristano.studioprogetto2.it\/wp-content\/uploads\/2023\/06\/Schermata-2023-06-27-alle-17.48.06.png&#8221; title_text=&#8221;Schermata 2023-06-27 alle 17.48.06&#8243; url=&#8221;https:\/\/www.uniba.it&#8221; url_new_window=&#8221;on&#8221; force_fullwidth=&#8221;on&#8221; _builder_version=&#8221;4.21.0&#8243; _module_preset=&#8221;default&#8221; custom_margin=&#8221;-20px||||false|false&#8221; custom_padding=&#8221;45px|||||&#8221; global_colors_info=&#8221;{}&#8221;][\/et_pb_image][\/et_pb_column][et_pb_column type=&#8221;1_2&#8243; _builder_version=&#8221;4.21.0&#8243; _module_preset=&#8221;default&#8221; global_colors_info=&#8221;{}&#8221;][et_pb_image src=&#8221;https:\/\/informacitta.oristano.studioprogetto2.it\/wp-content\/uploads\/2023\/06\/Schermata-2023-06-27-alle-17.51.19.png&#8221; title_text=&#8221;Schermata 2023-06-27 alle 17.51.19&#8243; url=&#8221;https:\/\/www.unical.it&#8221; url_new_window=&#8221;on&#8221; force_fullwidth=&#8221;on&#8221; _builder_version=&#8221;4.21.0&#8243; _module_preset=&#8221;default&#8221; custom_padding=&#8221;52px|||||&#8221; global_colors_info=&#8221;{}&#8221;][\/et_pb_image][\/et_pb_column][\/et_pb_row][et_pb_row column_structure=&#8221;1_2,1_2&#8243; disabled_on=&#8221;off|off|on&#8221; _builder_version=&#8221;4.21.0&#8243; _module_preset=&#8221;default&#8221; width=&#8221;70%&#8221; custom_margin=&#8221;|125px||125px|false|true&#8221; module_alignment_tablet=&#8221;center&#8221; module_alignment_phone=&#8221;center&#8221; module_alignment_last_edited=&#8221;on|tablet&#8221; locked=&#8221;off&#8221; global_colors_info=&#8221;{}&#8221;][et_pb_column type=&#8221;1_2&#8243; _builder_version=&#8221;4.21.0&#8243; _module_preset=&#8221;default&#8221; global_colors_info=&#8221;{}&#8221;][et_pb_image src=&#8221;https:\/\/informacitta.oristano.studioprogetto2.it\/wp-content\/uploads\/2023\/06\/Schermata-2023-06-27-alle-17.52.30.png&#8221; title_text=&#8221;Schermata 2023-06-27 alle 17.52.30&#8243; url=&#8221;https:\/\/www.unifi.it&#8221; url_new_window=&#8221;on&#8221; force_fullwidth=&#8221;on&#8221; _builder_version=&#8221;4.21.0&#8243; _module_preset=&#8221;default&#8221; custom_margin=&#8221;-20px||||false|false&#8221; custom_padding=&#8221;45px|||||&#8221; global_colors_info=&#8221;{}&#8221;][\/et_pb_image][\/et_pb_column][et_pb_column type=&#8221;1_2&#8243; _builder_version=&#8221;4.21.0&#8243; _module_preset=&#8221;default&#8221; global_colors_info=&#8221;{}&#8221;][et_pb_image src=&#8221;https:\/\/informacitta.oristano.studioprogetto2.it\/wp-content\/uploads\/2023\/06\/Schermata-2023-06-27-alle-18.03.03.png&#8221; title_text=&#8221;Schermata 2023-06-27 alle 18.03.03&#8243; url=&#8221;https:\/\/www.unimarconi.it&#8221; url_new_window=&#8221;on&#8221; force_fullwidth=&#8221;on&#8221; _builder_version=&#8221;4.21.0&#8243; _module_preset=&#8221;default&#8221; custom_padding=&#8221;52px|||||&#8221; global_colors_info=&#8221;{}&#8221;][\/et_pb_image][\/et_pb_column][\/et_pb_row][et_pb_row column_structure=&#8221;1_2,1_2&#8243; disabled_on=&#8221;off|off|on&#8221; _builder_version=&#8221;4.21.0&#8243; _module_preset=&#8221;default&#8221; width=&#8221;70%&#8221; module_alignment=&#8221;center&#8221; custom_margin=&#8221;|125px||125px|false|true&#8221; locked=&#8221;off&#8221; global_colors_info=&#8221;{}&#8221;][et_pb_column type=&#8221;1_2&#8243; _builder_version=&#8221;4.21.0&#8243; _module_preset=&#8221;default&#8221; global_colors_info=&#8221;{}&#8221;][et_pb_image src=&#8221;https:\/\/informacitta.oristano.studioprogetto2.it\/wp-content\/uploads\/2023\/06\/Schermata-2023-06-27-alle-18.07.03.png&#8221; title_text=&#8221;Schermata 2023-06-27 alle 18.07.03&#8243; url=&#8221;https:\/\/www5.iuav.it\/homepage\/index.htm&#8221; url_new_window=&#8221;on&#8221; force_fullwidth=&#8221;on&#8221; _builder_version=&#8221;4.21.0&#8243; _module_preset=&#8221;default&#8221; custom_margin=&#8221;-20px||||false|false&#8221; custom_padding=&#8221;45px|||||&#8221; global_colors_info=&#8221;{}&#8221;][\/et_pb_image][\/et_pb_column][et_pb_column type=&#8221;1_2&#8243; _builder_version=&#8221;4.21.0&#8243; _module_preset=&#8221;default&#8221; global_colors_info=&#8221;{}&#8221;][et_pb_image src=&#8221;https:\/\/informacitta.oristano.studioprogetto2.it\/wp-content\/uploads\/2023\/06\/Schermata-2023-06-27-alle-18.08.37.png&#8221; title_text=&#8221;Schermata 2023-06-27 alle 18.08.37&#8243; url=&#8221;https:\/\/www.uniparthenope.it&#8221; force_fullwidth=&#8221;on&#8221; _builder_version=&#8221;4.21.0&#8243; _module_preset=&#8221;default&#8221; custom_padding=&#8221;52px|||||&#8221; global_colors_info=&#8221;{}&#8221;][\/et_pb_image][\/et_pb_column][\/et_pb_row][et_pb_row column_structure=&#8221;1_2,1_2&#8243; disabled_on=&#8221;off|off|on&#8221; _builder_version=&#8221;4.21.0&#8243; _module_preset=&#8221;default&#8221; width=&#8221;70%&#8221; module_alignment=&#8221;center&#8221; custom_margin=&#8221;|125px||125px|false|true&#8221; locked=&#8221;off&#8221; global_colors_info=&#8221;{}&#8221;][et_pb_column type=&#8221;1_2&#8243; _builder_version=&#8221;4.21.0&#8243; _module_preset=&#8221;default&#8221; global_colors_info=&#8221;{}&#8221;][et_pb_image src=&#8221;https:\/\/informacitta.oristano.studioprogetto2.it\/wp-content\/uploads\/2023\/06\/Schermata-2023-06-27-alle-18.10.22.png&#8221; title_text=&#8221;Schermata 2023-06-27 alle 18.10.22&#8243; url=&#8221;https:\/\/www.uniroma5.it&#8221; url_new_window=&#8221;on&#8221; force_fullwidth=&#8221;on&#8221; _builder_version=&#8221;4.21.0&#8243; _module_preset=&#8221;default&#8221; custom_margin=&#8221;-20px||||false|false&#8221; custom_padding=&#8221;45px|||||&#8221; global_colors_info=&#8221;{}&#8221;][\/et_pb_image][\/et_pb_column][et_pb_column type=&#8221;1_2&#8243; _builder_version=&#8221;4.21.0&#8243; _module_preset=&#8221;default&#8221; global_colors_info=&#8221;{}&#8221;][et_pb_image src=&#8221;https:\/\/informacitta.oristano.studioprogetto2.it\/wp-content\/uploads\/2023\/06\/Schermata-2023-06-27-alle-18.10.29.png&#8221; title_text=&#8221;Schermata 2023-06-27 alle 18.10.29&#8243; url=&#8221;http:\/\/www.poliba.it&#8221; url_new_window=&#8221;on&#8221; force_fullwidth=&#8221;on&#8221; _builder_version=&#8221;4.21.0&#8243; _module_preset=&#8221;default&#8221; custom_padding=&#8221;52px|||||&#8221; global_colors_info=&#8221;{}&#8221;][\/et_pb_image][\/et_pb_column][\/et_pb_row][et_pb_row column_structure=&#8221;1_2,1_2&#8243; disabled_on=&#8221;off|off|on&#8221; _builder_version=&#8221;4.21.0&#8243; _module_preset=&#8221;default&#8221; width=&#8221;70%&#8221; module_alignment=&#8221;center&#8221; custom_margin=&#8221;|125px||125px|false|true&#8221; locked=&#8221;off&#8221; global_colors_info=&#8221;{}&#8221;][et_pb_column type=&#8221;1_2&#8243; _builder_version=&#8221;4.21.0&#8243; _module_preset=&#8221;default&#8221; global_colors_info=&#8221;{}&#8221;][et_pb_image src=&#8221;https:\/\/informacitta.oristano.studioprogetto2.it\/wp-content\/uploads\/2023\/06\/Schermata-2023-06-27-alle-18.14.39.png&#8221; title_text=&#8221;Schermata 2023-06-27 alle 18.14.39&#8243; url=&#8221;https:\/\/www.unibg.it&#8221; url_new_window=&#8221;on&#8221; force_fullwidth=&#8221;on&#8221; _builder_version=&#8221;4.21.0&#8243; _module_preset=&#8221;default&#8221; custom_margin=&#8221;-20px||||false|false&#8221; custom_padding=&#8221;45px|||||&#8221; global_colors_info=&#8221;{}&#8221;][\/et_pb_image][\/et_pb_column][et_pb_column type=&#8221;1_2&#8243; _builder_version=&#8221;4.21.0&#8243; _module_preset=&#8221;default&#8221; global_colors_info=&#8221;{}&#8221;][et_pb_image src=&#8221;https:\/\/informacitta.oristano.studioprogetto2.it\/wp-content\/uploads\/2023\/06\/Schermata-2023-06-27-alle-18.14.52.png&#8221; title_text=&#8221;Schermata 2023-06-27 alle 18.14.52&#8243; url=&#8221;https:\/\/www.unibo.it\/it&#8221; url_new_window=&#8221;on&#8221; force_fullwidth=&#8221;on&#8221; _builder_version=&#8221;4.21.0&#8243; _module_preset=&#8221;default&#8221; custom_padding=&#8221;52px|||||&#8221; global_colors_info=&#8221;{}&#8221;][\/et_pb_image][\/et_pb_column][\/et_pb_row][et_pb_row column_structure=&#8221;1_2,1_2&#8243; disabled_on=&#8221;off|off|on&#8221; _builder_version=&#8221;4.21.0&#8243; _module_preset=&#8221;default&#8221; width=&#8221;70%&#8221; module_alignment=&#8221;center&#8221; custom_margin=&#8221;|125px||125px|false|true&#8221; locked=&#8221;off&#8221; global_colors_info=&#8221;{}&#8221;][et_pb_column type=&#8221;1_2&#8243; _builder_version=&#8221;4.21.0&#8243; _module_preset=&#8221;default&#8221; global_colors_info=&#8221;{}&#8221;][et_pb_image src=&#8221;https:\/\/informacitta.oristano.studioprogetto2.it\/wp-content\/uploads\/2023\/06\/Schermata-2023-06-27-alle-18.10.37.png&#8221; title_text=&#8221;Schermata 2023-06-27 alle 18.10.37&#8243; url=&#8221;https:\/\/portale.unibas.it\/site\/home.html&#8221; url_new_window=&#8221;on&#8221; force_fullwidth=&#8221;on&#8221; _builder_version=&#8221;4.21.0&#8243; _module_preset=&#8221;default&#8221; custom_margin=&#8221;-20px||||false|false&#8221; custom_padding=&#8221;45px|||||&#8221; global_colors_info=&#8221;{}&#8221;][\/et_pb_image][\/et_pb_column][et_pb_column type=&#8221;1_2&#8243; _builder_version=&#8221;4.21.0&#8243; _module_preset=&#8221;default&#8221; global_colors_info=&#8221;{}&#8221;][et_pb_image src=&#8221;https:\/\/informacitta.oristano.studioprogetto2.it\/wp-content\/uploads\/2023\/06\/Schermata-2023-06-27-alle-18.10.50.png&#8221; title_text=&#8221;Schermata 2023-06-27 alle 18.10.50&#8243; url=&#8221;https:\/\/www.unisannio.it\/it&#8221; url_new_window=&#8221;on&#8221; force_fullwidth=&#8221;on&#8221; _builder_version=&#8221;4.21.0&#8243; _module_preset=&#8221;default&#8221; custom_padding=&#8221;52px|||||&#8221; global_colors_info=&#8221;{}&#8221;][\/et_pb_image][\/et_pb_column][\/et_pb_row][et_pb_row column_structure=&#8221;1_2,1_2&#8243; disabled_on=&#8221;off|off|on&#8221; _builder_version=&#8221;4.21.0&#8243; _module_preset=&#8221;default&#8221; width=&#8221;70%&#8221; module_alignment=&#8221;center&#8221; custom_margin=&#8221;|125px||125px|false|true&#8221; locked=&#8221;off&#8221; global_colors_info=&#8221;{}&#8221;][et_pb_column type=&#8221;1_2&#8243; _builder_version=&#8221;4.21.0&#8243; _module_preset=&#8221;default&#8221; global_colors_info=&#8221;{}&#8221;][et_pb_image src=&#8221;https:\/\/informacitta.oristano.studioprogetto2.it\/wp-content\/uploads\/2023\/06\/Schermata-2023-06-27-alle-18.23.27.png&#8221; title_text=&#8221;Schermata 2023-06-27 alle 18.23.27&#8243; url=&#8221;https:\/\/www.unicampus.it\/it\/&#8221; url_new_window=&#8221;on&#8221; force_fullwidth=&#8221;on&#8221; disabled_on=&#8221;off|off|on&#8221; _builder_version=&#8221;4.21.0&#8243; _module_preset=&#8221;default&#8221; module_alignment=&#8221;center&#8221; custom_margin=&#8221;|1px||1px|false|true&#8221; global_colors_info=&#8221;{}&#8221;][\/et_pb_image][\/et_pb_column][et_pb_column type=&#8221;1_2&#8243; _builder_version=&#8221;4.21.0&#8243; _module_preset=&#8221;default&#8221; global_colors_info=&#8221;{}&#8221;][et_pb_image src=&#8221;https:\/\/informacitta.oristano.studioprogetto2.it\/wp-content\/uploads\/2023\/12\/Schermata-2023-12-11-alle-10.33.58.png&#8221; title_text=&#8221;Schermata 2023-12-11 alle 10.33.58&#8243; url=&#8221;https:\/\/www.unicas.it&#8221; url_new_window=&#8221;on&#8221; force_fullwidth=&#8221;on&#8221; _builder_version=&#8221;4.21.0&#8243; _module_preset=&#8221;default&#8221; custom_padding=&#8221;52px|||||&#8221; global_colors_info=&#8221;{}&#8221;][\/et_pb_image][\/et_pb_column][\/et_pb_row][et_pb_row column_structure=&#8221;1_2,1_2&#8243; disabled_on=&#8221;off|off|on&#8221; _builder_version=&#8221;4.21.0&#8243; _module_preset=&#8221;default&#8221; width=&#8221;70%&#8221; module_alignment=&#8221;center&#8221; custom_margin=&#8221;|125px||125px|false|true&#8221; locked=&#8221;off&#8221; global_colors_info=&#8221;{}&#8221;][et_pb_column type=&#8221;1_2&#8243; _builder_version=&#8221;4.21.0&#8243; _module_preset=&#8221;default&#8221; global_colors_info=&#8221;{}&#8221;][et_pb_image src=&#8221;https:\/\/informacitta.oristano.studioprogetto2.it\/wp-content\/uploads\/2023\/06\/Schermata-2023-06-27-alle-18.15.17.png&#8221; title_text=&#8221;Schermata 2023-06-27 alle 18.15.17&#8243; url=&#8221;https:\/\/www.unibz.it\/it\/&#8221; url_new_window=&#8221;on&#8221; force_fullwidth=&#8221;on&#8221; _builder_version=&#8221;4.21.0&#8243; _module_preset=&#8221;default&#8221; custom_margin=&#8221;-20px||||false|false&#8221; custom_padding=&#8221;45px|||||&#8221; global_colors_info=&#8221;{}&#8221;][\/et_pb_image][\/et_pb_column][et_pb_column type=&#8221;1_2&#8243; _builder_version=&#8221;4.21.0&#8243; _module_preset=&#8221;default&#8221; global_colors_info=&#8221;{}&#8221;][et_pb_image src=&#8221;https:\/\/informacitta.oristano.studioprogetto2.it\/wp-content\/uploads\/2023\/06\/Schermata-2023-06-27-alle-18.15.28.png&#8221; title_text=&#8221;Schermata 2023-06-27 alle 18.15.28&#8243; url=&#8221;https:\/\/www.unibs.it\/it&#8221; url_new_window=&#8221;on&#8221; force_fullwidth=&#8221;on&#8221; _builder_version=&#8221;4.21.0&#8243; _module_preset=&#8221;default&#8221; custom_padding=&#8221;52px|||||&#8221; global_colors_info=&#8221;{}&#8221;][\/et_pb_image][\/et_pb_column][\/et_pb_row][et_pb_row column_structure=&#8221;1_2,1_2&#8243; disabled_on=&#8221;off|off|on&#8221; _builder_version=&#8221;4.21.0&#8243; _module_preset=&#8221;default&#8221; width=&#8221;70%&#8221; module_alignment=&#8221;center&#8221; custom_margin=&#8221;|125px||125px|false|true&#8221; locked=&#8221;off&#8221; global_colors_info=&#8221;{}&#8221;][et_pb_column type=&#8221;1_2&#8243; _builder_version=&#8221;4.21.0&#8243; _module_preset=&#8221;default&#8221; global_colors_info=&#8221;{}&#8221;][et_pb_image src=&#8221;https:\/\/informacitta.oristano.studioprogetto2.it\/wp-content\/uploads\/2023\/06\/Schermata-2023-06-27-alle-18.27.57.png&#8221; title_text=&#8221;Schermata 2023-06-27 alle 18.27.57&#8243; url=&#8221;https:\/\/www.unive.it&#8221; force_fullwidth=&#8221;on&#8221; _builder_version=&#8221;4.21.0&#8243; _module_preset=&#8221;default&#8221; custom_margin=&#8221;-20px||||false|false&#8221; custom_padding=&#8221;45px|||||&#8221; global_colors_info=&#8221;{}&#8221;][\/et_pb_image][\/et_pb_column][et_pb_column type=&#8221;1_2&#8243; _builder_version=&#8221;4.21.0&#8243; _module_preset=&#8221;default&#8221; global_colors_info=&#8221;{}&#8221;][et_pb_image src=&#8221;https:\/\/informacitta.oristano.studioprogetto2.it\/wp-content\/uploads\/2023\/06\/Schermata-2023-06-27-alle-18.28.07.png&#8221; title_text=&#8221;Schermata 2023-06-27 alle 18.28.07&#8243; url=&#8221;https:\/\/www.unicam.it&#8221; url_new_window=&#8221;on&#8221; force_fullwidth=&#8221;on&#8221; _builder_version=&#8221;4.21.0&#8243; _module_preset=&#8221;default&#8221; custom_padding=&#8221;47px|||||&#8221; global_colors_info=&#8221;{}&#8221;][\/et_pb_image][\/et_pb_column][\/et_pb_row][et_pb_row column_structure=&#8221;1_2,1_2&#8243; disabled_on=&#8221;off|off|on&#8221; _builder_version=&#8221;4.21.0&#8243; _module_preset=&#8221;default&#8221; width=&#8221;70%&#8221; module_alignment=&#8221;center&#8221; custom_margin=&#8221;|125px||125px|false|true&#8221; locked=&#8221;off&#8221; global_colors_info=&#8221;{}&#8221;][et_pb_column type=&#8221;1_2&#8243; _builder_version=&#8221;4.21.0&#8243; _module_preset=&#8221;default&#8221; global_colors_info=&#8221;{}&#8221;][et_pb_image src=&#8221;https:\/\/informacitta.oristano.studioprogetto2.it\/wp-content\/uploads\/2023\/06\/Schermata-2023-06-27-alle-18.32.24.png&#8221; title_text=&#8221;Schermata 2023-06-27 alle 18.32.24&#8243; url=&#8221;https:\/\/www.unicatt.it&#8221; url_new_window=&#8221;on&#8221; force_fullwidth=&#8221;on&#8221; _builder_version=&#8221;4.21.0&#8243; _module_preset=&#8221;default&#8221; custom_margin=&#8221;-20px||||false|false&#8221; custom_padding=&#8221;45px|||||&#8221; global_colors_info=&#8221;{}&#8221;][\/et_pb_image][\/et_pb_column][et_pb_column type=&#8221;1_2&#8243; _builder_version=&#8221;4.21.0&#8243; _module_preset=&#8221;default&#8221; global_colors_info=&#8221;{}&#8221;][et_pb_image src=&#8221;https:\/\/informacitta.oristano.studioprogetto2.it\/wp-content\/uploads\/2023\/06\/Schermata-2023-06-27-alle-18.32.40.png&#8221; title_text=&#8221;Schermata 2023-06-27 alle 18.32.40&#8243; url=&#8221;https:\/\/www.unich.it&#8221; url_new_window=&#8221;on&#8221; force_fullwidth=&#8221;on&#8221; _builder_version=&#8221;4.21.0&#8243; _module_preset=&#8221;default&#8221; custom_padding=&#8221;52px|||||&#8221; global_colors_info=&#8221;{}&#8221;][\/et_pb_image][\/et_pb_column][\/et_pb_row][et_pb_row column_structure=&#8221;1_2,1_2&#8243; disabled_on=&#8221;off|off|on&#8221; _builder_version=&#8221;4.21.0&#8243; _module_preset=&#8221;default&#8221; width=&#8221;70%&#8221; module_alignment=&#8221;center&#8221; custom_margin=&#8221;|125px||125px|false|true&#8221; locked=&#8221;off&#8221; global_colors_info=&#8221;{}&#8221;][et_pb_column type=&#8221;1_2&#8243; _builder_version=&#8221;4.21.0&#8243; _module_preset=&#8221;default&#8221; global_colors_info=&#8221;{}&#8221;][et_pb_image src=&#8221;https:\/\/informacitta.oristano.studioprogetto2.it\/wp-content\/uploads\/2023\/06\/Schermata-2023-06-27-alle-18.32.49.png&#8221; title_text=&#8221;Schermata 2023-06-27 alle 18.32.49&#8243; url=&#8221;https:\/\/unikore.it&#8221; url_new_window=&#8221;on&#8221; force_fullwidth=&#8221;on&#8221; _builder_version=&#8221;4.21.0&#8243; _module_preset=&#8221;default&#8221; custom_margin=&#8221;-20px||||false|false&#8221; custom_padding=&#8221;45px|||||&#8221; global_colors_info=&#8221;{}&#8221;][\/et_pb_image][\/et_pb_column][et_pb_column type=&#8221;1_2&#8243; _builder_version=&#8221;4.21.0&#8243; _module_preset=&#8221;default&#8221; global_colors_info=&#8221;{}&#8221;][et_pb_image src=&#8221;https:\/\/informacitta.oristano.studioprogetto2.it\/wp-content\/uploads\/2023\/06\/Schermata-2023-06-27-alle-18.33.00.png&#8221; title_text=&#8221;Schermata 2023-06-27 alle 18.33.00&#8243; url=&#8221;https:\/\/www.universitaeuropeadiroma.itc&#8221; url_new_window=&#8221;on&#8221; force_fullwidth=&#8221;on&#8221; _builder_version=&#8221;4.21.0&#8243; _module_preset=&#8221;default&#8221; custom_padding=&#8221;52px|||||&#8221; global_colors_info=&#8221;{}&#8221;][\/et_pb_image][\/et_pb_column][\/et_pb_row][et_pb_row column_structure=&#8221;1_2,1_2&#8243; disabled_on=&#8221;off|off|on&#8221; _builder_version=&#8221;4.21.0&#8243; _module_preset=&#8221;default&#8221; width=&#8221;70%&#8221; module_alignment=&#8221;center&#8221; custom_margin=&#8221;|125px||125px|false|true&#8221; locked=&#8221;off&#8221; global_colors_info=&#8221;{}&#8221;][et_pb_column type=&#8221;1_2&#8243; _builder_version=&#8221;4.21.0&#8243; _module_preset=&#8221;default&#8221; global_colors_info=&#8221;{}&#8221;][et_pb_image src=&#8221;https:\/\/informacitta.oristano.studioprogetto2.it\/wp-content\/uploads\/2023\/06\/Schermata-2023-06-27-alle-18.40.28.png&#8221; title_text=&#8221;Schermata 2023-06-27 alle 18.40.28&#8243; url=&#8221;https:\/\/www.unife.it\/it&#8221; url_new_window=&#8221;on&#8221; force_fullwidth=&#8221;on&#8221; _builder_version=&#8221;4.21.0&#8243; _module_preset=&#8221;default&#8221; custom_margin=&#8221;-20px||||false|false&#8221; custom_padding=&#8221;45px|||||&#8221; global_colors_info=&#8221;{}&#8221;][\/et_pb_image][\/et_pb_column][et_pb_column type=&#8221;1_2&#8243; _builder_version=&#8221;4.21.0&#8243; _module_preset=&#8221;default&#8221; global_colors_info=&#8221;{}&#8221;][et_pb_image src=&#8221;https:\/\/informacitta.oristano.studioprogetto2.it\/wp-content\/uploads\/2023\/06\/Schermata-2023-06-27-alle-18.40.36.png&#8221; title_text=&#8221;Schermata 2023-06-27 alle 18.40.36&#8243; url=&#8221;https:\/\/www.unifg.it\/it&#8221; url_new_window=&#8221;on&#8221; force_fullwidth=&#8221;on&#8221; _builder_version=&#8221;4.21.0&#8243; _module_preset=&#8221;default&#8221; custom_padding=&#8221;46px|||||&#8221; global_colors_info=&#8221;{}&#8221;][\/et_pb_image][\/et_pb_column][\/et_pb_row][et_pb_row column_structure=&#8221;1_2,1_2&#8243; disabled_on=&#8221;off|off|on&#8221; _builder_version=&#8221;4.21.0&#8243; _module_preset=&#8221;default&#8221; width=&#8221;70%&#8221; module_alignment=&#8221;center&#8221; custom_margin=&#8221;|125px||125px|false|true&#8221; locked=&#8221;off&#8221; global_colors_info=&#8221;{}&#8221;][et_pb_column type=&#8221;1_2&#8243; _builder_version=&#8221;4.21.0&#8243; _module_preset=&#8221;default&#8221; global_colors_info=&#8221;{}&#8221;][et_pb_image src=&#8221;https:\/\/informacitta.oristano.studioprogetto2.it\/wp-content\/uploads\/2023\/06\/Schermata-2023-06-27-alle-18.40.49.png&#8221; title_text=&#8221;Schermata 2023-06-27 alle 18.40.49&#8243; url=&#8221;http:\/\/www.uniroma4.it&#8221; url_new_window=&#8221;on&#8221; force_fullwidth=&#8221;on&#8221; _builder_version=&#8221;4.21.0&#8243; _module_preset=&#8221;default&#8221; custom_margin=&#8221;-20px||||false|false&#8221; custom_padding=&#8221;45px|||||&#8221; global_colors_info=&#8221;{}&#8221;][\/et_pb_image][\/et_pb_column][et_pb_column type=&#8221;1_2&#8243; _builder_version=&#8221;4.21.0&#8243; _module_preset=&#8221;default&#8221; global_colors_info=&#8221;{}&#8221;][et_pb_image src=&#8221;https:\/\/informacitta.oristano.studioprogetto2.it\/wp-content\/uploads\/2023\/06\/Schermata-2023-06-27-alle-18.41.00.png&#8221; title_text=&#8221;Schermata 2023-06-27 alle 18.41.00&#8243; url=&#8221;https:\/\/unige.it&#8221; url_new_window=&#8221;on&#8221; force_fullwidth=&#8221;on&#8221; _builder_version=&#8221;4.21.0&#8243; _module_preset=&#8221;default&#8221; custom_padding=&#8221;52px|||||&#8221; global_colors_info=&#8221;{}&#8221;][\/et_pb_image][\/et_pb_column][\/et_pb_row][et_pb_row column_structure=&#8221;1_2,1_2&#8243; disabled_on=&#8221;off|off|on&#8221; _builder_version=&#8221;4.21.0&#8243; _module_preset=&#8221;default&#8221; width=&#8221;70%&#8221; module_alignment=&#8221;center&#8221; custom_margin=&#8221;|125px||125px|false|true&#8221; locked=&#8221;off&#8221; global_colors_info=&#8221;{}&#8221;][et_pb_column type=&#8221;1_2&#8243; _builder_version=&#8221;4.21.0&#8243; _module_preset=&#8221;default&#8221; global_colors_info=&#8221;{}&#8221;][et_pb_image src=&#8221;https:\/\/informacitta.oristano.studioprogetto2.it\/wp-content\/uploads\/2023\/06\/Schermata-2023-06-27-alle-18.44.42.png&#8221; title_text=&#8221;Schermata 2023-06-27 alle 18.44.42&#8243; url=&#8221;https:\/\/www.uninsubria.it&#8221; url_new_window=&#8221;on&#8221; force_fullwidth=&#8221;on&#8221; _builder_version=&#8221;4.21.0&#8243; _module_preset=&#8221;default&#8221; custom_margin=&#8221;-20px||||false|false&#8221; custom_padding=&#8221;45px|||||&#8221; global_colors_info=&#8221;{}&#8221;][\/et_pb_image][\/et_pb_column][et_pb_column type=&#8221;1_2&#8243; _builder_version=&#8221;4.21.0&#8243; _module_preset=&#8221;default&#8221; global_colors_info=&#8221;{}&#8221;][et_pb_image src=&#8221;https:\/\/informacitta.oristano.studioprogetto2.it\/wp-content\/uploads\/2023\/06\/Schermata-2023-06-27-alle-18.44.50.png&#8221; title_text=&#8221;Schermata 2023-06-27 alle 18.44.50&#8243; url=&#8221;https:\/\/www.unifortunato.eu&#8221; url_new_window=&#8221;on&#8221; force_fullwidth=&#8221;on&#8221; _builder_version=&#8221;4.21.0&#8243; _module_preset=&#8221;default&#8221; custom_padding=&#8221;52px|||||&#8221; global_colors_info=&#8221;{}&#8221;][\/et_pb_image][\/et_pb_column][\/et_pb_row][et_pb_row column_structure=&#8221;1_2,1_2&#8243; disabled_on=&#8221;off|off|on&#8221; _builder_version=&#8221;4.21.0&#8243; _module_preset=&#8221;default&#8221; width=&#8221;70%&#8221; module_alignment=&#8221;center&#8221; custom_margin=&#8221;|125px||125px|false|true&#8221; locked=&#8221;off&#8221; global_colors_info=&#8221;{}&#8221;][et_pb_column type=&#8221;1_2&#8243; _builder_version=&#8221;4.21.0&#8243; _module_preset=&#8221;default&#8221; global_colors_info=&#8221;{}&#8221;][et_pb_image src=&#8221;https:\/\/informacitta.oristano.studioprogetto2.it\/wp-content\/uploads\/2023\/06\/Schermata-2023-06-27-alle-18.44.57.png&#8221; title_text=&#8221;Schermata 2023-06-27 alle 18.44.57&#8243; url=&#8221;https:\/\/www.iuline.it&#8221; url_new_window=&#8221;on&#8221; force_fullwidth=&#8221;on&#8221; _builder_version=&#8221;4.21.0&#8243; _module_preset=&#8221;default&#8221; custom_margin=&#8221;-20px||||false|false&#8221; custom_padding=&#8221;45px|||||&#8221; global_colors_info=&#8221;{}&#8221;][\/et_pb_image][\/et_pb_column][et_pb_column type=&#8221;1_2&#8243; _builder_version=&#8221;4.21.0&#8243; _module_preset=&#8221;default&#8221; global_colors_info=&#8221;{}&#8221;][et_pb_image src=&#8221;https:\/\/informacitta.oristano.studioprogetto2.it\/wp-content\/uploads\/2023\/06\/Schermata-2023-06-27-alle-18.50.35.png&#8221; title_text=&#8221;Schermata 2023-06-27 alle 18.50.35&#8243; url=&#8221;https:\/\/www.uniroma1.it\/it\/&#8221; url_new_window=&#8221;on&#8221; force_fullwidth=&#8221;on&#8221; _builder_version=&#8221;4.21.0&#8243; _module_preset=&#8221;default&#8221; custom_padding=&#8221;52px|||||&#8221; global_colors_info=&#8221;{}&#8221;][\/et_pb_image][\/et_pb_column][\/et_pb_row][et_pb_row column_structure=&#8221;1_2,1_2&#8243; disabled_on=&#8221;off|off|on&#8221; _builder_version=&#8221;4.21.0&#8243; _module_preset=&#8221;default&#8221; width=&#8221;70%&#8221; module_alignment=&#8221;center&#8221; custom_margin=&#8221;|125px||125px|false|true&#8221; locked=&#8221;off&#8221; global_colors_info=&#8221;{}&#8221;][et_pb_column type=&#8221;1_2&#8243; _builder_version=&#8221;4.21.0&#8243; _module_preset=&#8221;default&#8221; global_colors_info=&#8221;{}&#8221;][et_pb_image src=&#8221;https:\/\/informacitta.oristano.studioprogetto2.it\/wp-content\/uploads\/2023\/06\/Schermata-2023-06-27-alle-18.56.30.png&#8221; title_text=&#8221;Schermata 2023-06-27 alle 18.56.30&#8243; url=&#8221;https:\/\/www.univaq.it&#8221; url_new_window=&#8221;on&#8221; force_fullwidth=&#8221;on&#8221; _builder_version=&#8221;4.21.0&#8243; _module_preset=&#8221;default&#8221; custom_margin=&#8221;-20px||||false|false&#8221; custom_padding=&#8221;45px|||||&#8221; global_colors_info=&#8221;{}&#8221;][\/et_pb_image][\/et_pb_column][et_pb_column type=&#8221;1_2&#8243; _builder_version=&#8221;4.21.0&#8243; _module_preset=&#8221;default&#8221; global_colors_info=&#8221;{}&#8221;][et_pb_image src=&#8221;https:\/\/informacitta.oristano.studioprogetto2.it\/wp-content\/uploads\/2023\/06\/Schermata-2023-06-27-alle-18.56.54.png&#8221; title_text=&#8221;Schermata 2023-06-27 alle 18.56.54&#8243; url=&#8221;https:\/\/www.liuc.it&#8221; url_new_window=&#8221;on&#8221; force_fullwidth=&#8221;on&#8221; _builder_version=&#8221;4.21.0&#8243; _module_preset=&#8221;default&#8221; custom_padding=&#8221;52px|||||&#8221; global_colors_info=&#8221;{}&#8221;][\/et_pb_image][\/et_pb_column][\/et_pb_row][et_pb_row column_structure=&#8221;1_2,1_2&#8243; disabled_on=&#8221;off|off|on&#8221; _builder_version=&#8221;4.21.0&#8243; _module_preset=&#8221;default&#8221; width=&#8221;70%&#8221; module_alignment=&#8221;center&#8221; custom_margin=&#8221;|125px||125px|false|true&#8221; locked=&#8221;off&#8221; global_colors_info=&#8221;{}&#8221;][et_pb_column type=&#8221;1_2&#8243; _builder_version=&#8221;4.21.0&#8243; _module_preset=&#8221;default&#8221; global_colors_info=&#8221;{}&#8221;][et_pb_image src=&#8221;https:\/\/informacitta.oristano.studioprogetto2.it\/wp-content\/uploads\/2023\/06\/Schermata-2023-06-27-alle-18.57.30.png&#8221; title_text=&#8221;Schermata 2023-06-27 alle 18.57.30&#8243; url=&#8221;https:\/\/www.imtlucca.it&#8221; url_new_window=&#8221;on&#8221; force_fullwidth=&#8221;on&#8221; _builder_version=&#8221;4.21.0&#8243; _module_preset=&#8221;default&#8221; custom_margin=&#8221;-20px||||false|false&#8221; custom_padding=&#8221;45px|||||&#8221; global_colors_info=&#8221;{}&#8221;][\/et_pb_image][\/et_pb_column][et_pb_column type=&#8221;1_2&#8243; _builder_version=&#8221;4.21.0&#8243; _module_preset=&#8221;default&#8221; global_colors_info=&#8221;{}&#8221;][et_pb_image src=&#8221;https:\/\/informacitta.oristano.studioprogetto2.it\/wp-content\/uploads\/2023\/06\/Schermata-2023-06-27-alle-18.57.42.png&#8221; title_text=&#8221;Schermata 2023-06-27 alle 18.57.42&#8243; url=&#8221;https:\/\/www.salonedellostudente.it\/atenei\/universita-lum-giuseppe-degennaro\/&#8221; url_new_window=&#8221;on&#8221; force_fullwidth=&#8221;on&#8221; _builder_version=&#8221;4.21.0&#8243; _module_preset=&#8221;default&#8221; custom_padding=&#8221;52px|||||&#8221; global_colors_info=&#8221;{}&#8221;][\/et_pb_image][\/et_pb_column][\/et_pb_row][et_pb_row column_structure=&#8221;1_2,1_2&#8243; disabled_on=&#8221;off|off|on&#8221; _builder_version=&#8221;4.21.0&#8243; _module_preset=&#8221;default&#8221; width=&#8221;70%&#8221; module_alignment=&#8221;center&#8221; custom_margin=&#8221;|125px||125px|false|true&#8221; locked=&#8221;off&#8221; global_colors_info=&#8221;{}&#8221;][et_pb_column type=&#8221;1_2&#8243; _builder_version=&#8221;4.21.0&#8243; _module_preset=&#8221;default&#8221; global_colors_info=&#8221;{}&#8221;][et_pb_image src=&#8221;https:\/\/informacitta.oristano.studioprogetto2.it\/wp-content\/uploads\/2023\/06\/Schermata-2023-06-27-alle-19.13.30.png&#8221; title_text=&#8221;Schermata 2023-06-27 alle 19.13.30&#8243; url=&#8221;https:\/\/www.unimc.it\/it&#8221; url_new_window=&#8221;on&#8221; force_fullwidth=&#8221;on&#8221; _builder_version=&#8221;4.21.0&#8243; _module_preset=&#8221;default&#8221; custom_margin=&#8221;-20px||||false|false&#8221; custom_padding=&#8221;45px|||||&#8221; global_colors_info=&#8221;{}&#8221;][\/et_pb_image][\/et_pb_column][et_pb_column type=&#8221;1_2&#8243; _builder_version=&#8221;4.21.0&#8243; _module_preset=&#8221;default&#8221; global_colors_info=&#8221;{}&#8221;][et_pb_image src=&#8221;https:\/\/informacitta.oristano.studioprogetto2.it\/wp-content\/uploads\/2023\/06\/Schermata-2023-06-27-alle-19.05.38.png&#8221; title_text=&#8221;Schermata 2023-06-27 alle 19.05.38&#8243; url=&#8221;https:\/\/www.univpm.it\/Entra\/&#8221; url_new_window=&#8221;on&#8221; force_fullwidth=&#8221;on&#8221; _builder_version=&#8221;4.21.0&#8243; _module_preset=&#8221;default&#8221; custom_padding=&#8221;52px|||||&#8221; global_colors_info=&#8221;{}&#8221;][\/et_pb_image][\/et_pb_column][\/et_pb_row][et_pb_row column_structure=&#8221;1_2,1_2&#8243; disabled_on=&#8221;off|off|on&#8221; _builder_version=&#8221;4.21.0&#8243; _module_preset=&#8221;default&#8221; width=&#8221;70%&#8221; module_alignment=&#8221;center&#8221; custom_margin=&#8221;|125px||125px|false|true&#8221; locked=&#8221;off&#8221; global_colors_info=&#8221;{}&#8221;][et_pb_column type=&#8221;1_2&#8243; _builder_version=&#8221;4.21.0&#8243; _module_preset=&#8221;default&#8221; global_colors_info=&#8221;{}&#8221;][et_pb_image src=&#8221;https:\/\/informacitta.oristano.studioprogetto2.it\/wp-content\/uploads\/2023\/06\/Schermata-2023-06-27-alle-19.05.10.png&#8221; title_text=&#8221;Schermata 2023-06-27 alle 19.05.10&#8243; url=&#8221;https:\/\/www.google.com\/search?client=safari&#038;rls=en&#038;q=luiss+guido+carli&#038;ie=UTF-8&#038;oe=UTF-8&#8243; url_new_window=&#8221;on&#8221; force_fullwidth=&#8221;on&#8221; _builder_version=&#8221;4.21.0&#8243; _module_preset=&#8221;default&#8221; custom_margin=&#8221;-20px||||false|false&#8221; custom_padding=&#8221;45px|||||&#8221; global_colors_info=&#8221;{}&#8221;][\/et_pb_image][\/et_pb_column][et_pb_column type=&#8221;1_2&#8243; _builder_version=&#8221;4.21.0&#8243; _module_preset=&#8221;default&#8221; global_colors_info=&#8221;{}&#8221;][et_pb_image src=&#8221;https:\/\/informacitta.oristano.studioprogetto2.it\/wp-content\/uploads\/2023\/06\/Schermata-2023-06-27-alle-19.05.21.png&#8221; title_text=&#8221;Schermata 2023-06-27 alle 19.05.21&#8243; url=&#8221;https:\/\/www.lumsa.it&#8221; url_new_window=&#8221;on&#8221; force_fullwidth=&#8221;on&#8221; _builder_version=&#8221;4.21.0&#8243; _module_preset=&#8221;default&#8221; custom_padding=&#8221;52px|||||&#8221; global_colors_info=&#8221;{}&#8221;][\/et_pb_image][\/et_pb_column][\/et_pb_row][et_pb_row column_structure=&#8221;1_2,1_2&#8243; disabled_on=&#8221;off|off|on&#8221; _builder_version=&#8221;4.21.0&#8243; _module_preset=&#8221;default&#8221; width=&#8221;70%&#8221; module_alignment=&#8221;center&#8221; custom_margin=&#8221;|125px||125px|false|true&#8221; locked=&#8221;off&#8221; global_colors_info=&#8221;{}&#8221;][et_pb_column type=&#8221;1_2&#8243; _builder_version=&#8221;4.21.0&#8243; _module_preset=&#8221;default&#8221; global_colors_info=&#8221;{}&#8221;][et_pb_image src=&#8221;https:\/\/informacitta.oristano.studioprogetto2.it\/wp-content\/uploads\/2023\/06\/Schermata-2023-06-28-alle-10.02.43.png&#8221; title_text=&#8221;Schermata 2023-06-28 alle 10.02.43&#8243; url=&#8221;https:\/\/www.unimercatorum.it&#8221; url_new_window=&#8221;on&#8221; force_fullwidth=&#8221;on&#8221; _builder_version=&#8221;4.21.0&#8243; _module_preset=&#8221;default&#8221; custom_margin=&#8221;-20px||||false|false&#8221; custom_padding=&#8221;45px|||||&#8221; global_colors_info=&#8221;{}&#8221;][\/et_pb_image][\/et_pb_column][et_pb_column type=&#8221;1_2&#8243; _builder_version=&#8221;4.21.0&#8243; _module_preset=&#8221;default&#8221; global_colors_info=&#8221;{}&#8221;][et_pb_image src=&#8221;https:\/\/informacitta.oristano.studioprogetto2.it\/wp-content\/uploads\/2023\/06\/Schermata-2023-06-28-alle-10.02.56.png&#8221; title_text=&#8221;Schermata 2023-06-28 alle 10.02.56&#8243; url=&#8221;https:\/\/www.unime.it&#8221; url_new_window=&#8221;on&#8221; force_fullwidth=&#8221;on&#8221; _builder_version=&#8221;4.21.0&#8243; _module_preset=&#8221;default&#8221; custom_padding=&#8221;52px|||||&#8221; global_colors_info=&#8221;{}&#8221;][\/et_pb_image][\/et_pb_column][\/et_pb_row][et_pb_row column_structure=&#8221;1_2,1_2&#8243; disabled_on=&#8221;off|off|on&#8221; _builder_version=&#8221;4.21.0&#8243; _module_preset=&#8221;default&#8221; width=&#8221;70%&#8221; module_alignment=&#8221;center&#8221; custom_margin=&#8221;|125px||125px|false|true&#8221; locked=&#8221;off&#8221; global_colors_info=&#8221;{}&#8221;][et_pb_column type=&#8221;1_2&#8243; _builder_version=&#8221;4.21.0&#8243; _module_preset=&#8221;default&#8221; global_colors_info=&#8221;{}&#8221;][et_pb_image src=&#8221;https:\/\/informacitta.oristano.studioprogetto2.it\/wp-content\/uploads\/2023\/06\/Schermata-2023-06-28-alle-10.03.12.png&#8221; title_text=&#8221;Schermata 2023-06-28 alle 10.03.12&#8243; url=&#8221;https:\/\/www.unimi.it\/it&#8221; force_fullwidth=&#8221;on&#8221; _builder_version=&#8221;4.21.0&#8243; _module_preset=&#8221;default&#8221; custom_margin=&#8221;-20px||||false|false&#8221; custom_padding=&#8221;45px|||||&#8221; global_colors_info=&#8221;{}&#8221;][\/et_pb_image][\/et_pb_column][et_pb_column type=&#8221;1_2&#8243; _builder_version=&#8221;4.21.0&#8243; _module_preset=&#8221;default&#8221; global_colors_info=&#8221;{}&#8221;][et_pb_image src=&#8221;https:\/\/informacitta.oristano.studioprogetto2.it\/wp-content\/uploads\/2023\/06\/Schermata-2023-06-28-alle-10.03.23.png&#8221; title_text=&#8221;Schermata 2023-06-28 alle 10.03.23&#8243; url=&#8221;https:\/\/www.unimib.it&#8221; url_new_window=&#8221;on&#8221; force_fullwidth=&#8221;on&#8221; _builder_version=&#8221;4.21.0&#8243; _module_preset=&#8221;default&#8221; custom_padding=&#8221;52px|||||&#8221; global_colors_info=&#8221;{}&#8221;][\/et_pb_image][\/et_pb_column][\/et_pb_row][et_pb_row column_structure=&#8221;1_2,1_2&#8243; disabled_on=&#8221;off|off|on&#8221; _builder_version=&#8221;4.21.0&#8243; _module_preset=&#8221;default&#8221; width=&#8221;70%&#8221; module_alignment=&#8221;center&#8221; custom_margin=&#8221;|125px||125px|false|true&#8221; locked=&#8221;off&#8221; global_colors_info=&#8221;{}&#8221;][et_pb_column type=&#8221;1_2&#8243; _builder_version=&#8221;4.21.0&#8243; _module_preset=&#8221;default&#8221; global_colors_info=&#8221;{}&#8221;][et_pb_image src=&#8221;https:\/\/informacitta.oristano.studioprogetto2.it\/wp-content\/uploads\/2023\/06\/Schermata-2023-06-28-alle-10.09.16.png&#8221; title_text=&#8221;Schermata 2023-06-28 alle 10.09.16&#8243; url=&#8221;https:\/\/www.unibocconi.it\/wps\/wcm\/connect\/bocconi\/sitopubblico_it\/albero+di+navigazione\/home&#8221; url_new_window=&#8221;on&#8221; force_fullwidth=&#8221;on&#8221; _builder_version=&#8221;4.21.0&#8243; _module_preset=&#8221;default&#8221; custom_margin=&#8221;-20px||||false|false&#8221; custom_padding=&#8221;45px|||||&#8221; global_colors_info=&#8221;{}&#8221;][\/et_pb_image][\/et_pb_column][et_pb_column type=&#8221;1_2&#8243; _builder_version=&#8221;4.21.0&#8243; _module_preset=&#8221;default&#8221; global_colors_info=&#8221;{}&#8221;][et_pb_image src=&#8221;https:\/\/informacitta.oristano.studioprogetto2.it\/wp-content\/uploads\/2023\/06\/Schermata-2023-06-28-alle-10.09.23.png&#8221; title_text=&#8221;Schermata 2023-06-28 alle 10.09.23&#8243; url=&#8221;https:\/\/www.iulm.it\/it\/home&#8221; url_new_window=&#8221;on&#8221; force_fullwidth=&#8221;on&#8221; _builder_version=&#8221;4.21.0&#8243; _module_preset=&#8221;default&#8221; custom_padding=&#8221;52px|||||&#8221; global_colors_info=&#8221;{}&#8221;][\/et_pb_image][\/et_pb_column][\/et_pb_row][et_pb_row column_structure=&#8221;1_2,1_2&#8243; disabled_on=&#8221;off|off|on&#8221; _builder_version=&#8221;4.21.0&#8243; _module_preset=&#8221;default&#8221; width=&#8221;70%&#8221; custom_margin=&#8221;|125px||125px|false|true&#8221; locked=&#8221;off&#8221; global_colors_info=&#8221;{}&#8221;][et_pb_column type=&#8221;1_2&#8243; _builder_version=&#8221;4.21.0&#8243; _module_preset=&#8221;default&#8221; global_colors_info=&#8221;{}&#8221;][et_pb_image src=&#8221;https:\/\/informacitta.oristano.studioprogetto2.it\/wp-content\/uploads\/2023\/06\/Schermata-2023-06-28-alle-10.09.35.png&#8221; title_text=&#8221;Schermata 2023-06-28 alle 10.09.35&#8243; url=&#8221;https:\/\/www.polimi.it&#8221; url_new_window=&#8221;on&#8221; force_fullwidth=&#8221;on&#8221; _builder_version=&#8221;4.21.0&#8243; _module_preset=&#8221;default&#8221; custom_margin=&#8221;-20px||||false|false&#8221; custom_padding=&#8221;45px|||||&#8221; global_colors_info=&#8221;{}&#8221;][\/et_pb_image][\/et_pb_column][et_pb_column type=&#8221;1_2&#8243; _builder_version=&#8221;4.21.0&#8243; _module_preset=&#8221;default&#8221; global_colors_info=&#8221;{}&#8221;][et_pb_image src=&#8221;https:\/\/informacitta.oristano.studioprogetto2.it\/wp-content\/uploads\/2023\/06\/Schermata-2023-06-28-alle-10.09.46.png&#8221; title_text=&#8221;Schermata 2023-06-28 alle 10.09.46&#8243; url=&#8221;https:\/\/www.unisr.it&#8221; url_new_window=&#8221;on&#8221; force_fullwidth=&#8221;on&#8221; _builder_version=&#8221;4.21.0&#8243; _module_preset=&#8221;default&#8221; custom_padding=&#8221;52px|||||&#8221; global_colors_info=&#8221;{}&#8221;][\/et_pb_image][\/et_pb_column][\/et_pb_row][et_pb_row column_structure=&#8221;1_2,1_2&#8243; disabled_on=&#8221;off|off|on&#8221; _builder_version=&#8221;4.21.0&#8243; _module_preset=&#8221;default&#8221; width=&#8221;70%&#8221; module_alignment=&#8221;center&#8221; custom_margin=&#8221;|125px||125px|false|true&#8221; locked=&#8221;off&#8221; global_colors_info=&#8221;{}&#8221;][et_pb_column type=&#8221;1_2&#8243; _builder_version=&#8221;4.21.0&#8243; _module_preset=&#8221;default&#8221; global_colors_info=&#8221;{}&#8221;][et_pb_image src=&#8221;https:\/\/informacitta.oristano.studioprogetto2.it\/wp-content\/uploads\/2023\/06\/Schermata-2023-06-28-alle-10.16.41.png&#8221; title_text=&#8221;Schermata 2023-06-28 alle 10.16.41&#8243; url=&#8221;https:\/\/www.unimore.it&#8221; url_new_window=&#8221;on&#8221; force_fullwidth=&#8221;on&#8221; _builder_version=&#8221;4.21.0&#8243; _module_preset=&#8221;default&#8221; custom_margin=&#8221;-20px||||false|false&#8221; custom_padding=&#8221;45px|||||&#8221; global_colors_info=&#8221;{}&#8221;][\/et_pb_image][\/et_pb_column][et_pb_column type=&#8221;1_2&#8243; _builder_version=&#8221;4.21.0&#8243; _module_preset=&#8221;default&#8221; global_colors_info=&#8221;{}&#8221;][et_pb_image src=&#8221;https:\/\/informacitta.oristano.studioprogetto2.it\/wp-content\/uploads\/2023\/06\/Schermata-2023-06-28-alle-10.16.48.png&#8221; title_text=&#8221;Schermata 2023-06-28 alle 10.16.48&#8243; url=&#8221;https:\/\/www2.unimol.it&#8221; url_new_window=&#8221;on&#8221; force_fullwidth=&#8221;on&#8221; _builder_version=&#8221;4.21.0&#8243; _module_preset=&#8221;default&#8221; custom_padding=&#8221;52px|||||&#8221; global_colors_info=&#8221;{}&#8221;][\/et_pb_image][\/et_pb_column][\/et_pb_row][et_pb_row column_structure=&#8221;1_2,1_2&#8243; disabled_on=&#8221;off|off|on&#8221; _builder_version=&#8221;4.21.0&#8243; _module_preset=&#8221;default&#8221; width=&#8221;70%&#8221; module_alignment=&#8221;center&#8221; custom_margin=&#8221;|125px||125px|false|true&#8221; locked=&#8221;off&#8221; global_colors_info=&#8221;{}&#8221;][et_pb_column type=&#8221;1_2&#8243; _builder_version=&#8221;4.21.0&#8243; _module_preset=&#8221;default&#8221; global_colors_info=&#8221;{}&#8221;][et_pb_image src=&#8221;https:\/\/informacitta.oristano.studioprogetto2.it\/wp-content\/uploads\/2023\/06\/Schermata-2023-06-28-alle-10.16.58.png&#8221; title_text=&#8221;Schermata 2023-06-28 alle 10.16.58&#8243; url=&#8221;https:\/\/www.unior.it\/it&#8221; url_new_window=&#8221;on&#8221; force_fullwidth=&#8221;on&#8221; _builder_version=&#8221;4.21.0&#8243; _module_preset=&#8221;default&#8221; custom_margin=&#8221;-20px||||false|false&#8221; custom_padding=&#8221;45px|||||&#8221; global_colors_info=&#8221;{}&#8221;][\/et_pb_image][\/et_pb_column][et_pb_column type=&#8221;1_2&#8243; _builder_version=&#8221;4.21.0&#8243; _module_preset=&#8221;default&#8221; global_colors_info=&#8221;{}&#8221;][et_pb_image src=&#8221;https:\/\/informacitta.oristano.studioprogetto2.it\/wp-content\/uploads\/2023\/06\/Schermata-2023-06-28-alle-10.17.09.png&#8221; title_text=&#8221;Schermata 2023-06-28 alle 10.17.09&#8243; url=&#8221;https:\/\/www.universita.it\/seconda-universita-degli-studi-di-napoli\/&#8221; url_new_window=&#8221;on&#8221; force_fullwidth=&#8221;on&#8221; _builder_version=&#8221;4.21.0&#8243; _module_preset=&#8221;default&#8221; custom_padding=&#8221;52px|||||&#8221; global_colors_info=&#8221;{}&#8221;][\/et_pb_image][\/et_pb_column][\/et_pb_row][et_pb_row column_structure=&#8221;1_2,1_2&#8243; disabled_on=&#8221;off|off|on&#8221; _builder_version=&#8221;4.21.0&#8243; _module_preset=&#8221;default&#8221; width=&#8221;70%&#8221; module_alignment=&#8221;center&#8221; custom_margin=&#8221;|125px||125px|false|true&#8221; locked=&#8221;off&#8221; global_colors_info=&#8221;{}&#8221;][et_pb_column type=&#8221;1_2&#8243; _builder_version=&#8221;4.21.0&#8243; _module_preset=&#8221;default&#8221; global_colors_info=&#8221;{}&#8221;][et_pb_image src=&#8221;https:\/\/informacitta.oristano.studioprogetto2.it\/wp-content\/uploads\/2023\/06\/Schermata-2023-06-28-alle-10.23.16.png&#8221; title_text=&#8221;Schermata 2023-06-28 alle 10.23.16&#8243; url=&#8221;https:\/\/www.unior.it\/it&#8221; url_new_window=&#8221;on&#8221; force_fullwidth=&#8221;on&#8221; _builder_version=&#8221;4.21.0&#8243; _module_preset=&#8221;default&#8221; custom_margin=&#8221;-20px||||false|false&#8221; custom_padding=&#8221;45px|||||&#8221; global_colors_info=&#8221;{}&#8221;][\/et_pb_image][\/et_pb_column][et_pb_column type=&#8221;1_2&#8243; _builder_version=&#8221;4.21.0&#8243; _module_preset=&#8221;default&#8221; global_colors_info=&#8221;{}&#8221;][et_pb_image src=&#8221;https:\/\/informacitta.oristano.studioprogetto2.it\/wp-content\/uploads\/2023\/06\/Schermata-2023-06-28-alle-10.28.06.png&#8221; title_text=&#8221;Schermata 2023-06-28 alle 10.28.06&#8243; url=&#8221;https:\/\/www.unisob.na.it&#8221; url_new_window=&#8221;on&#8221; force_fullwidth=&#8221;on&#8221; _builder_version=&#8221;4.21.0&#8243; _module_preset=&#8221;default&#8221; custom_padding=&#8221;52px|||||&#8221; global_colors_info=&#8221;{}&#8221;][\/et_pb_image][\/et_pb_column][\/et_pb_row][et_pb_row column_structure=&#8221;1_2,1_2&#8243; disabled_on=&#8221;off|off|on&#8221; _builder_version=&#8221;4.21.0&#8243; _module_preset=&#8221;default&#8221; width=&#8221;70%&#8221; module_alignment=&#8221;center&#8221; custom_margin=&#8221;|125px||125px|false|true&#8221; locked=&#8221;off&#8221; global_colors_info=&#8221;{}&#8221;][et_pb_column type=&#8221;1_2&#8243; _builder_version=&#8221;4.21.0&#8243; _module_preset=&#8221;default&#8221; global_colors_info=&#8221;{}&#8221;][et_pb_image src=&#8221;https:\/\/informacitta.oristano.studioprogetto2.it\/wp-content\/uploads\/2023\/06\/Schermata-2023-06-28-alle-10.28.16.png&#8221; title_text=&#8221;Schermata 2023-06-28 alle 10.28.16&#8243; url=&#8221;https:\/\/www.unipd.it&#8221; url_new_window=&#8221;on&#8221; force_fullwidth=&#8221;on&#8221; _builder_version=&#8221;4.21.0&#8243; _module_preset=&#8221;default&#8221; custom_margin=&#8221;-20px||||false|false&#8221; custom_padding=&#8221;45px|||||&#8221; global_colors_info=&#8221;{}&#8221;][\/et_pb_image][\/et_pb_column][et_pb_column type=&#8221;1_2&#8243; _builder_version=&#8221;4.21.0&#8243; _module_preset=&#8221;default&#8221; global_colors_info=&#8221;{}&#8221;][et_pb_image src=&#8221;https:\/\/informacitta.oristano.studioprogetto2.it\/wp-content\/uploads\/2023\/06\/Schermata-2023-06-28-alle-10.28.28.png&#8221; title_text=&#8221;Schermata 2023-06-28 alle 10.28.28&#8243; url=&#8221;https:\/\/www.unipa.it&#8221; url_new_window=&#8221;on&#8221; force_fullwidth=&#8221;on&#8221; _builder_version=&#8221;4.21.0&#8243; _module_preset=&#8221;default&#8221; custom_padding=&#8221;52px|||||&#8221; global_colors_info=&#8221;{}&#8221;][\/et_pb_image][\/et_pb_column][\/et_pb_row][et_pb_row column_structure=&#8221;1_2,1_2&#8243; disabled_on=&#8221;off|off|on&#8221; _builder_version=&#8221;4.21.0&#8243; _module_preset=&#8221;default&#8221; width=&#8221;70%&#8221; module_alignment=&#8221;center&#8221; custom_margin=&#8221;|125px||125px|false|true&#8221; locked=&#8221;off&#8221; global_colors_info=&#8221;{}&#8221;][et_pb_column type=&#8221;1_2&#8243; _builder_version=&#8221;4.21.0&#8243; _module_preset=&#8221;default&#8221; global_colors_info=&#8221;{}&#8221;][et_pb_image src=&#8221;https:\/\/informacitta.oristano.studioprogetto2.it\/wp-content\/uploads\/2023\/06\/Schermata-2023-06-28-alle-10.33.18.png&#8221; title_text=&#8221;Schermata 2023-06-28 alle 10.33.18&#8243; url=&#8221;https:\/\/www.santannapisa.it\/it&#8221; url_new_window=&#8221;on&#8221; force_fullwidth=&#8221;on&#8221; _builder_version=&#8221;4.21.0&#8243; _module_preset=&#8221;default&#8221; custom_margin=&#8221;-20px||||false|false&#8221; custom_padding=&#8221;45px|||||&#8221; global_colors_info=&#8221;{}&#8221;][\/et_pb_image][\/et_pb_column][et_pb_column type=&#8221;1_2&#8243; _builder_version=&#8221;4.21.0&#8243; _module_preset=&#8221;default&#8221; global_colors_info=&#8221;{}&#8221;][et_pb_image src=&#8221;https:\/\/informacitta.oristano.studioprogetto2.it\/wp-content\/uploads\/2023\/06\/Schermata-2023-06-28-alle-10.33.25.png&#8221; title_text=&#8221;Schermata 2023-06-28 alle 10.33.25&#8243; url=&#8221;https:\/\/www.sns.it\/it&#8221; url_new_window=&#8221;on&#8221; force_fullwidth=&#8221;on&#8221; _builder_version=&#8221;4.21.0&#8243; _module_preset=&#8221;default&#8221; custom_padding=&#8221;52px|||||&#8221; global_colors_info=&#8221;{}&#8221;][\/et_pb_image][\/et_pb_column][\/et_pb_row][et_pb_row column_structure=&#8221;1_2,1_2&#8243; disabled_on=&#8221;off|off|on&#8221; _builder_version=&#8221;4.21.0&#8243; _module_preset=&#8221;default&#8221; width=&#8221;70%&#8221; module_alignment=&#8221;center&#8221; custom_margin=&#8221;|125px||125px|false|true&#8221; locked=&#8221;off&#8221; global_colors_info=&#8221;{}&#8221;][et_pb_column type=&#8221;1_2&#8243; _builder_version=&#8221;4.21.0&#8243; _module_preset=&#8221;default&#8221; global_colors_info=&#8221;{}&#8221;][et_pb_image src=&#8221;https:\/\/informacitta.oristano.studioprogetto2.it\/wp-content\/uploads\/2023\/06\/Schermata-2023-06-28-alle-10.41.06.png&#8221; title_text=&#8221;Schermata 2023-06-28 alle 10.41.06&#8243; url=&#8221;https:\/\/www.unirc.it&#8221; url_new_window=&#8221;on&#8221; _builder_version=&#8221;4.21.0&#8243; _module_preset=&#8221;default&#8221; custom_margin=&#8221;-20px||||false|false&#8221; custom_padding=&#8221;45px|||||&#8221; global_colors_info=&#8221;{}&#8221;][\/et_pb_image][\/et_pb_column][et_pb_column type=&#8221;1_2&#8243; _builder_version=&#8221;4.21.0&#8243; _module_preset=&#8221;default&#8221; global_colors_info=&#8221;{}&#8221;][et_pb_image src=&#8221;https:\/\/informacitta.oristano.studioprogetto2.it\/wp-content\/uploads\/2023\/06\/Schermata-2023-06-28-alle-10.41.15.png&#8221; title_text=&#8221;Schermata 2023-06-28 alle 10.41.15&#8243; url=&#8221;https:\/\/www.unidarc.it&#8221; url_new_window=&#8221;on&#8221; _builder_version=&#8221;4.21.0&#8243; _module_preset=&#8221;default&#8221; custom_padding=&#8221;52px|||||&#8221; global_colors_info=&#8221;{}&#8221;][\/et_pb_image][\/et_pb_column][\/et_pb_row][et_pb_row column_structure=&#8221;1_2,1_2&#8243; disabled_on=&#8221;off|off|on&#8221; _builder_version=&#8221;4.21.0&#8243; _module_preset=&#8221;default&#8221; width=&#8221;70%&#8221; module_alignment=&#8221;center&#8221; custom_margin=&#8221;|125px||125px|false|true&#8221; locked=&#8221;off&#8221; global_colors_info=&#8221;{}&#8221;][et_pb_column type=&#8221;1_2&#8243; _builder_version=&#8221;4.21.0&#8243; _module_preset=&#8221;default&#8221; global_colors_info=&#8221;{}&#8221;][et_pb_image src=&#8221;https:\/\/informacitta.oristano.studioprogetto2.it\/wp-content\/uploads\/2023\/06\/Schermata-2023-06-28-alle-10.41.25.png&#8221; title_text=&#8221;Schermata 2023-06-28 alle 10.41.25&#8243; url=&#8221;http:\/\/web.uniroma2.it&#8221; url_new_window=&#8221;on&#8221; _builder_version=&#8221;4.21.0&#8243; _module_preset=&#8221;default&#8221; custom_margin=&#8221;-20px||||false|false&#8221; custom_padding=&#8221;45px|||||&#8221; global_colors_info=&#8221;{}&#8221;][\/et_pb_image][\/et_pb_column][et_pb_column type=&#8221;1_2&#8243; _builder_version=&#8221;4.21.0&#8243; _module_preset=&#8221;default&#8221; global_colors_info=&#8221;{}&#8221;][et_pb_image src=&#8221;https:\/\/informacitta.oristano.studioprogetto2.it\/wp-content\/uploads\/2023\/06\/Schermata-2023-06-28-alle-10.41.32.png&#8221; title_text=&#8221;Schermata 2023-06-28 alle 10.41.32&#8243; url=&#8221;https:\/\/www.uniroma3.it&#8221; url_new_window=&#8221;on&#8221; force_fullwidth=&#8221;on&#8221; _builder_version=&#8221;4.21.0&#8243; _module_preset=&#8221;default&#8221; custom_padding=&#8221;52px|||||&#8221; global_colors_info=&#8221;{}&#8221;][\/et_pb_image][\/et_pb_column][\/et_pb_row][et_pb_row column_structure=&#8221;1_2,1_2&#8243; disabled_on=&#8221;off|off|on&#8221; _builder_version=&#8221;4.21.0&#8243; _module_preset=&#8221;default&#8221; width=&#8221;70%&#8221; module_alignment=&#8221;center&#8221; custom_margin=&#8221;|125px||125px|false|true&#8221; locked=&#8221;off&#8221; global_colors_info=&#8221;{}&#8221;][et_pb_column type=&#8221;1_2&#8243; _builder_version=&#8221;4.21.0&#8243; _module_preset=&#8221;default&#8221; global_colors_info=&#8221;{}&#8221;][et_pb_image src=&#8221;https:\/\/informacitta.oristano.studioprogetto2.it\/wp-content\/uploads\/2023\/06\/Schermata-2023-06-28-alle-10.48.36.png&#8221; title_text=&#8221;Schermata 2023-06-28 alle 10.48.36&#8243; url=&#8221;https:\/\/www.unisalento.it&#8221; url_new_window=&#8221;on&#8221; force_fullwidth=&#8221;on&#8221; disabled_on=&#8221;off|off|on&#8221; _builder_version=&#8221;4.21.0&#8243; _module_preset=&#8221;default&#8221; module_alignment=&#8221;center&#8221; custom_margin=&#8221;15px|1px||1px|false|true&#8221; global_colors_info=&#8221;{}&#8221;][\/et_pb_image][\/et_pb_column][et_pb_column type=&#8221;1_2&#8243; _builder_version=&#8221;4.21.0&#8243; _module_preset=&#8221;default&#8221; global_colors_info=&#8221;{}&#8221;][et_pb_image src=&#8221;https:\/\/informacitta.oristano.studioprogetto2.it\/wp-content\/uploads\/2023\/06\/Schermata-2023-06-28-alle-10.48.45.png&#8221; title_text=&#8221;Schermata 2023-06-28 alle 10.48.45&#8243; url=&#8221;https:\/\/www.unisa.it&#8221; url_new_window=&#8221;on&#8221; _builder_version=&#8221;4.21.0&#8243; _module_preset=&#8221;default&#8221; custom_padding=&#8221;52px|||||&#8221; global_colors_info=&#8221;{}&#8221;][\/et_pb_image][\/et_pb_column][\/et_pb_row][et_pb_row column_structure=&#8221;1_2,1_2&#8243; disabled_on=&#8221;off|off|on&#8221; _builder_version=&#8221;4.21.0&#8243; _module_preset=&#8221;default&#8221; width=&#8221;70%&#8221; module_alignment=&#8221;center&#8221; custom_margin=&#8221;|125px||125px|false|true&#8221; locked=&#8221;off&#8221; global_colors_info=&#8221;{}&#8221;][et_pb_column type=&#8221;1_2&#8243; _builder_version=&#8221;4.21.0&#8243; _module_preset=&#8221;default&#8221; global_colors_info=&#8221;{}&#8221;][et_pb_image src=&#8221;https:\/\/informacitta.oristano.studioprogetto2.it\/wp-content\/uploads\/2023\/06\/Schermata-2023-06-28-alle-10.48.52.png&#8221; title_text=&#8221;Schermata 2023-06-28 alle 10.48.52&#8243; url=&#8221;https:\/\/www.googleadservices.com\/pagead\/aclk?sa=L&#038;ai=DChcSEwjtl_vh2eX_AhUHi4MHHeK6BY0YABAAGgJlZg&#038;ae=2&#038;ohost=www.google.com&#038;cid=CAESaOD2PYs8uJCzvO6inS_bq_7YVFgDOa6EqKAUqVhVWIJFLHR2kDi6UednJjcBvPhQq5ZO9PUosG2F928x47bvDYk2G1ggzT4qErdXFuCdgzJPi0YNPcb8Hn9BEsv4C9Mi6w5zciPIyfVz&#038;sig=AOD64_3SuySCJ7CHSJ9FXfR8eNyWuu5uiw&#038;q&#038;adurl&#038;ved=2ahUKEwiW0vPh2eX_AhU3h_0HHfZzB40Q0Qx6BAgDEAE&#038;nis=8&#038;dct=1&#8243; url_new_window=&#8221;on&#8221; _builder_version=&#8221;4.21.0&#8243; _module_preset=&#8221;default&#8221; custom_margin=&#8221;-20px||||false|false&#8221; custom_padding=&#8221;45px|||||&#8221; global_colors_info=&#8221;{}&#8221;][\/et_pb_image][\/et_pb_column][et_pb_column type=&#8221;1_2&#8243; _builder_version=&#8221;4.21.0&#8243; _module_preset=&#8221;default&#8221; global_colors_info=&#8221;{}&#8221;][et_pb_image src=&#8221;https:\/\/informacitta.oristano.studioprogetto2.it\/wp-content\/uploads\/2023\/06\/Schermata-2023-06-28-alle-10.48.58.png&#8221; title_text=&#8221;Schermata 2023-06-28 alle 10.48.58&#8243; url=&#8221;https:\/\/www.unisi.it&#8221; url_new_window=&#8221;on&#8221; _builder_version=&#8221;4.21.0&#8243; _module_preset=&#8221;default&#8221; custom_padding=&#8221;52px|||||&#8221; global_colors_info=&#8221;{}&#8221;][\/et_pb_image][\/et_pb_column][\/et_pb_row][et_pb_row column_structure=&#8221;1_2,1_2&#8243; disabled_on=&#8221;off|off|on&#8221; _builder_version=&#8221;4.21.0&#8243; _module_preset=&#8221;default&#8221; width=&#8221;70%&#8221; module_alignment=&#8221;center&#8221; custom_margin=&#8221;|125px||125px|false|true&#8221; locked=&#8221;off&#8221; global_colors_info=&#8221;{}&#8221;][et_pb_column type=&#8221;1_2&#8243; _builder_version=&#8221;4.21.0&#8243; _module_preset=&#8221;default&#8221; global_colors_info=&#8221;{}&#8221;][et_pb_image src=&#8221;https:\/\/informacitta.oristano.studioprogetto2.it\/wp-content\/uploads\/2023\/06\/Schermata-2023-06-28-alle-10.53.15.png&#8221; title_text=&#8221;Schermata 2023-06-28 alle 10.53.15&#8243; url=&#8221;https:\/\/www.unistrasi.it\/home.asp&#8221; url_new_window=&#8221;on&#8221; force_fullwidth=&#8221;on&#8221; _builder_version=&#8221;4.21.0&#8243; _module_preset=&#8221;default&#8221; custom_margin=&#8221;-20px||||false|false&#8221; custom_padding=&#8221;45px|||||&#8221; global_colors_info=&#8221;{}&#8221;][\/et_pb_image][\/et_pb_column][et_pb_column type=&#8221;1_2&#8243; _builder_version=&#8221;4.21.0&#8243; _module_preset=&#8221;default&#8221; global_colors_info=&#8221;{}&#8221;][et_pb_image src=&#8221;https:\/\/informacitta.oristano.studioprogetto2.it\/wp-content\/uploads\/2023\/06\/Schermata-2023-06-28-alle-10.53.49.png&#8221; title_text=&#8221;Schermata 2023-06-28 alle 10.53.49&#8243; url=&#8221;https:\/\/www.unint.eu&#8221; url_new_window=&#8221;on&#8221; _builder_version=&#8221;4.21.0&#8243; _module_preset=&#8221;default&#8221; custom_padding=&#8221;52px|||||&#8221; global_colors_info=&#8221;{}&#8221;][\/et_pb_image][\/et_pb_column][\/et_pb_row][et_pb_row column_structure=&#8221;1_2,1_2&#8243; disabled_on=&#8221;off|off|on&#8221; _builder_version=&#8221;4.21.0&#8243; _module_preset=&#8221;default&#8221; width=&#8221;70%&#8221; module_alignment=&#8221;center&#8221; custom_margin=&#8221;|125px||125px|false|true&#8221; locked=&#8221;off&#8221; global_colors_info=&#8221;{}&#8221;][et_pb_column type=&#8221;1_2&#8243; _builder_version=&#8221;4.21.0&#8243; _module_preset=&#8221;default&#8221; global_colors_info=&#8221;{}&#8221;][et_pb_image src=&#8221;https:\/\/informacitta.oristano.studioprogetto2.it\/wp-content\/uploads\/2023\/06\/Schermata-2023-06-28-alle-10.55.06.png&#8221; title_text=&#8221;Schermata 2023-06-28 alle 10.55.06&#8243; url=&#8221;https:\/\/www.unite.it\/UniTE\/&#8221; url_new_window=&#8221;on&#8221; _builder_version=&#8221;4.21.0&#8243; _module_preset=&#8221;default&#8221; custom_margin=&#8221;-20px||||false|false&#8221; custom_padding=&#8221;45px|||||&#8221; global_colors_info=&#8221;{}&#8221;][\/et_pb_image][\/et_pb_column][et_pb_column type=&#8221;1_2&#8243; _builder_version=&#8221;4.21.0&#8243; _module_preset=&#8221;default&#8221; global_colors_info=&#8221;{}&#8221;][et_pb_image src=&#8221;https:\/\/informacitta.oristano.studioprogetto2.it\/wp-content\/uploads\/2023\/06\/Schermata-2023-06-28-alle-10.55.13.png&#8221; title_text=&#8221;Schermata 2023-06-28 alle 10.55.13&#8243; url=&#8221;https:\/\/www.unito.it&#8221; url_new_window=&#8221;on&#8221; _builder_version=&#8221;4.21.0&#8243; _module_preset=&#8221;default&#8221; custom_padding=&#8221;52px|||||&#8221; global_colors_info=&#8221;{}&#8221;][\/et_pb_image][\/et_pb_column][\/et_pb_row][et_pb_row column_structure=&#8221;1_2,1_2&#8243; disabled_on=&#8221;off|off|on&#8221; _builder_version=&#8221;4.21.0&#8243; _module_preset=&#8221;default&#8221; width=&#8221;70%&#8221; module_alignment=&#8221;center&#8221; custom_margin=&#8221;|125px||125px|false|true&#8221; locked=&#8221;off&#8221; global_colors_info=&#8221;{}&#8221;][et_pb_column type=&#8221;1_2&#8243; _builder_version=&#8221;4.21.0&#8243; _module_preset=&#8221;default&#8221; global_colors_info=&#8221;{}&#8221;][et_pb_image src=&#8221;https:\/\/informacitta.oristano.studioprogetto2.it\/wp-content\/uploads\/2023\/06\/Schermata-2023-06-28-alle-10.55.58.png&#8221; title_text=&#8221;Schermata 2023-06-28 alle 10.55.58&#8243; url=&#8221;https:\/\/www.unitelmasapienza.it&#8221; url_new_window=&#8221;on&#8221; _builder_version=&#8221;4.21.0&#8243; _module_preset=&#8221;default&#8221; custom_margin=&#8221;-20px||||false|false&#8221; custom_padding=&#8221;45px|||||&#8221; global_colors_info=&#8221;{}&#8221;][\/et_pb_image][\/et_pb_column][et_pb_column type=&#8221;1_2&#8243; _builder_version=&#8221;4.21.0&#8243; _module_preset=&#8221;default&#8221; global_colors_info=&#8221;{}&#8221;][et_pb_image src=&#8221;https:\/\/informacitta.oristano.studioprogetto2.it\/wp-content\/uploads\/2023\/06\/Schermata-2023-06-28-alle-10.56.07.png&#8221; title_text=&#8221;Schermata 2023-06-28 alle 10.56.07&#8243; url=&#8221;https:\/\/www.uniurb.it&#8221; url_new_window=&#8221;on&#8221; _builder_version=&#8221;4.21.0&#8243; _module_preset=&#8221;default&#8221; custom_padding=&#8221;52px|||||&#8221; global_colors_info=&#8221;{}&#8221;][\/et_pb_image][\/et_pb_column][\/et_pb_row][et_pb_row column_structure=&#8221;1_2,1_2&#8243; disabled_on=&#8221;off|off|on&#8221; _builder_version=&#8221;4.21.0&#8243; _module_preset=&#8221;default&#8221; width=&#8221;70%&#8221; module_alignment=&#8221;center&#8221; custom_margin=&#8221;|125px||125px|false|true&#8221; locked=&#8221;off&#8221; global_colors_info=&#8221;{}&#8221;][et_pb_column type=&#8221;1_2&#8243; _builder_version=&#8221;4.21.0&#8243; _module_preset=&#8221;default&#8221; global_colors_info=&#8221;{}&#8221;][et_pb_image src=&#8221;https:\/\/informacitta.oristano.studioprogetto2.it\/wp-content\/uploads\/2023\/06\/Schermata-2023-06-28-alle-10.55.41.png&#8221; title_text=&#8221;Schermata 2023-06-28 alle 10.55.41&#8243; url=&#8221;https:\/\/www.uniud.it\/it&#8221; url_new_window=&#8221;on&#8221; force_fullwidth=&#8221;on&#8221; _builder_version=&#8221;4.21.0&#8243; _module_preset=&#8221;default&#8221; custom_margin=&#8221;-20px||||false|false&#8221; custom_padding=&#8221;45px|||||&#8221; global_colors_info=&#8221;{}&#8221;][\/et_pb_image][\/et_pb_column][et_pb_column type=&#8221;1_2&#8243; _builder_version=&#8221;4.21.0&#8243; _module_preset=&#8221;default&#8221; global_colors_info=&#8221;{}&#8221;][et_pb_image src=&#8221;https:\/\/informacitta.oristano.studioprogetto2.it\/wp-content\/uploads\/2023\/06\/Schermata-2023-06-28-alle-10.55.48.png&#8221; title_text=&#8221;Schermata 2023-06-28 alle 10.55.48&#8243; url=&#8221;https:\/\/www.unicusano.it&#8221; url_new_window=&#8221;on&#8221; force_fullwidth=&#8221;on&#8221; _builder_version=&#8221;4.21.0&#8243; _module_preset=&#8221;default&#8221; custom_padding=&#8221;52px|||||&#8221; global_colors_info=&#8221;{}&#8221;][\/et_pb_image][\/et_pb_column][\/et_pb_row][et_pb_row column_structure=&#8221;1_2,1_2&#8243; disabled_on=&#8221;off|off|on&#8221; _builder_version=&#8221;4.21.0&#8243; _module_preset=&#8221;default&#8221; width=&#8221;70%&#8221; module_alignment=&#8221;center&#8221; custom_margin=&#8221;|125px||125px|false|true&#8221; locked=&#8221;off&#8221; global_colors_info=&#8221;{}&#8221;][et_pb_column type=&#8221;1_2&#8243; _builder_version=&#8221;4.21.0&#8243; _module_preset=&#8221;default&#8221; global_colors_info=&#8221;{}&#8221;][et_pb_image src=&#8221;https:\/\/informacitta.oristano.studioprogetto2.it\/wp-content\/uploads\/2023\/06\/Schermata-2023-06-28-alle-10.56.17.png&#8221; title_text=&#8221;Schermata 2023-06-28 alle 10.56.17&#8243; url=&#8221;https:\/\/www.univda.it&#8221; url_new_window=&#8221;on&#8221; disabled_on=&#8221;off|off|on&#8221; _builder_version=&#8221;4.21.0&#8243; _module_preset=&#8221;default&#8221; custom_padding=&#8221;45px|||||&#8221; global_colors_info=&#8221;{}&#8221;][\/et_pb_image][\/et_pb_column][et_pb_column type=&#8221;1_2&#8243; _builder_version=&#8221;4.21.0&#8243; _module_preset=&#8221;default&#8221; global_colors_info=&#8221;{}&#8221;][et_pb_image src=&#8221;https:\/\/informacitta.oristano.studioprogetto2.it\/wp-content\/uploads\/2023\/06\/Schermata-2023-06-28-alle-10.56.28.png&#8221; title_text=&#8221;Schermata 2023-06-28 alle 10.56.28&#8243; url=&#8221;https:\/\/www.univr.it\/home&#8221; url_new_window=&#8221;on&#8221; _builder_version=&#8221;4.21.0&#8243; _module_preset=&#8221;default&#8221; custom_padding=&#8221;45px|||||&#8221; global_colors_info=&#8221;{}&#8221;][\/et_pb_image][\/et_pb_column][\/et_pb_row][et_pb_row column_structure=&#8221;1_2,1_2&#8243; disabled_on=&#8221;off|off|on&#8221; _builder_version=&#8221;4.21.0&#8243; _module_preset=&#8221;default&#8221; width=&#8221;70%&#8221; module_alignment=&#8221;center&#8221; custom_margin=&#8221;|125px||125px|false|true&#8221; locked=&#8221;off&#8221; global_colors_info=&#8221;{}&#8221;][et_pb_column type=&#8221;1_2&#8243; _builder_version=&#8221;4.21.0&#8243; _module_preset=&#8221;default&#8221; global_colors_info=&#8221;{}&#8221;][et_pb_image src=&#8221;https:\/\/informacitta.oristano.studioprogetto2.it\/wp-content\/uploads\/2023\/06\/Schermata-2023-06-28-alle-10.56.36.png&#8221; title_text=&#8221;Schermata 2023-06-28 alle 10.56.36&#8243; url=&#8221;http:\/\/www.unitus.it&#8221; url_new_window=&#8221;on&#8221; disabled_on=&#8221;off|off|on&#8221; _builder_version=&#8221;4.21.0&#8243; _module_preset=&#8221;default&#8221; custom_padding=&#8221;45px|||||&#8221; global_colors_info=&#8221;{}&#8221;][\/et_pb_image][\/et_pb_column][et_pb_column type=&#8221;1_2&#8243; _builder_version=&#8221;4.21.0&#8243; _module_preset=&#8221;default&#8221; global_colors_info=&#8221;{}&#8221;][\/et_pb_column][\/et_pb_row][\/et_pb_section][et_pb_section fb_built=&#8221;1&#8243; disabled_on=&#8221;off|on|on&#8221; _builder_version=&#8221;4.21.0&#8243; _module_preset=&#8221;default&#8221; background_image=&#8221;https:\/\/informacitta.oristano.studioprogetto2.it\/wp-content\/uploads\/2023\/06\/Schermata-2023-06-26-alle-15.53.10.png&#8221; background_size=&#8221;stretch&#8221; width=&#8221;125%&#8221; custom_margin=&#8221;-150px|-40px||-40px|false|true&#8221; custom_padding=&#8221;36px|0px||0px|false|true&#8221; hover_enabled=&#8221;0&#8243; locked=&#8221;off&#8221; global_colors_info=&#8221;{}&#8221; sticky_enabled=&#8221;0&#8243;][et_pb_row _builder_version=&#8221;4.21.0&#8243; _module_preset=&#8221;default&#8221; custom_margin=&#8221;20px|auto|-6px|61px|false|false&#8221; custom_padding=&#8221;10px||0px||false|false&#8221; hover_enabled=&#8221;0&#8243; global_colors_info=&#8221;{}&#8221; sticky_enabled=&#8221;0&#8243;][et_pb_column type=&#8221;4_4&#8243; _builder_version=&#8221;4.21.0&#8243; _module_preset=&#8221;default&#8221; global_colors_info=&#8221;{}&#8221;][et_pb_text _builder_version=&#8221;4.21.0&#8243; _module_preset=&#8221;default&#8221; text_font=&#8221;Montserrat|700|||||||&#8221; text_text_color=&#8221;#0965a2&#8243; header_font=&#8221;Montserrat|700|||||||&#8221; header_text_color=&#8221;#0965a2&#8243; header_font_size=&#8221;26px&#8221; custom_margin=&#8221;25px|||-12px|false|false&#8221; global_colors_info=&#8221;{}&#8221;]<\/p>\n<h1>| Universit\u00e0<\/h1>\n<p>[\/et_pb_text][\/et_pb_column][\/et_pb_row][et_pb_row column_structure=&#8221;1_2,1_2&#8243; disabled_on=&#8221;off|off|on&#8221; _builder_version=&#8221;4.21.0&#8243; _module_preset=&#8221;default&#8221; width=&#8221;77%&#8221; max_width=&#8221;1092px&#8221; module_alignment=&#8221;center&#8221; custom_margin=&#8221;-17px|50px|0px|50px|false|true&#8221; custom_padding=&#8221;21px|||||&#8221; global_colors_info=&#8221;{}&#8221;][et_pb_column type=&#8221;1_2&#8243; _builder_version=&#8221;4.21.0&#8243; _module_preset=&#8221;default&#8221; global_colors_info=&#8221;{}&#8221;][et_pb_image src=&#8221;https:\/\/informacitta.oristano.studioprogetto2.it\/wp-content\/uploads\/2023\/06\/Schermata-2023-06-27-alle-17.09.11.png&#8221; title_text=&#8221;Schermata 2023-06-27 alle 17.09.11&#8243; url=&#8221;https:\/\/www.unica.it\/unica\/&#8221; url_new_window=&#8221;on&#8221; force_fullwidth=&#8221;on&#8221; _builder_version=&#8221;4.21.0&#8243; _module_preset=&#8221;default&#8221; module_alignment=&#8221;center&#8221; custom_margin=&#8221;10px||10px||false|false&#8221; custom_padding=&#8221;45px|||||&#8221; global_colors_info=&#8221;{}&#8221;][\/et_pb_image][\/et_pb_column][et_pb_column type=&#8221;1_2&#8243; _builder_version=&#8221;4.21.0&#8243; _module_preset=&#8221;default&#8221; global_colors_info=&#8221;{}&#8221;][et_pb_image src=&#8221;https:\/\/informacitta.oristano.studioprogetto2.it\/wp-content\/uploads\/2023\/06\/Schermata-2023-06-27-alle-17.15.33.png&#8221; title_text=&#8221;Schermata 2023-06-27 alle 17.15.33&#8243; url=&#8221;https:\/\/www.uniss.it&#8221; url_new_window=&#8221;on&#8221; force_fullwidth=&#8221;on&#8221; _builder_version=&#8221;4.21.0&#8243; _module_preset=&#8221;default&#8221; module_alignment=&#8221;center&#8221; custom_margin=&#8221;10px||10px||false|false&#8221; custom_padding=&#8221;45px|||||&#8221; global_colors_info=&#8221;{}&#8221;][\/et_pb_image][\/et_pb_column][\/et_pb_row][et_pb_row column_structure=&#8221;1_2,1_2&#8243; _builder_version=&#8221;4.21.0&#8243; _module_preset=&#8221;default&#8221; width=&#8221;77%&#8221; max_width=&#8221;1092px&#8221; module_alignment=&#8221;center&#8221; custom_margin=&#8221;-25px|50px||50px|false|true&#8221; locked=&#8221;off&#8221; global_colors_info=&#8221;{}&#8221;][et_pb_column type=&#8221;1_2&#8243; _builder_version=&#8221;4.21.0&#8243; _module_preset=&#8221;default&#8221; global_colors_info=&#8221;{}&#8221;][et_pb_image src=&#8221;https:\/\/informacitta.oristano.studioprogetto2.it\/wp-content\/uploads\/2023\/06\/Schermata-2023-06-27-alle-17.48.06.png&#8221; title_text=&#8221;Schermata 2023-06-27 alle 17.48.06&#8243; url=&#8221;https:\/\/www.uniba.it&#8221; url_new_window=&#8221;on&#8221; force_fullwidth=&#8221;on&#8221; _builder_version=&#8221;4.21.0&#8243; _module_preset=&#8221;default&#8221; module_alignment=&#8221;center&#8221; custom_margin=&#8221;10px||10px||false|false&#8221; custom_padding=&#8221;45px|||||&#8221; global_colors_info=&#8221;{}&#8221;][\/et_pb_image][\/et_pb_column][et_pb_column type=&#8221;1_2&#8243; _builder_version=&#8221;4.21.0&#8243; _module_preset=&#8221;default&#8221; global_colors_info=&#8221;{}&#8221;][et_pb_image src=&#8221;https:\/\/informacitta.oristano.studioprogetto2.it\/wp-content\/uploads\/2023\/06\/Schermata-2023-06-27-alle-17.51.19.png&#8221; title_text=&#8221;Schermata 2023-06-27 alle 17.51.19&#8243; url=&#8221;https:\/\/www.unical.it&#8221; url_new_window=&#8221;on&#8221; force_fullwidth=&#8221;on&#8221; _builder_version=&#8221;4.21.0&#8243; _module_preset=&#8221;default&#8221; module_alignment=&#8221;center&#8221; custom_margin=&#8221;10px||10px||false|false&#8221; custom_padding=&#8221;45px|||||&#8221; global_colors_info=&#8221;{}&#8221;][\/et_pb_image][\/et_pb_column][\/et_pb_row][et_pb_row column_structure=&#8221;1_2,1_2&#8243; _builder_version=&#8221;4.21.0&#8243; _module_preset=&#8221;default&#8221; width=&#8221;77%&#8221; max_width=&#8221;1092px&#8221; module_alignment=&#8221;center&#8221; custom_margin=&#8221;-70px|83px||50px|false|false&#8221; locked=&#8221;off&#8221; global_colors_info=&#8221;{}&#8221;][et_pb_column type=&#8221;1_2&#8243; _builder_version=&#8221;4.21.0&#8243; _module_preset=&#8221;default&#8221; global_colors_info=&#8221;{}&#8221;][et_pb_image src=&#8221;https:\/\/informacitta.oristano.studioprogetto2.it\/wp-content\/uploads\/2023\/06\/Schermata-2023-06-27-alle-17.52.30.png&#8221; title_text=&#8221;Schermata 2023-06-27 alle 17.52.30&#8243; url=&#8221;https:\/\/www.unifi.it&#8221; url_new_window=&#8221;on&#8221; force_fullwidth=&#8221;on&#8221; _builder_version=&#8221;4.21.0&#8243; _module_preset=&#8221;default&#8221; module_alignment=&#8221;center&#8221; custom_margin=&#8221;40px||10px||false|false&#8221; custom_padding=&#8221;45px|||||&#8221; global_colors_info=&#8221;{}&#8221;][\/et_pb_image][\/et_pb_column][et_pb_column type=&#8221;1_2&#8243; _builder_version=&#8221;4.21.0&#8243; _module_preset=&#8221;default&#8221; global_colors_info=&#8221;{}&#8221;][et_pb_image src=&#8221;https:\/\/informacitta.oristano.studioprogetto2.it\/wp-content\/uploads\/2023\/06\/Schermata-2023-06-27-alle-18.03.03.png&#8221; title_text=&#8221;Schermata 2023-06-27 alle 18.03.03&#8243; url=&#8221;https:\/\/www.unimarconi.it&#8221; url_new_window=&#8221;on&#8221; force_fullwidth=&#8221;on&#8221; _builder_version=&#8221;4.21.0&#8243; _module_preset=&#8221;default&#8221; module_alignment=&#8221;center&#8221; custom_margin=&#8221;20px||30px||false|false&#8221; custom_padding=&#8221;45px|||||&#8221; global_colors_info=&#8221;{}&#8221;][\/et_pb_image][\/et_pb_column][\/et_pb_row][et_pb_row column_structure=&#8221;1_2,1_2&#8243; _builder_version=&#8221;4.21.0&#8243; _module_preset=&#8221;default&#8221; width=&#8221;77%&#8221; max_width=&#8221;1092px&#8221; module_alignment=&#8221;center&#8221; custom_margin=&#8221;-60px|80px||50px|false|false&#8221; locked=&#8221;off&#8221; global_colors_info=&#8221;{}&#8221;][et_pb_column type=&#8221;1_2&#8243; _builder_version=&#8221;4.21.0&#8243; _module_preset=&#8221;default&#8221; global_colors_info=&#8221;{}&#8221;][et_pb_image src=&#8221;https:\/\/informacitta.oristano.studioprogetto2.it\/wp-content\/uploads\/2023\/06\/Schermata-2023-06-27-alle-18.07.03.png&#8221; title_text=&#8221;Schermata 2023-06-27 alle 18.07.03&#8243; url=&#8221;https:\/\/www5.iuav.it\/homepage\/index.htm&#8221; url_new_window=&#8221;on&#8221; force_fullwidth=&#8221;on&#8221; _builder_version=&#8221;4.21.0&#8243; _module_preset=&#8221;default&#8221; module_alignment=&#8221;center&#8221; custom_margin=&#8221;20px||30px||false|false&#8221; custom_padding=&#8221;45px|||||&#8221; global_colors_info=&#8221;{}&#8221;][\/et_pb_image][\/et_pb_column][et_pb_column type=&#8221;1_2&#8243; _builder_version=&#8221;4.21.0&#8243; _module_preset=&#8221;default&#8221; global_colors_info=&#8221;{}&#8221;][et_pb_image src=&#8221;https:\/\/informacitta.oristano.studioprogetto2.it\/wp-content\/uploads\/2023\/06\/Schermata-2023-06-27-alle-18.08.37.png&#8221; title_text=&#8221;Schermata 2023-06-27 alle 18.08.37&#8243; url=&#8221;https:\/\/www.uniparthenope.it&#8221; url_new_window=&#8221;on&#8221; force_fullwidth=&#8221;on&#8221; _builder_version=&#8221;4.21.0&#8243; _module_preset=&#8221;default&#8221; module_alignment=&#8221;center&#8221; custom_margin=&#8221;0px||30px||false|false&#8221; custom_padding=&#8221;45px|||||&#8221; global_colors_info=&#8221;{}&#8221;][\/et_pb_image][\/et_pb_column][\/et_pb_row][et_pb_row column_structure=&#8221;1_2,1_2&#8243; _builder_version=&#8221;4.21.0&#8243; _module_preset=&#8221;default&#8221; width=&#8221;77%&#8221; max_width=&#8221;1092px&#8221; module_alignment=&#8221;center&#8221; custom_margin=&#8221;-59px|80px||50px|false|false&#8221; locked=&#8221;off&#8221; global_colors_info=&#8221;{}&#8221;][et_pb_column type=&#8221;1_2&#8243; _builder_version=&#8221;4.21.0&#8243; _module_preset=&#8221;default&#8221; global_colors_info=&#8221;{}&#8221;][et_pb_image src=&#8221;https:\/\/informacitta.oristano.studioprogetto2.it\/wp-content\/uploads\/2023\/06\/Schermata-2023-06-27-alle-18.10.22.png&#8221; title_text=&#8221;Schermata 2023-06-27 alle 18.10.22&#8243; url=&#8221;https:\/\/www.uniroma5.it&#8221; url_new_window=&#8221;on&#8221; force_fullwidth=&#8221;on&#8221; _builder_version=&#8221;4.21.0&#8243; _module_preset=&#8221;default&#8221; module_alignment=&#8221;center&#8221; custom_margin=&#8221;20px||30px||false|false&#8221; custom_padding=&#8221;45px|||||&#8221; global_colors_info=&#8221;{}&#8221;][\/et_pb_image][\/et_pb_column][et_pb_column type=&#8221;1_2&#8243; _builder_version=&#8221;4.21.0&#8243; _module_preset=&#8221;default&#8221; global_colors_info=&#8221;{}&#8221;][et_pb_image src=&#8221;https:\/\/informacitta.oristano.studioprogetto2.it\/wp-content\/uploads\/2023\/06\/Schermata-2023-06-27-alle-18.10.29.png&#8221; title_text=&#8221;Schermata 2023-06-27 alle 18.10.29&#8243; url=&#8221;http:\/\/www.poliba.it&#8221; url_new_window=&#8221;on&#8221; force_fullwidth=&#8221;on&#8221; _builder_version=&#8221;4.21.0&#8243; _module_preset=&#8221;default&#8221; module_alignment=&#8221;center&#8221; custom_margin=&#8221;10px||40px||false|false&#8221; custom_padding=&#8221;45px|||||&#8221; global_colors_info=&#8221;{}&#8221;][\/et_pb_image][\/et_pb_column][\/et_pb_row][et_pb_row column_structure=&#8221;1_2,1_2&#8243; _builder_version=&#8221;4.21.0&#8243; _module_preset=&#8221;default&#8221; width=&#8221;77%&#8221; max_width=&#8221;1092px&#8221; module_alignment=&#8221;center&#8221; custom_margin=&#8221;-62px|80px||50px|false|false&#8221; locked=&#8221;off&#8221; global_colors_info=&#8221;{}&#8221;][et_pb_column type=&#8221;1_2&#8243; _builder_version=&#8221;4.21.0&#8243; _module_preset=&#8221;default&#8221; global_colors_info=&#8221;{}&#8221;][et_pb_image src=&#8221;https:\/\/informacitta.oristano.studioprogetto2.it\/wp-content\/uploads\/2023\/06\/Schermata-2023-06-27-alle-18.14.39.png&#8221; title_text=&#8221;Schermata 2023-06-27 alle 18.14.39&#8243; url=&#8221;https:\/\/www.unibg.it&#8221; url_new_window=&#8221;on&#8221; force_fullwidth=&#8221;on&#8221; _builder_version=&#8221;4.21.0&#8243; _module_preset=&#8221;default&#8221; module_alignment=&#8221;center&#8221; custom_margin=&#8221;20px||30px||false|false&#8221; custom_padding=&#8221;45px|||||&#8221; global_colors_info=&#8221;{}&#8221;][\/et_pb_image][\/et_pb_column][et_pb_column type=&#8221;1_2&#8243; _builder_version=&#8221;4.21.0&#8243; _module_preset=&#8221;default&#8221; global_colors_info=&#8221;{}&#8221;][et_pb_image src=&#8221;https:\/\/informacitta.oristano.studioprogetto2.it\/wp-content\/uploads\/2023\/06\/Schermata-2023-06-27-alle-18.14.52.png&#8221; title_text=&#8221;Schermata 2023-06-27 alle 18.14.52&#8243; url=&#8221;https:\/\/www.unibo.it\/it&#8221; url_new_window=&#8221;on&#8221; force_fullwidth=&#8221;on&#8221; _builder_version=&#8221;4.21.0&#8243; _module_preset=&#8221;default&#8221; module_alignment=&#8221;center&#8221; custom_margin=&#8221;0px||30px||false|false&#8221; custom_padding=&#8221;45px|||||&#8221; global_colors_info=&#8221;{}&#8221;][\/et_pb_image][\/et_pb_column][\/et_pb_row][et_pb_row column_structure=&#8221;1_2,1_2&#8243; _builder_version=&#8221;4.21.0&#8243; _module_preset=&#8221;default&#8221; width=&#8221;77%&#8221; max_width=&#8221;1092px&#8221; module_alignment=&#8221;center&#8221; custom_margin=&#8221;-67px|80px||50px|false|false&#8221; locked=&#8221;off&#8221; global_colors_info=&#8221;{}&#8221;][et_pb_column type=&#8221;1_2&#8243; _builder_version=&#8221;4.21.0&#8243; _module_preset=&#8221;default&#8221; global_colors_info=&#8221;{}&#8221;][et_pb_image src=&#8221;https:\/\/informacitta.oristano.studioprogetto2.it\/wp-content\/uploads\/2023\/06\/Schermata-2023-06-27-alle-18.10.37.png&#8221; title_text=&#8221;Schermata 2023-06-27 alle 18.10.37&#8243; url=&#8221;https:\/\/portale.unibas.it\/site\/home.html&#8221; url_new_window=&#8221;on&#8221; force_fullwidth=&#8221;on&#8221; _builder_version=&#8221;4.21.0&#8243; _module_preset=&#8221;default&#8221; module_alignment=&#8221;center&#8221; custom_margin=&#8221;30px||30px||false|false&#8221; custom_padding=&#8221;45px|||||&#8221; global_colors_info=&#8221;{}&#8221;][\/et_pb_image][\/et_pb_column][et_pb_column type=&#8221;1_2&#8243; _builder_version=&#8221;4.21.0&#8243; _module_preset=&#8221;default&#8221; global_colors_info=&#8221;{}&#8221;][et_pb_image src=&#8221;https:\/\/informacitta.oristano.studioprogetto2.it\/wp-content\/uploads\/2023\/06\/Schermata-2023-06-27-alle-18.10.50.png&#8221; title_text=&#8221;Schermata 2023-06-27 alle 18.10.50&#8243; url=&#8221;https:\/\/www.unisannio.it\/it&#8221; url_new_window=&#8221;on&#8221; force_fullwidth=&#8221;on&#8221; _builder_version=&#8221;4.21.0&#8243; _module_preset=&#8221;default&#8221; module_alignment=&#8221;center&#8221; custom_margin=&#8221;10px||35px||false|false&#8221; custom_padding=&#8221;45px|||||&#8221; global_colors_info=&#8221;{}&#8221;][\/et_pb_image][\/et_pb_column][\/et_pb_row][et_pb_row column_structure=&#8221;1_2,1_2&#8243; _builder_version=&#8221;4.21.0&#8243; _module_preset=&#8221;default&#8221; width=&#8221;77%&#8221; max_width=&#8221;1092px&#8221; module_alignment=&#8221;center&#8221; custom_margin=&#8221;-65px|80px||50px|false|false&#8221; locked=&#8221;off&#8221; global_colors_info=&#8221;{}&#8221;][et_pb_column type=&#8221;1_2&#8243; _builder_version=&#8221;4.21.0&#8243; _module_preset=&#8221;default&#8221; global_colors_info=&#8221;{}&#8221;][et_pb_image src=&#8221;https:\/\/informacitta.oristano.studioprogetto2.it\/wp-content\/uploads\/2023\/06\/Schermata-2023-06-27-alle-18.23.27.png&#8221; title_text=&#8221;Schermata 2023-06-27 alle 18.23.27&#8243; url=&#8221;https:\/\/www.unicampus.it\/it\/&#8221; url_new_window=&#8221;on&#8221; force_fullwidth=&#8221;on&#8221; _builder_version=&#8221;4.21.0&#8243; _module_preset=&#8221;default&#8221; module_alignment=&#8221;center&#8221; custom_margin=&#8221;20px||30px||false|false&#8221; custom_padding=&#8221;45px|||||&#8221; global_colors_info=&#8221;{}&#8221;][\/et_pb_image][\/et_pb_column][et_pb_column type=&#8221;1_2&#8243; _builder_version=&#8221;4.21.0&#8243; _module_preset=&#8221;default&#8221; global_colors_info=&#8221;{}&#8221;][et_pb_image src=&#8221;https:\/\/informacitta.oristano.studioprogetto2.it\/wp-content\/uploads\/2023\/12\/Schermata-2023-12-11-alle-10.33.58.png&#8221; title_text=&#8221;Schermata 2023-12-11 alle 10.33.58&#8243; url=&#8221;https:\/\/www.unicas.it&#8221; url_new_window=&#8221;on&#8221; force_fullwidth=&#8221;on&#8221; _builder_version=&#8221;4.21.0&#8243; _module_preset=&#8221;default&#8221; module_alignment=&#8221;center&#8221; custom_margin=&#8221;0px||40px||false|false&#8221; custom_padding=&#8221;45px|||||&#8221; global_colors_info=&#8221;{}&#8221;][\/et_pb_image][\/et_pb_column][\/et_pb_row][et_pb_row column_structure=&#8221;1_2,1_2&#8243; _builder_version=&#8221;4.21.0&#8243; _module_preset=&#8221;default&#8221; width=&#8221;77%&#8221; max_width=&#8221;1092px&#8221; module_alignment=&#8221;center&#8221; custom_margin=&#8221;-56px|80px||50px|false|false&#8221; locked=&#8221;off&#8221; global_colors_info=&#8221;{}&#8221;][et_pb_column type=&#8221;1_2&#8243; _builder_version=&#8221;4.21.0&#8243; _module_preset=&#8221;default&#8221; global_colors_info=&#8221;{}&#8221;][et_pb_image src=&#8221;https:\/\/informacitta.oristano.studioprogetto2.it\/wp-content\/uploads\/2023\/06\/Schermata-2023-06-27-alle-18.15.17.png&#8221; title_text=&#8221;Schermata 2023-06-27 alle 18.15.17&#8243; url=&#8221;https:\/\/www.unibz.it\/it\/&#8221; url_new_window=&#8221;on&#8221; force_fullwidth=&#8221;on&#8221; _builder_version=&#8221;4.21.0&#8243; _module_preset=&#8221;default&#8221; module_alignment=&#8221;center&#8221; custom_margin=&#8221;10px||10px||false|false&#8221; custom_padding=&#8221;45px|||||&#8221; global_colors_info=&#8221;{}&#8221;][\/et_pb_image][\/et_pb_column][et_pb_column type=&#8221;1_2&#8243; _builder_version=&#8221;4.21.0&#8243; _module_preset=&#8221;default&#8221; global_colors_info=&#8221;{}&#8221;][et_pb_image src=&#8221;https:\/\/informacitta.oristano.studioprogetto2.it\/wp-content\/uploads\/2023\/06\/Schermata-2023-06-27-alle-18.15.28.png&#8221; title_text=&#8221;Schermata 2023-06-27 alle 18.15.28&#8243; url=&#8221;https:\/\/www.unibs.it\/it&#8221; url_new_window=&#8221;on&#8221; force_fullwidth=&#8221;on&#8221; _builder_version=&#8221;4.21.0&#8243; _module_preset=&#8221;default&#8221; module_alignment=&#8221;center&#8221; custom_margin=&#8221;10px||10px||false|false&#8221; custom_padding=&#8221;45px|||||&#8221; global_colors_info=&#8221;{}&#8221;][\/et_pb_image][\/et_pb_column][\/et_pb_row][et_pb_row column_structure=&#8221;1_2,1_2&#8243; _builder_version=&#8221;4.21.0&#8243; _module_preset=&#8221;default&#8221; width=&#8221;77%&#8221; max_width=&#8221;1092px&#8221; module_alignment=&#8221;center&#8221; custom_margin=&#8221;-60px|80px||50px|false|false&#8221; locked=&#8221;off&#8221; global_colors_info=&#8221;{}&#8221;][et_pb_column type=&#8221;1_2&#8243; _builder_version=&#8221;4.21.0&#8243; _module_preset=&#8221;default&#8221; global_colors_info=&#8221;{}&#8221;][et_pb_image src=&#8221;https:\/\/informacitta.oristano.studioprogetto2.it\/wp-content\/uploads\/2023\/06\/Schermata-2023-06-27-alle-18.27.57.png&#8221; title_text=&#8221;Schermata 2023-06-27 alle 18.27.57&#8243; url=&#8221;https:\/\/www.unive.it&#8221; url_new_window=&#8221;on&#8221; force_fullwidth=&#8221;on&#8221; _builder_version=&#8221;4.21.0&#8243; _module_preset=&#8221;default&#8221; module_alignment=&#8221;center&#8221; custom_margin=&#8221;40px||10px||false|false&#8221; custom_padding=&#8221;45px|||||&#8221; global_colors_info=&#8221;{}&#8221;][\/et_pb_image][\/et_pb_column][et_pb_column type=&#8221;1_2&#8243; _builder_version=&#8221;4.21.0&#8243; _module_preset=&#8221;default&#8221; global_colors_info=&#8221;{}&#8221;][et_pb_image src=&#8221;https:\/\/informacitta.oristano.studioprogetto2.it\/wp-content\/uploads\/2023\/06\/Schermata-2023-06-27-alle-18.28.07.png&#8221; title_text=&#8221;Schermata 2023-06-27 alle 18.28.07&#8243; url=&#8221;https:\/\/www.unicam.it&#8221; url_new_window=&#8221;on&#8221; force_fullwidth=&#8221;on&#8221; _builder_version=&#8221;4.21.0&#8243; _module_preset=&#8221;default&#8221; custom_margin=&#8221;10px||40px||false|false&#8221; custom_padding=&#8221;47px|||||&#8221; global_colors_info=&#8221;{}&#8221;][\/et_pb_image][\/et_pb_column][\/et_pb_row][et_pb_row column_structure=&#8221;1_2,1_2&#8243; _builder_version=&#8221;4.21.0&#8243; _module_preset=&#8221;default&#8221; width=&#8221;77%&#8221; max_width=&#8221;1092px&#8221; module_alignment=&#8221;center&#8221; custom_margin=&#8221;-60px|50px||50px|false|true&#8221; locked=&#8221;off&#8221; global_colors_info=&#8221;{}&#8221;][et_pb_column type=&#8221;1_2&#8243; _builder_version=&#8221;4.21.0&#8243; _module_preset=&#8221;default&#8221; global_colors_info=&#8221;{}&#8221;][et_pb_image src=&#8221;https:\/\/informacitta.oristano.studioprogetto2.it\/wp-content\/uploads\/2023\/06\/Schermata-2023-06-27-alle-18.32.24.png&#8221; title_text=&#8221;Schermata 2023-06-27 alle 18.32.24&#8243; url=&#8221;https:\/\/www.unicatt.it&#8221; url_new_window=&#8221;on&#8221; force_fullwidth=&#8221;on&#8221; _builder_version=&#8221;4.21.0&#8243; _module_preset=&#8221;default&#8221; module_alignment=&#8221;center&#8221; custom_margin=&#8221;10px||10px||false|false&#8221; custom_padding=&#8221;45px|||||&#8221; global_colors_info=&#8221;{}&#8221;][\/et_pb_image][\/et_pb_column][et_pb_column type=&#8221;1_2&#8243; _builder_version=&#8221;4.21.0&#8243; _module_preset=&#8221;default&#8221; global_colors_info=&#8221;{}&#8221;][et_pb_image src=&#8221;https:\/\/informacitta.oristano.studioprogetto2.it\/wp-content\/uploads\/2023\/06\/Schermata-2023-06-27-alle-18.32.40.png&#8221; title_text=&#8221;Schermata 2023-06-27 alle 18.32.40&#8243; url=&#8221;https:\/\/www.unich.it&#8221; url_new_window=&#8221;on&#8221; force_fullwidth=&#8221;on&#8221; _builder_version=&#8221;4.21.0&#8243; _module_preset=&#8221;default&#8221; module_alignment=&#8221;center&#8221; custom_margin=&#8221;12px||40px||false|false&#8221; custom_padding=&#8221;45px|||||&#8221; global_colors_info=&#8221;{}&#8221;][\/et_pb_image][\/et_pb_column][\/et_pb_row][et_pb_row column_structure=&#8221;1_2,1_2&#8243; _builder_version=&#8221;4.21.0&#8243; _module_preset=&#8221;default&#8221; width=&#8221;77%&#8221; max_width=&#8221;1092px&#8221; module_alignment=&#8221;center&#8221; custom_margin=&#8221;-60px|80px||50px|false|false&#8221; locked=&#8221;off&#8221; global_colors_info=&#8221;{}&#8221;][et_pb_column type=&#8221;1_2&#8243; _builder_version=&#8221;4.21.0&#8243; _module_preset=&#8221;default&#8221; global_colors_info=&#8221;{}&#8221;][et_pb_image src=&#8221;https:\/\/informacitta.oristano.studioprogetto2.it\/wp-content\/uploads\/2023\/06\/Schermata-2023-06-27-alle-18.32.49.png&#8221; title_text=&#8221;Schermata 2023-06-27 alle 18.32.49&#8243; url=&#8221;https:\/\/unikore.it&#8221; url_new_window=&#8221;on&#8221; force_fullwidth=&#8221;on&#8221; _builder_version=&#8221;4.21.0&#8243; _module_preset=&#8221;default&#8221; module_alignment=&#8221;center&#8221; custom_margin=&#8221;10px||10px||false|false&#8221; custom_padding=&#8221;45px|||||&#8221; global_colors_info=&#8221;{}&#8221;][\/et_pb_image][\/et_pb_column][et_pb_column type=&#8221;1_2&#8243; _builder_version=&#8221;4.21.0&#8243; _module_preset=&#8221;default&#8221; global_colors_info=&#8221;{}&#8221;][et_pb_image src=&#8221;https:\/\/informacitta.oristano.studioprogetto2.it\/wp-content\/uploads\/2023\/06\/Schermata-2023-06-27-alle-18.33.00.png&#8221; title_text=&#8221;Schermata 2023-06-27 alle 18.33.00&#8243; url=&#8221;https:\/\/www.universitaeuropeadiroma.itc&#8221; url_new_window=&#8221;on&#8221; force_fullwidth=&#8221;on&#8221; _builder_version=&#8221;4.21.0&#8243; _module_preset=&#8221;default&#8221; module_alignment=&#8221;center&#8221; custom_margin=&#8221;10px||40px||false|false&#8221; custom_padding=&#8221;45px|||||&#8221; global_colors_info=&#8221;{}&#8221;][\/et_pb_image][\/et_pb_column][\/et_pb_row][et_pb_row column_structure=&#8221;1_2,1_2&#8243; _builder_version=&#8221;4.21.0&#8243; _module_preset=&#8221;default&#8221; width=&#8221;77%&#8221; max_width=&#8221;1092px&#8221; module_alignment=&#8221;center&#8221; custom_margin=&#8221;-60px|80px||50px|false|false&#8221; locked=&#8221;off&#8221; global_colors_info=&#8221;{}&#8221;][et_pb_column type=&#8221;1_2&#8243; _builder_version=&#8221;4.21.0&#8243; _module_preset=&#8221;default&#8221; global_colors_info=&#8221;{}&#8221;][et_pb_image src=&#8221;https:\/\/informacitta.oristano.studioprogetto2.it\/wp-content\/uploads\/2023\/06\/Schermata-2023-06-27-alle-18.40.28.png&#8221; title_text=&#8221;Schermata 2023-06-27 alle 18.40.28&#8243; url=&#8221;https:\/\/www.unife.it\/it&#8221; url_new_window=&#8221;on&#8221; force_fullwidth=&#8221;on&#8221; _builder_version=&#8221;4.21.0&#8243; _module_preset=&#8221;default&#8221; module_alignment=&#8221;center&#8221; custom_margin=&#8221;10px||30px||false|false&#8221; custom_padding=&#8221;45px|||||&#8221; global_colors_info=&#8221;{}&#8221;][\/et_pb_image][\/et_pb_column][et_pb_column type=&#8221;1_2&#8243; _builder_version=&#8221;4.21.0&#8243; _module_preset=&#8221;default&#8221; global_colors_info=&#8221;{}&#8221;][et_pb_image src=&#8221;https:\/\/informacitta.oristano.studioprogetto2.it\/wp-content\/uploads\/2023\/06\/Schermata-2023-06-27-alle-18.40.36.png&#8221; title_text=&#8221;Schermata 2023-06-27 alle 18.40.36&#8243; url=&#8221;https:\/\/www.unifg.it\/it&#8221; url_new_window=&#8221;on&#8221; force_fullwidth=&#8221;on&#8221; _builder_version=&#8221;4.21.0&#8243; _module_preset=&#8221;default&#8221; custom_margin=&#8221;-10px||||false|false&#8221; custom_padding=&#8221;46px|||||&#8221; global_colors_info=&#8221;{}&#8221;][\/et_pb_image][\/et_pb_column][\/et_pb_row][et_pb_row column_structure=&#8221;1_2,1_2&#8243; _builder_version=&#8221;4.21.0&#8243; _module_preset=&#8221;default&#8221; width=&#8221;77%&#8221; max_width=&#8221;1092px&#8221; module_alignment=&#8221;center&#8221; custom_margin=&#8221;-60px|80px||50px|false|false&#8221; locked=&#8221;off&#8221; global_colors_info=&#8221;{}&#8221;][et_pb_column type=&#8221;1_2&#8243; _builder_version=&#8221;4.21.0&#8243; _module_preset=&#8221;default&#8221; global_colors_info=&#8221;{}&#8221;][et_pb_image src=&#8221;https:\/\/informacitta.oristano.studioprogetto2.it\/wp-content\/uploads\/2023\/06\/Schermata-2023-06-27-alle-18.40.49.png&#8221; title_text=&#8221;Schermata 2023-06-27 alle 18.40.49&#8243; url=&#8221;http:\/\/www.uniroma4.it&#8221; url_new_window=&#8221;on&#8221; force_fullwidth=&#8221;on&#8221; _builder_version=&#8221;4.21.0&#8243; _module_preset=&#8221;default&#8221; custom_margin=&#8221;40px||20px||false|false&#8221; custom_padding=&#8221;45px|||||&#8221; global_colors_info=&#8221;{}&#8221;][\/et_pb_image][\/et_pb_column][et_pb_column type=&#8221;1_2&#8243; _builder_version=&#8221;4.21.0&#8243; _module_preset=&#8221;default&#8221; global_colors_info=&#8221;{}&#8221;][et_pb_image src=&#8221;https:\/\/informacitta.oristano.studioprogetto2.it\/wp-content\/uploads\/2023\/06\/Schermata-2023-06-27-alle-18.41.00.png&#8221; title_text=&#8221;Schermata 2023-06-27 alle 18.41.00&#8243; url=&#8221;https:\/\/unige.it&#8221; url_new_window=&#8221;on&#8221; force_fullwidth=&#8221;on&#8221; _builder_version=&#8221;4.21.0&#8243; _module_preset=&#8221;default&#8221; custom_margin=&#8221;-10px||40px||false|false&#8221; custom_padding=&#8221;52px|||||&#8221; global_colors_info=&#8221;{}&#8221;][\/et_pb_image][\/et_pb_column][\/et_pb_row][et_pb_row column_structure=&#8221;1_2,1_2&#8243; _builder_version=&#8221;4.21.0&#8243; _module_preset=&#8221;default&#8221; width=&#8221;77%&#8221; max_width=&#8221;1092px&#8221; module_alignment=&#8221;center&#8221; custom_margin=&#8221;-60px|80px||50px|false|false&#8221; locked=&#8221;off&#8221; global_colors_info=&#8221;{}&#8221;][et_pb_column type=&#8221;1_2&#8243; _builder_version=&#8221;4.21.0&#8243; _module_preset=&#8221;default&#8221; global_colors_info=&#8221;{}&#8221;][et_pb_image src=&#8221;https:\/\/informacitta.oristano.studioprogetto2.it\/wp-content\/uploads\/2023\/06\/Schermata-2023-06-27-alle-18.44.42.png&#8221; title_text=&#8221;Schermata 2023-06-27 alle 18.44.42&#8243; url=&#8221;https:\/\/www.uninsubria.it&#8221; url_new_window=&#8221;on&#8221; _builder_version=&#8221;4.21.0&#8243; _module_preset=&#8221;default&#8221; custom_margin=&#8221;4px||20px||false|false&#8221; custom_padding=&#8221;45px|||||&#8221; global_colors_info=&#8221;{}&#8221;][\/et_pb_image][\/et_pb_column][et_pb_column type=&#8221;1_2&#8243; _builder_version=&#8221;4.21.0&#8243; _module_preset=&#8221;default&#8221; global_colors_info=&#8221;{}&#8221;][et_pb_image src=&#8221;https:\/\/informacitta.oristano.studioprogetto2.it\/wp-content\/uploads\/2023\/06\/Schermata-2023-06-27-alle-18.44.50.png&#8221; title_text=&#8221;Schermata 2023-06-27 alle 18.44.50&#8243; url=&#8221;https:\/\/www.unifortunato.eu&#8221; url_new_window=&#8221;on&#8221; _builder_version=&#8221;4.21.0&#8243; _module_preset=&#8221;default&#8221; custom_margin=&#8221;-10px||||false|false&#8221; custom_padding=&#8221;52px|||||&#8221; global_colors_info=&#8221;{}&#8221;][\/et_pb_image][\/et_pb_column][\/et_pb_row][et_pb_row column_structure=&#8221;1_2,1_2&#8243; _builder_version=&#8221;4.21.0&#8243; _module_preset=&#8221;default&#8221; width=&#8221;77%&#8221; max_width=&#8221;1092px&#8221; module_alignment=&#8221;center&#8221; custom_margin=&#8221;-60px|80px||50px|false|false&#8221; locked=&#8221;off&#8221; global_colors_info=&#8221;{}&#8221;][et_pb_column type=&#8221;1_2&#8243; _builder_version=&#8221;4.21.0&#8243; _module_preset=&#8221;default&#8221; global_colors_info=&#8221;{}&#8221;][et_pb_image src=&#8221;https:\/\/informacitta.oristano.studioprogetto2.it\/wp-content\/uploads\/2023\/06\/Schermata-2023-06-27-alle-18.44.57.png&#8221; title_text=&#8221;Schermata 2023-06-27 alle 18.44.57&#8243; url=&#8221;https:\/\/www.iuline.it&#8221; url_new_window=&#8221;on&#8221; _builder_version=&#8221;4.21.0&#8243; _module_preset=&#8221;default&#8221; custom_margin=&#8221;40px||20px||false|false&#8221; custom_padding=&#8221;45px|||||&#8221; global_colors_info=&#8221;{}&#8221;][\/et_pb_image][\/et_pb_column][et_pb_column type=&#8221;1_2&#8243; _builder_version=&#8221;4.21.0&#8243; _module_preset=&#8221;default&#8221; global_colors_info=&#8221;{}&#8221;][et_pb_image src=&#8221;https:\/\/informacitta.oristano.studioprogetto2.it\/wp-content\/uploads\/2023\/06\/Schermata-2023-06-27-alle-18.50.35.png&#8221; title_text=&#8221;Schermata 2023-06-27 alle 18.50.35&#8243; url=&#8221;https:\/\/www.uniroma1.it\/it\/&#8221; url_new_window=&#8221;on&#8221; force_fullwidth=&#8221;on&#8221; _builder_version=&#8221;4.21.0&#8243; _module_preset=&#8221;default&#8221; custom_margin=&#8221;-10px||40px||false|false&#8221; custom_padding=&#8221;52px|||||&#8221; global_colors_info=&#8221;{}&#8221;][\/et_pb_image][\/et_pb_column][\/et_pb_row][et_pb_row column_structure=&#8221;1_2,1_2&#8243; _builder_version=&#8221;4.21.0&#8243; _module_preset=&#8221;default&#8221; width=&#8221;77%&#8221; max_width=&#8221;1092px&#8221; module_alignment=&#8221;center&#8221; custom_margin=&#8221;-60px|80px||50px|false|false&#8221; locked=&#8221;off&#8221; global_colors_info=&#8221;{}&#8221;][et_pb_column type=&#8221;1_2&#8243; _builder_version=&#8221;4.21.0&#8243; _module_preset=&#8221;default&#8221; global_colors_info=&#8221;{}&#8221;][et_pb_image src=&#8221;https:\/\/informacitta.oristano.studioprogetto2.it\/wp-content\/uploads\/2023\/06\/Schermata-2023-06-27-alle-18.56.30.png&#8221; title_text=&#8221;Schermata 2023-06-27 alle 18.56.30&#8243; url=&#8221;https:\/\/www.univaq.it&#8221; url_new_window=&#8221;on&#8221; force_fullwidth=&#8221;on&#8221; _builder_version=&#8221;4.21.0&#8243; _module_preset=&#8221;default&#8221; custom_margin=&#8221;10px||30px||false|false&#8221; custom_padding=&#8221;45px|||||&#8221; global_colors_info=&#8221;{}&#8221;][\/et_pb_image][\/et_pb_column][et_pb_column type=&#8221;1_2&#8243; _builder_version=&#8221;4.21.0&#8243; _module_preset=&#8221;default&#8221; global_colors_info=&#8221;{}&#8221;][et_pb_image src=&#8221;https:\/\/informacitta.oristano.studioprogetto2.it\/wp-content\/uploads\/2023\/06\/Schermata-2023-06-27-alle-18.56.54.png&#8221; title_text=&#8221;Schermata 2023-06-27 alle 18.56.54&#8243; url=&#8221;https:\/\/www.liuc.it&#8221; url_new_window=&#8221;on&#8221; force_fullwidth=&#8221;on&#8221; _builder_version=&#8221;4.21.0&#8243; _module_preset=&#8221;default&#8221; custom_margin=&#8221;-10px||||false|false&#8221; custom_padding=&#8221;52px|||||&#8221; global_colors_info=&#8221;{}&#8221;][\/et_pb_image][\/et_pb_column][\/et_pb_row][et_pb_row column_structure=&#8221;1_2,1_2&#8243; _builder_version=&#8221;4.21.0&#8243; _module_preset=&#8221;default&#8221; width=&#8221;77%&#8221; max_width=&#8221;1092px&#8221; module_alignment=&#8221;center&#8221; custom_margin=&#8221;-60px|80px||50px|false|false&#8221; locked=&#8221;off&#8221; global_colors_info=&#8221;{}&#8221;][et_pb_column type=&#8221;1_2&#8243; _builder_version=&#8221;4.21.0&#8243; _module_preset=&#8221;default&#8221; global_colors_info=&#8221;{}&#8221;][et_pb_image src=&#8221;https:\/\/informacitta.oristano.studioprogetto2.it\/wp-content\/uploads\/2023\/06\/Schermata-2023-06-27-alle-18.57.30.png&#8221; title_text=&#8221;Schermata 2023-06-27 alle 18.57.30&#8243; url=&#8221;https:\/\/www.imtlucca.it&#8221; url_new_window=&#8221;on&#8221; force_fullwidth=&#8221;on&#8221; _builder_version=&#8221;4.21.0&#8243; _module_preset=&#8221;default&#8221; custom_margin=&#8221;50px||30px||false|false&#8221; custom_padding=&#8221;45px|||||&#8221; global_colors_info=&#8221;{}&#8221;][\/et_pb_image][\/et_pb_column][et_pb_column type=&#8221;1_2&#8243; _builder_version=&#8221;4.21.0&#8243; _module_preset=&#8221;default&#8221; global_colors_info=&#8221;{}&#8221;][et_pb_image src=&#8221;https:\/\/informacitta.oristano.studioprogetto2.it\/wp-content\/uploads\/2023\/06\/Schermata-2023-06-27-alle-18.57.42.png&#8221; title_text=&#8221;Schermata 2023-06-27 alle 18.57.42&#8243; url=&#8221;https:\/\/www.salonedellostudente.it\/atenei\/universita-lum-giuseppe-degennaro\/&#8221; url_new_window=&#8221;on&#8221; force_fullwidth=&#8221;on&#8221; _builder_version=&#8221;4.21.0&#8243; _module_preset=&#8221;default&#8221; custom_margin=&#8221;-10px||50px||false|false&#8221; custom_padding=&#8221;52px|||||&#8221; global_colors_info=&#8221;{}&#8221;][\/et_pb_image][\/et_pb_column][\/et_pb_row][et_pb_row column_structure=&#8221;1_2,1_2&#8243; _builder_version=&#8221;4.21.0&#8243; _module_preset=&#8221;default&#8221; width=&#8221;77%&#8221; max_width=&#8221;1092px&#8221; module_alignment=&#8221;center&#8221; custom_margin=&#8221;-60px|80px||50px|false|false&#8221; locked=&#8221;off&#8221; global_colors_info=&#8221;{}&#8221;][et_pb_column type=&#8221;1_2&#8243; _builder_version=&#8221;4.21.0&#8243; _module_preset=&#8221;default&#8221; global_colors_info=&#8221;{}&#8221;][et_pb_image src=&#8221;https:\/\/informacitta.oristano.studioprogetto2.it\/wp-content\/uploads\/2023\/06\/Schermata-2023-06-27-alle-19.13.30.png&#8221; title_text=&#8221;Schermata 2023-06-27 alle 19.13.30&#8243; url=&#8221;https:\/\/www.unimc.it\/it&#8221; url_new_window=&#8221;on&#8221; _builder_version=&#8221;4.21.0&#8243; _module_preset=&#8221;default&#8221; custom_padding=&#8221;45px|||||&#8221; global_colors_info=&#8221;{}&#8221;][\/et_pb_image][\/et_pb_column][et_pb_column type=&#8221;1_2&#8243; _builder_version=&#8221;4.21.0&#8243; _module_preset=&#8221;default&#8221; global_colors_info=&#8221;{}&#8221;][et_pb_image src=&#8221;https:\/\/informacitta.oristano.studioprogetto2.it\/wp-content\/uploads\/2023\/06\/Schermata-2023-06-27-alle-19.05.38.png&#8221; title_text=&#8221;Schermata 2023-06-27 alle 19.05.38&#8243; url=&#8221;https:\/\/www.univpm.it\/Entra\/&#8221; url_new_window=&#8221;on&#8221; _builder_version=&#8221;4.21.0&#8243; _module_preset=&#8221;default&#8221; custom_margin=&#8221;20px||40px||false|false&#8221; custom_padding=&#8221;52px|||||&#8221; global_colors_info=&#8221;{}&#8221;][\/et_pb_image][\/et_pb_column][\/et_pb_row][et_pb_row column_structure=&#8221;1_2,1_2&#8243; _builder_version=&#8221;4.21.0&#8243; _module_preset=&#8221;default&#8221; width=&#8221;77%&#8221; max_width=&#8221;1092px&#8221; module_alignment=&#8221;center&#8221; custom_margin=&#8221;-60px|50px||50px|false|true&#8221; locked=&#8221;off&#8221; global_colors_info=&#8221;{}&#8221;][et_pb_column type=&#8221;1_2&#8243; _builder_version=&#8221;4.21.0&#8243; _module_preset=&#8221;default&#8221; global_colors_info=&#8221;{}&#8221;][et_pb_image src=&#8221;https:\/\/informacitta.oristano.studioprogetto2.it\/wp-content\/uploads\/2023\/06\/Schermata-2023-06-27-alle-19.05.10.png&#8221; title_text=&#8221;Schermata 2023-06-27 alle 19.05.10&#8243; url=&#8221;https:\/\/www.google.com\/search?client=safari&#038;rls=en&#038;q=luiss+guido+carli&#038;ie=UTF-8&#038;oe=UTF-8&#8243; url_new_window=&#8221;on&#8221; _builder_version=&#8221;4.21.0&#8243; _module_preset=&#8221;default&#8221; custom_padding=&#8221;45px|||||&#8221; global_colors_info=&#8221;{}&#8221;][\/et_pb_image][\/et_pb_column][et_pb_column type=&#8221;1_2&#8243; _builder_version=&#8221;4.21.0&#8243; _module_preset=&#8221;default&#8221; global_colors_info=&#8221;{}&#8221;][et_pb_image src=&#8221;https:\/\/informacitta.oristano.studioprogetto2.it\/wp-content\/uploads\/2023\/06\/Schermata-2023-06-27-alle-19.05.21.png&#8221; title_text=&#8221;Schermata 2023-06-27 alle 19.05.21&#8243; url=&#8221;https:\/\/www.lumsa.it&#8221; url_new_window=&#8221;on&#8221; _builder_version=&#8221;4.21.0&#8243; _module_preset=&#8221;default&#8221; custom_margin=&#8221;20px||50px||false|false&#8221; custom_padding=&#8221;52px|||||&#8221; global_colors_info=&#8221;{}&#8221;][\/et_pb_image][\/et_pb_column][\/et_pb_row][et_pb_row column_structure=&#8221;1_2,1_2&#8243; _builder_version=&#8221;4.21.0&#8243; _module_preset=&#8221;default&#8221; width=&#8221;77%&#8221; max_width=&#8221;1092px&#8221; module_alignment=&#8221;center&#8221; custom_margin=&#8221;-60px|80px||50px|false|false&#8221; locked=&#8221;off&#8221; global_colors_info=&#8221;{}&#8221;][et_pb_column type=&#8221;1_2&#8243; _builder_version=&#8221;4.21.0&#8243; _module_preset=&#8221;default&#8221; global_colors_info=&#8221;{}&#8221;][et_pb_image src=&#8221;https:\/\/informacitta.oristano.studioprogetto2.it\/wp-content\/uploads\/2023\/06\/Schermata-2023-06-28-alle-10.02.43.png&#8221; title_text=&#8221;Schermata 2023-06-28 alle 10.02.43&#8243; url=&#8221;https:\/\/www.unimercatorum.it&#8221; url_new_window=&#8221;on&#8221; _builder_version=&#8221;4.21.0&#8243; _module_preset=&#8221;default&#8221; custom_padding=&#8221;45px|||||&#8221; global_colors_info=&#8221;{}&#8221;][\/et_pb_image][\/et_pb_column][et_pb_column type=&#8221;1_2&#8243; _builder_version=&#8221;4.21.0&#8243; _module_preset=&#8221;default&#8221; global_colors_info=&#8221;{}&#8221;][et_pb_image src=&#8221;https:\/\/informacitta.oristano.studioprogetto2.it\/wp-content\/uploads\/2023\/06\/Schermata-2023-06-28-alle-10.02.56.png&#8221; title_text=&#8221;Schermata 2023-06-28 alle 10.02.56&#8243; url=&#8221;https:\/\/www.unime.it&#8221; url_new_window=&#8221;on&#8221; _builder_version=&#8221;4.21.0&#8243; _module_preset=&#8221;default&#8221; custom_margin=&#8221;20px||50px||false|false&#8221; custom_padding=&#8221;52px|||||&#8221; global_colors_info=&#8221;{}&#8221;][\/et_pb_image][\/et_pb_column][\/et_pb_row][et_pb_row column_structure=&#8221;1_2,1_2&#8243; _builder_version=&#8221;4.21.0&#8243; _module_preset=&#8221;default&#8221; width=&#8221;77%&#8221; max_width=&#8221;1092px&#8221; module_alignment=&#8221;center&#8221; custom_margin=&#8221;-60px|80px||50px|false|false&#8221; locked=&#8221;off&#8221; global_colors_info=&#8221;{}&#8221;][et_pb_column type=&#8221;1_2&#8243; _builder_version=&#8221;4.21.0&#8243; _module_preset=&#8221;default&#8221; global_colors_info=&#8221;{}&#8221;][et_pb_image src=&#8221;https:\/\/informacitta.oristano.studioprogetto2.it\/wp-content\/uploads\/2023\/06\/Schermata-2023-06-28-alle-10.03.12.png&#8221; title_text=&#8221;Schermata 2023-06-28 alle 10.03.12&#8243; url=&#8221;https:\/\/www.unimi.it\/it&#8221; _builder_version=&#8221;4.21.0&#8243; _module_preset=&#8221;default&#8221; custom_padding=&#8221;45px|||||&#8221; global_colors_info=&#8221;{}&#8221;][\/et_pb_image][\/et_pb_column][et_pb_column type=&#8221;1_2&#8243; _builder_version=&#8221;4.21.0&#8243; _module_preset=&#8221;default&#8221; global_colors_info=&#8221;{}&#8221;][et_pb_image src=&#8221;https:\/\/informacitta.oristano.studioprogetto2.it\/wp-content\/uploads\/2023\/06\/Schermata-2023-06-28-alle-10.03.23.png&#8221; title_text=&#8221;Schermata 2023-06-28 alle 10.03.23&#8243; url=&#8221;https:\/\/www.unimib.it&#8221; url_new_window=&#8221;on&#8221; _builder_version=&#8221;4.21.0&#8243; _module_preset=&#8221;default&#8221; custom_margin=&#8221;20px||50px||false|false&#8221; custom_padding=&#8221;52px|||||&#8221; global_colors_info=&#8221;{}&#8221;][\/et_pb_image][\/et_pb_column][\/et_pb_row][et_pb_row column_structure=&#8221;1_2,1_2&#8243; _builder_version=&#8221;4.21.0&#8243; _module_preset=&#8221;default&#8221; width=&#8221;77%&#8221; max_width=&#8221;1092px&#8221; module_alignment=&#8221;center&#8221; custom_margin=&#8221;-60px|80px||50px|false|false&#8221; locked=&#8221;off&#8221; global_colors_info=&#8221;{}&#8221;][et_pb_column type=&#8221;1_2&#8243; _builder_version=&#8221;4.21.0&#8243; _module_preset=&#8221;default&#8221; global_colors_info=&#8221;{}&#8221;][et_pb_image src=&#8221;https:\/\/informacitta.oristano.studioprogetto2.it\/wp-content\/uploads\/2023\/06\/Schermata-2023-06-28-alle-10.09.16.png&#8221; title_text=&#8221;Schermata 2023-06-28 alle 10.09.16&#8243; url=&#8221;https:\/\/www.unibocconi.it\/wps\/wcm\/connect\/bocconi\/sitopubblico_it\/albero+di+navigazione\/home&#8221; url_new_window=&#8221;on&#8221; force_fullwidth=&#8221;on&#8221; _builder_version=&#8221;4.21.0&#8243; _module_preset=&#8221;default&#8221; custom_margin=&#8221;-10px||||false|false&#8221; custom_padding=&#8221;45px|||||&#8221; global_colors_info=&#8221;{}&#8221;][\/et_pb_image][\/et_pb_column][et_pb_column type=&#8221;1_2&#8243; _builder_version=&#8221;4.21.0&#8243; _module_preset=&#8221;default&#8221; global_colors_info=&#8221;{}&#8221;][et_pb_image src=&#8221;https:\/\/informacitta.oristano.studioprogetto2.it\/wp-content\/uploads\/2023\/06\/Schermata-2023-06-28-alle-10.09.23.png&#8221; title_text=&#8221;Schermata 2023-06-28 alle 10.09.23&#8243; url=&#8221;https:\/\/www.iulm.it\/it\/home&#8221; url_new_window=&#8221;on&#8221; force_fullwidth=&#8221;on&#8221; _builder_version=&#8221;4.21.0&#8243; _module_preset=&#8221;default&#8221; custom_margin=&#8221;20px||50px||false|false&#8221; custom_padding=&#8221;52px|||||&#8221; global_colors_info=&#8221;{}&#8221;][\/et_pb_image][\/et_pb_column][\/et_pb_row][et_pb_row column_structure=&#8221;1_2,1_2&#8243; _builder_version=&#8221;4.21.0&#8243; _module_preset=&#8221;default&#8221; width=&#8221;77%&#8221; max_width=&#8221;1092px&#8221; custom_margin=&#8221;-60px|80px||50px|false|false&#8221; module_alignment_tablet=&#8221;&#8221; module_alignment_phone=&#8221;center&#8221; module_alignment_last_edited=&#8221;on|phone&#8221; locked=&#8221;off&#8221; global_colors_info=&#8221;{}&#8221;][et_pb_column type=&#8221;1_2&#8243; _builder_version=&#8221;4.21.0&#8243; _module_preset=&#8221;default&#8221; global_colors_info=&#8221;{}&#8221;][et_pb_image src=&#8221;https:\/\/informacitta.oristano.studioprogetto2.it\/wp-content\/uploads\/2023\/06\/Schermata-2023-06-28-alle-10.09.35.png&#8221; title_text=&#8221;Schermata 2023-06-28 alle 10.09.35&#8243; url=&#8221;https:\/\/www.polimi.it&#8221; url_new_window=&#8221;on&#8221; force_fullwidth=&#8221;on&#8221; _builder_version=&#8221;4.21.0&#8243; _module_preset=&#8221;default&#8221; custom_padding=&#8221;45px|||||&#8221; global_colors_info=&#8221;{}&#8221;][\/et_pb_image][\/et_pb_column][et_pb_column type=&#8221;1_2&#8243; _builder_version=&#8221;4.21.0&#8243; _module_preset=&#8221;default&#8221; global_colors_info=&#8221;{}&#8221;][et_pb_image src=&#8221;https:\/\/informacitta.oristano.studioprogetto2.it\/wp-content\/uploads\/2023\/06\/Schermata-2023-06-28-alle-10.09.46.png&#8221; title_text=&#8221;Schermata 2023-06-28 alle 10.09.46&#8243; url=&#8221;https:\/\/www.unisr.it&#8221; url_new_window=&#8221;on&#8221; force_fullwidth=&#8221;on&#8221; _builder_version=&#8221;4.21.0&#8243; _module_preset=&#8221;default&#8221; custom_margin=&#8221;20px||60px||false|false&#8221; custom_padding=&#8221;52px|||||&#8221; global_colors_info=&#8221;{}&#8221;][\/et_pb_image][\/et_pb_column][\/et_pb_row][et_pb_row column_structure=&#8221;1_2,1_2&#8243; _builder_version=&#8221;4.21.0&#8243; _module_preset=&#8221;default&#8221; width=&#8221;77%&#8221; max_width=&#8221;1092px&#8221; module_alignment=&#8221;center&#8221; custom_margin=&#8221;-60px|80px||50px|false|false&#8221; locked=&#8221;off&#8221; global_colors_info=&#8221;{}&#8221;][et_pb_column type=&#8221;1_2&#8243; _builder_version=&#8221;4.21.0&#8243; _module_preset=&#8221;default&#8221; global_colors_info=&#8221;{}&#8221;][et_pb_image src=&#8221;https:\/\/informacitta.oristano.studioprogetto2.it\/wp-content\/uploads\/2023\/06\/Schermata-2023-06-28-alle-10.16.41.png&#8221; title_text=&#8221;Schermata 2023-06-28 alle 10.16.41&#8243; url=&#8221;https:\/\/www.unimore.it&#8221; url_new_window=&#8221;on&#8221; force_fullwidth=&#8221;on&#8221; _builder_version=&#8221;4.21.0&#8243; _module_preset=&#8221;default&#8221; custom_margin=&#8221;-10px||||false|false&#8221; custom_padding=&#8221;45px|||||&#8221; global_colors_info=&#8221;{}&#8221;][\/et_pb_image][\/et_pb_column][et_pb_column type=&#8221;1_2&#8243; _builder_version=&#8221;4.21.0&#8243; _module_preset=&#8221;default&#8221; global_colors_info=&#8221;{}&#8221;][et_pb_image src=&#8221;https:\/\/informacitta.oristano.studioprogetto2.it\/wp-content\/uploads\/2023\/06\/Schermata-2023-06-28-alle-10.16.48.png&#8221; title_text=&#8221;Schermata 2023-06-28 alle 10.16.48&#8243; url=&#8221;https:\/\/www2.unimol.it&#8221; url_new_window=&#8221;on&#8221; force_fullwidth=&#8221;on&#8221; _builder_version=&#8221;4.21.0&#8243; _module_preset=&#8221;default&#8221; custom_margin=&#8221;20px||60px||false|false&#8221; custom_padding=&#8221;52px|||||&#8221; global_colors_info=&#8221;{}&#8221;][\/et_pb_image][\/et_pb_column][\/et_pb_row][et_pb_row column_structure=&#8221;1_2,1_2&#8243; _builder_version=&#8221;4.21.0&#8243; _module_preset=&#8221;default&#8221; width=&#8221;77%&#8221; max_width=&#8221;1092px&#8221; module_alignment=&#8221;center&#8221; custom_margin=&#8221;-60px|80px||50px|false|false&#8221; locked=&#8221;off&#8221; global_colors_info=&#8221;{}&#8221;][et_pb_column type=&#8221;1_2&#8243; _builder_version=&#8221;4.21.0&#8243; _module_preset=&#8221;default&#8221; global_colors_info=&#8221;{}&#8221;][et_pb_image src=&#8221;https:\/\/informacitta.oristano.studioprogetto2.it\/wp-content\/uploads\/2023\/06\/Schermata-2023-06-28-alle-10.16.58.png&#8221; title_text=&#8221;Schermata 2023-06-28 alle 10.16.58&#8243; url=&#8221;https:\/\/www.unior.it\/it&#8221; url_new_window=&#8221;on&#8221; force_fullwidth=&#8221;on&#8221; _builder_version=&#8221;4.21.0&#8243; _module_preset=&#8221;default&#8221; custom_margin=&#8221;-10px||||false|false&#8221; custom_padding=&#8221;45px|||||&#8221; global_colors_info=&#8221;{}&#8221;][\/et_pb_image][\/et_pb_column][et_pb_column type=&#8221;1_2&#8243; _builder_version=&#8221;4.21.0&#8243; _module_preset=&#8221;default&#8221; global_colors_info=&#8221;{}&#8221;][et_pb_image src=&#8221;https:\/\/informacitta.oristano.studioprogetto2.it\/wp-content\/uploads\/2023\/06\/Schermata-2023-06-28-alle-10.17.09.png&#8221; title_text=&#8221;Schermata 2023-06-28 alle 10.17.09&#8243; url=&#8221;https:\/\/www.universita.it\/seconda-universita-degli-studi-di-napoli\/&#8221; url_new_window=&#8221;on&#8221; force_fullwidth=&#8221;on&#8221; _builder_version=&#8221;4.21.0&#8243; _module_preset=&#8221;default&#8221; custom_margin=&#8221;20px||50px||false|false&#8221; custom_padding=&#8221;52px|||||&#8221; global_colors_info=&#8221;{}&#8221;][\/et_pb_image][\/et_pb_column][\/et_pb_row][et_pb_row column_structure=&#8221;1_2,1_2&#8243; _builder_version=&#8221;4.21.0&#8243; _module_preset=&#8221;default&#8221; width=&#8221;77%&#8221; max_width=&#8221;1092px&#8221; module_alignment=&#8221;center&#8221; custom_margin=&#8221;-60px|80px||50px|false|false&#8221; locked=&#8221;off&#8221; global_colors_info=&#8221;{}&#8221;][et_pb_column type=&#8221;1_2&#8243; _builder_version=&#8221;4.21.0&#8243; _module_preset=&#8221;default&#8221; global_colors_info=&#8221;{}&#8221;][et_pb_image src=&#8221;https:\/\/informacitta.oristano.studioprogetto2.it\/wp-content\/uploads\/2023\/06\/Schermata-2023-06-28-alle-10.23.16.png&#8221; title_text=&#8221;Schermata 2023-06-28 alle 10.23.16&#8243; url=&#8221;https:\/\/www.unior.it\/it&#8221; url_new_window=&#8221;on&#8221; _builder_version=&#8221;4.21.0&#8243; _module_preset=&#8221;default&#8221; custom_padding=&#8221;45px|||||&#8221; global_colors_info=&#8221;{}&#8221;][\/et_pb_image][\/et_pb_column][et_pb_column type=&#8221;1_2&#8243; _builder_version=&#8221;4.21.0&#8243; _module_preset=&#8221;default&#8221; global_colors_info=&#8221;{}&#8221;][et_pb_image src=&#8221;https:\/\/informacitta.oristano.studioprogetto2.it\/wp-content\/uploads\/2023\/06\/Schermata-2023-06-28-alle-10.28.06.png&#8221; title_text=&#8221;Schermata 2023-06-28 alle 10.28.06&#8243; url=&#8221;https:\/\/www.unisob.na.it&#8221; url_new_window=&#8221;on&#8221; _builder_version=&#8221;4.21.0&#8243; _module_preset=&#8221;default&#8221; custom_margin=&#8221;20px||50px||false|false&#8221; custom_padding=&#8221;52px|||||&#8221; global_colors_info=&#8221;{}&#8221;][\/et_pb_image][\/et_pb_column][\/et_pb_row][et_pb_row column_structure=&#8221;1_2,1_2&#8243; _builder_version=&#8221;4.21.0&#8243; _module_preset=&#8221;default&#8221; width=&#8221;77%&#8221; max_width=&#8221;1092px&#8221; module_alignment=&#8221;center&#8221; custom_margin=&#8221;-60px|80px||50px|false|false&#8221; locked=&#8221;off&#8221; global_colors_info=&#8221;{}&#8221;][et_pb_column type=&#8221;1_2&#8243; _builder_version=&#8221;4.21.0&#8243; _module_preset=&#8221;default&#8221; global_colors_info=&#8221;{}&#8221;][et_pb_image src=&#8221;https:\/\/informacitta.oristano.studioprogetto2.it\/wp-content\/uploads\/2023\/06\/Schermata-2023-06-28-alle-10.28.16.png&#8221; title_text=&#8221;Schermata 2023-06-28 alle 10.28.16&#8243; url=&#8221;https:\/\/www.unipd.it&#8221; url_new_window=&#8221;on&#8221; _builder_version=&#8221;4.21.0&#8243; _module_preset=&#8221;default&#8221; custom_padding=&#8221;45px|||||&#8221; global_colors_info=&#8221;{}&#8221;][\/et_pb_image][\/et_pb_column][et_pb_column type=&#8221;1_2&#8243; _builder_version=&#8221;4.21.0&#8243; _module_preset=&#8221;default&#8221; global_colors_info=&#8221;{}&#8221;][et_pb_image src=&#8221;https:\/\/informacitta.oristano.studioprogetto2.it\/wp-content\/uploads\/2023\/06\/Schermata-2023-06-28-alle-10.28.28.png&#8221; title_text=&#8221;Schermata 2023-06-28 alle 10.28.28&#8243; url=&#8221;https:\/\/www.unipa.it&#8221; url_new_window=&#8221;on&#8221; _builder_version=&#8221;4.21.0&#8243; _module_preset=&#8221;default&#8221; custom_margin=&#8221;20px||||false|false&#8221; custom_padding=&#8221;52px|||||&#8221; global_colors_info=&#8221;{}&#8221;][\/et_pb_image][\/et_pb_column][\/et_pb_row][et_pb_row column_structure=&#8221;1_2,1_2&#8243; _builder_version=&#8221;4.21.0&#8243; _module_preset=&#8221;default&#8221; width=&#8221;77%&#8221; max_width=&#8221;1092px&#8221; module_alignment=&#8221;center&#8221; custom_margin=&#8221;-60px|80px||50px|false|false&#8221; locked=&#8221;off&#8221; global_colors_info=&#8221;{}&#8221;][et_pb_column type=&#8221;1_2&#8243; _builder_version=&#8221;4.21.0&#8243; _module_preset=&#8221;default&#8221; global_colors_info=&#8221;{}&#8221;][et_pb_image src=&#8221;https:\/\/informacitta.oristano.studioprogetto2.it\/wp-content\/uploads\/2023\/06\/Schermata-2023-06-28-alle-10.33.18.png&#8221; title_text=&#8221;Schermata 2023-06-28 alle 10.33.18&#8243; url=&#8221;https:\/\/www.santannapisa.it\/it&#8221; url_new_window=&#8221;on&#8221; _builder_version=&#8221;4.21.0&#8243; _module_preset=&#8221;default&#8221; custom_margin=&#8221;50px||28px||false|false&#8221; custom_padding=&#8221;45px|||||&#8221; global_colors_info=&#8221;{}&#8221;][\/et_pb_image][\/et_pb_column][et_pb_column type=&#8221;1_2&#8243; _builder_version=&#8221;4.21.0&#8243; _module_preset=&#8221;default&#8221; global_colors_info=&#8221;{}&#8221;][et_pb_image src=&#8221;https:\/\/informacitta.oristano.studioprogetto2.it\/wp-content\/uploads\/2023\/06\/Schermata-2023-06-28-alle-10.33.25.png&#8221; title_text=&#8221;Schermata 2023-06-28 alle 10.33.25&#8243; url=&#8221;https:\/\/www.sns.it\/it&#8221; url_new_window=&#8221;on&#8221; _builder_version=&#8221;4.21.0&#8243; _module_preset=&#8221;default&#8221; custom_margin=&#8221;-10px||||false|false&#8221; custom_padding=&#8221;52px|||||&#8221; global_colors_info=&#8221;{}&#8221;][\/et_pb_image][\/et_pb_column][\/et_pb_row][et_pb_row column_structure=&#8221;1_2,1_2&#8243; _builder_version=&#8221;4.21.0&#8243; _module_preset=&#8221;default&#8221; width=&#8221;77%&#8221; max_width=&#8221;1092px&#8221; module_alignment=&#8221;center&#8221; custom_margin=&#8221;-60px|80px||50px|false|false&#8221; locked=&#8221;off&#8221; global_colors_info=&#8221;{}&#8221;][et_pb_column type=&#8221;1_2&#8243; _builder_version=&#8221;4.21.0&#8243; _module_preset=&#8221;default&#8221; global_colors_info=&#8221;{}&#8221;][et_pb_image src=&#8221;https:\/\/informacitta.oristano.studioprogetto2.it\/wp-content\/uploads\/2023\/06\/Schermata-2023-06-28-alle-10.41.06.png&#8221; title_text=&#8221;Schermata 2023-06-28 alle 10.41.06&#8243; url=&#8221;https:\/\/www.unirc.it&#8221; url_new_window=&#8221;on&#8221; _builder_version=&#8221;4.21.0&#8243; _module_preset=&#8221;default&#8221; custom_margin=&#8221;50px||20px||false|false&#8221; custom_padding=&#8221;45px|||||&#8221; global_colors_info=&#8221;{}&#8221;][\/et_pb_image][\/et_pb_column][et_pb_column type=&#8221;1_2&#8243; _builder_version=&#8221;4.21.0&#8243; _module_preset=&#8221;default&#8221; global_colors_info=&#8221;{}&#8221;][et_pb_image src=&#8221;https:\/\/informacitta.oristano.studioprogetto2.it\/wp-content\/uploads\/2023\/06\/Schermata-2023-06-28-alle-10.41.15.png&#8221; title_text=&#8221;Schermata 2023-06-28 alle 10.41.15&#8243; url=&#8221;https:\/\/www.unidarc.it&#8221; url_new_window=&#8221;on&#8221; _builder_version=&#8221;4.21.0&#8243; _module_preset=&#8221;default&#8221; custom_margin=&#8221;-10px||||false|false&#8221; custom_padding=&#8221;52px|||||&#8221; global_colors_info=&#8221;{}&#8221;][\/et_pb_image][\/et_pb_column][\/et_pb_row][et_pb_row column_structure=&#8221;1_2,1_2&#8243; _builder_version=&#8221;4.21.0&#8243; _module_preset=&#8221;default&#8221; width=&#8221;77%&#8221; max_width=&#8221;1092px&#8221; module_alignment=&#8221;center&#8221; custom_margin=&#8221;-60px|80px||50px|false|false&#8221; locked=&#8221;off&#8221; global_colors_info=&#8221;{}&#8221;][et_pb_column type=&#8221;1_2&#8243; _builder_version=&#8221;4.21.0&#8243; _module_preset=&#8221;default&#8221; global_colors_info=&#8221;{}&#8221;][et_pb_image src=&#8221;https:\/\/informacitta.oristano.studioprogetto2.it\/wp-content\/uploads\/2023\/06\/Schermata-2023-06-28-alle-10.41.25.png&#8221; title_text=&#8221;Schermata 2023-06-28 alle 10.41.25&#8243; url=&#8221;http:\/\/web.uniroma2.it&#8221; url_new_window=&#8221;on&#8221; _builder_version=&#8221;4.21.0&#8243; _module_preset=&#8221;default&#8221; custom_margin=&#8221;50px||30px||false|false&#8221; custom_padding=&#8221;45px|||||&#8221; global_colors_info=&#8221;{}&#8221;][\/et_pb_image][\/et_pb_column][et_pb_column type=&#8221;1_2&#8243; _builder_version=&#8221;4.21.0&#8243; _module_preset=&#8221;default&#8221; global_colors_info=&#8221;{}&#8221;][et_pb_image src=&#8221;https:\/\/informacitta.oristano.studioprogetto2.it\/wp-content\/uploads\/2023\/06\/Schermata-2023-06-28-alle-10.41.32.png&#8221; title_text=&#8221;Schermata 2023-06-28 alle 10.41.32&#8243; url=&#8221;https:\/\/www.uniroma3.it&#8221; url_new_window=&#8221;on&#8221; _builder_version=&#8221;4.21.0&#8243; _module_preset=&#8221;default&#8221; custom_margin=&#8221;-10px||||false|false&#8221; custom_padding=&#8221;52px|||||&#8221; global_colors_info=&#8221;{}&#8221;][\/et_pb_image][\/et_pb_column][\/et_pb_row][et_pb_row column_structure=&#8221;1_2,1_2&#8243; _builder_version=&#8221;4.21.0&#8243; _module_preset=&#8221;default&#8221; width=&#8221;77%&#8221; max_width=&#8221;1092px&#8221; module_alignment=&#8221;center&#8221; custom_margin=&#8221;-60px|82px||50px|false|false&#8221; locked=&#8221;off&#8221; global_colors_info=&#8221;{}&#8221;][et_pb_column type=&#8221;1_2&#8243; _builder_version=&#8221;4.21.0&#8243; _module_preset=&#8221;default&#8221; global_colors_info=&#8221;{}&#8221;][et_pb_image src=&#8221;https:\/\/informacitta.oristano.studioprogetto2.it\/wp-content\/uploads\/2023\/06\/Schermata-2023-06-28-alle-10.48.36.png&#8221; title_text=&#8221;Schermata 2023-06-28 alle 10.48.36&#8243; url=&#8221;https:\/\/www.unisalento.it&#8221; url_new_window=&#8221;on&#8221; _builder_version=&#8221;4.21.0&#8243; _module_preset=&#8221;default&#8221; custom_margin=&#8221;50px||30px||false|false&#8221; custom_padding=&#8221;45px|||||&#8221; global_colors_info=&#8221;{}&#8221;][\/et_pb_image][\/et_pb_column][et_pb_column type=&#8221;1_2&#8243; _builder_version=&#8221;4.21.0&#8243; _module_preset=&#8221;default&#8221; global_colors_info=&#8221;{}&#8221;][et_pb_image src=&#8221;https:\/\/informacitta.oristano.studioprogetto2.it\/wp-content\/uploads\/2023\/06\/Schermata-2023-06-28-alle-10.48.45.png&#8221; title_text=&#8221;Schermata 2023-06-28 alle 10.48.45&#8243; url=&#8221;https:\/\/www.unisa.it&#8221; url_new_window=&#8221;on&#8221; _builder_version=&#8221;4.21.0&#8243; _module_preset=&#8221;default&#8221; custom_margin=&#8221;-10px||||false|false&#8221; custom_padding=&#8221;52px|||||&#8221; global_colors_info=&#8221;{}&#8221;][\/et_pb_image][\/et_pb_column][\/et_pb_row][et_pb_row column_structure=&#8221;1_2,1_2&#8243; _builder_version=&#8221;4.21.0&#8243; _module_preset=&#8221;default&#8221; width=&#8221;77%&#8221; max_width=&#8221;1092px&#8221; module_alignment=&#8221;center&#8221; custom_margin=&#8221;-60px|80px||50px|false|false&#8221; locked=&#8221;off&#8221; global_colors_info=&#8221;{}&#8221;][et_pb_column type=&#8221;1_2&#8243; _builder_version=&#8221;4.21.0&#8243; _module_preset=&#8221;default&#8221; global_colors_info=&#8221;{}&#8221;][et_pb_image src=&#8221;https:\/\/informacitta.oristano.studioprogetto2.it\/wp-content\/uploads\/2023\/06\/Schermata-2023-06-28-alle-10.48.52.png&#8221; title_text=&#8221;Schermata 2023-06-28 alle 10.48.52&#8243; url=&#8221;https:\/\/www.googleadservices.com\/pagead\/aclk?sa=L&#038;ai=DChcSEwjtl_vh2eX_AhUHi4MHHeK6BY0YABAAGgJlZg&#038;ae=2&#038;ohost=www.google.com&#038;cid=CAESaOD2PYs8uJCzvO6inS_bq_7YVFgDOa6EqKAUqVhVWIJFLHR2kDi6UednJjcBvPhQq5ZO9PUosG2F928x47bvDYk2G1ggzT4qErdXFuCdgzJPi0YNPcb8Hn9BEsv4C9Mi6w5zciPIyfVz&#038;sig=AOD64_3SuySCJ7CHSJ9FXfR8eNyWuu5uiw&#038;q&#038;adurl&#038;ved=2ahUKEwiW0vPh2eX_AhU3h_0HHfZzB40Q0Qx6BAgDEAE&#038;nis=8&#038;dct=1&#8243; url_new_window=&#8221;on&#8221; _builder_version=&#8221;4.21.0&#8243; _module_preset=&#8221;default&#8221; custom_margin=&#8221;50px||20px||false|false&#8221; custom_padding=&#8221;45px|||||&#8221; global_colors_info=&#8221;{}&#8221;][\/et_pb_image][\/et_pb_column][et_pb_column type=&#8221;1_2&#8243; _builder_version=&#8221;4.21.0&#8243; _module_preset=&#8221;default&#8221; global_colors_info=&#8221;{}&#8221;][et_pb_image src=&#8221;https:\/\/informacitta.oristano.studioprogetto2.it\/wp-content\/uploads\/2023\/06\/Schermata-2023-06-28-alle-10.48.58.png&#8221; title_text=&#8221;Schermata 2023-06-28 alle 10.48.58&#8243; url=&#8221;https:\/\/www.unisi.it&#8221; url_new_window=&#8221;on&#8221; _builder_version=&#8221;4.21.0&#8243; _module_preset=&#8221;default&#8221; custom_margin=&#8221;-10px||||false|false&#8221; custom_padding=&#8221;52px|||||&#8221; global_colors_info=&#8221;{}&#8221;][\/et_pb_image][\/et_pb_column][\/et_pb_row][et_pb_row column_structure=&#8221;1_2,1_2&#8243; _builder_version=&#8221;4.21.0&#8243; _module_preset=&#8221;default&#8221; width=&#8221;77%&#8221; max_width=&#8221;1092px&#8221; module_alignment=&#8221;center&#8221; custom_margin=&#8221;-60px|80px||50px|false|false&#8221; locked=&#8221;off&#8221; global_colors_info=&#8221;{}&#8221;][et_pb_column type=&#8221;1_2&#8243; _builder_version=&#8221;4.21.0&#8243; _module_preset=&#8221;default&#8221; global_colors_info=&#8221;{}&#8221;][et_pb_image src=&#8221;https:\/\/informacitta.oristano.studioprogetto2.it\/wp-content\/uploads\/2023\/06\/Schermata-2023-06-28-alle-10.53.15.png&#8221; title_text=&#8221;Schermata 2023-06-28 alle 10.53.15&#8243; url=&#8221;https:\/\/www.unistrasi.it\/home.asp&#8221; url_new_window=&#8221;on&#8221; force_fullwidth=&#8221;on&#8221; _builder_version=&#8221;4.21.0&#8243; _module_preset=&#8221;default&#8221; custom_margin=&#8221;50px||20px||false|false&#8221; custom_padding=&#8221;45px|||||&#8221; global_colors_info=&#8221;{}&#8221;][\/et_pb_image][\/et_pb_column][et_pb_column type=&#8221;1_2&#8243; _builder_version=&#8221;4.21.0&#8243; _module_preset=&#8221;default&#8221; global_colors_info=&#8221;{}&#8221;][et_pb_image src=&#8221;https:\/\/informacitta.oristano.studioprogetto2.it\/wp-content\/uploads\/2023\/06\/Schermata-2023-06-28-alle-10.53.49.png&#8221; title_text=&#8221;Schermata 2023-06-28 alle 10.53.49&#8243; url=&#8221;https:\/\/www.unint.eu&#8221; url_new_window=&#8221;on&#8221; _builder_version=&#8221;4.21.0&#8243; _module_preset=&#8221;default&#8221; custom_margin=&#8221;-10px||||false|false&#8221; custom_padding=&#8221;52px|||||&#8221; global_colors_info=&#8221;{}&#8221;][\/et_pb_image][\/et_pb_column][\/et_pb_row][et_pb_row column_structure=&#8221;1_2,1_2&#8243; _builder_version=&#8221;4.21.0&#8243; _module_preset=&#8221;default&#8221; width=&#8221;77%&#8221; max_width=&#8221;1092px&#8221; module_alignment=&#8221;center&#8221; custom_margin=&#8221;-60px|80px||50px|false|false&#8221; locked=&#8221;off&#8221; global_colors_info=&#8221;{}&#8221;][et_pb_column type=&#8221;1_2&#8243; _builder_version=&#8221;4.21.0&#8243; _module_preset=&#8221;default&#8221; global_colors_info=&#8221;{}&#8221;][et_pb_image src=&#8221;https:\/\/informacitta.oristano.studioprogetto2.it\/wp-content\/uploads\/2023\/06\/Schermata-2023-06-28-alle-10.55.06.png&#8221; title_text=&#8221;Schermata 2023-06-28 alle 10.55.06&#8243; url=&#8221;https:\/\/www.unite.it\/UniTE\/&#8221; url_new_window=&#8221;on&#8221; _builder_version=&#8221;4.21.0&#8243; _module_preset=&#8221;default&#8221; custom_margin=&#8221;50px||20px||false|false&#8221; custom_padding=&#8221;45px|||||&#8221; global_colors_info=&#8221;{}&#8221;][\/et_pb_image][\/et_pb_column][et_pb_column type=&#8221;1_2&#8243; _builder_version=&#8221;4.21.0&#8243; _module_preset=&#8221;default&#8221; global_colors_info=&#8221;{}&#8221;][et_pb_image src=&#8221;https:\/\/informacitta.oristano.studioprogetto2.it\/wp-content\/uploads\/2023\/06\/Schermata-2023-06-28-alle-10.55.13.png&#8221; title_text=&#8221;Schermata 2023-06-28 alle 10.55.13&#8243; url=&#8221;https:\/\/www.unito.it&#8221; url_new_window=&#8221;on&#8221; _builder_version=&#8221;4.21.0&#8243; _module_preset=&#8221;default&#8221; custom_margin=&#8221;-10px||||false|false&#8221; custom_padding=&#8221;52px|||||&#8221; global_colors_info=&#8221;{}&#8221;][\/et_pb_image][\/et_pb_column][\/et_pb_row][et_pb_row column_structure=&#8221;1_2,1_2&#8243; _builder_version=&#8221;4.21.0&#8243; _module_preset=&#8221;default&#8221; width=&#8221;77%&#8221; max_width=&#8221;1092px&#8221; module_alignment=&#8221;center&#8221; custom_margin=&#8221;-60px|80px||50px|false|false&#8221; locked=&#8221;off&#8221; global_colors_info=&#8221;{}&#8221;][et_pb_column type=&#8221;1_2&#8243; _builder_version=&#8221;4.21.0&#8243; _module_preset=&#8221;default&#8221; global_colors_info=&#8221;{}&#8221;][et_pb_image src=&#8221;https:\/\/informacitta.oristano.studioprogetto2.it\/wp-content\/uploads\/2023\/06\/Schermata-2023-06-28-alle-10.55.58.png&#8221; title_text=&#8221;Schermata 2023-06-28 alle 10.55.58&#8243; url=&#8221;https:\/\/www.unitelmasapienza.it&#8221; url_new_window=&#8221;on&#8221; _builder_version=&#8221;4.21.0&#8243; _module_preset=&#8221;default&#8221; custom_margin=&#8221;50px||20px||false|false&#8221; custom_padding=&#8221;45px|||||&#8221; global_colors_info=&#8221;{}&#8221;][\/et_pb_image][\/et_pb_column][et_pb_column type=&#8221;1_2&#8243; _builder_version=&#8221;4.21.0&#8243; _module_preset=&#8221;default&#8221; global_colors_info=&#8221;{}&#8221;][et_pb_image src=&#8221;https:\/\/informacitta.oristano.studioprogetto2.it\/wp-content\/uploads\/2023\/06\/Schermata-2023-06-28-alle-10.56.07.png&#8221; title_text=&#8221;Schermata 2023-06-28 alle 10.56.07&#8243; url=&#8221;https:\/\/www.uniurb.it&#8221; url_new_window=&#8221;on&#8221; _builder_version=&#8221;4.21.0&#8243; _module_preset=&#8221;default&#8221; custom_margin=&#8221;-10px||||false|false&#8221; custom_padding=&#8221;52px|||||&#8221; global_colors_info=&#8221;{}&#8221;][\/et_pb_image][\/et_pb_column][\/et_pb_row][et_pb_row column_structure=&#8221;1_2,1_2&#8243; _builder_version=&#8221;4.21.0&#8243; _module_preset=&#8221;default&#8221; width=&#8221;77%&#8221; max_width=&#8221;1092px&#8221; module_alignment=&#8221;center&#8221; custom_margin=&#8221;-60px|80px||50px|false|false&#8221; locked=&#8221;off&#8221; global_colors_info=&#8221;{}&#8221;][et_pb_column type=&#8221;1_2&#8243; _builder_version=&#8221;4.21.0&#8243; _module_preset=&#8221;default&#8221; global_colors_info=&#8221;{}&#8221;][et_pb_image src=&#8221;https:\/\/informacitta.oristano.studioprogetto2.it\/wp-content\/uploads\/2023\/06\/Schermata-2023-06-28-alle-10.55.41.png&#8221; title_text=&#8221;Schermata 2023-06-28 alle 10.55.41&#8243; url=&#8221;https:\/\/www.uniud.it\/it&#8221; url_new_window=&#8221;on&#8221; _builder_version=&#8221;4.21.0&#8243; _module_preset=&#8221;default&#8221; custom_margin=&#8221;50px||20px||false|false&#8221; custom_padding=&#8221;45px|||||&#8221; global_colors_info=&#8221;{}&#8221;][\/et_pb_image][\/et_pb_column][et_pb_column type=&#8221;1_2&#8243; _builder_version=&#8221;4.21.0&#8243; _module_preset=&#8221;default&#8221; global_colors_info=&#8221;{}&#8221;][et_pb_image src=&#8221;https:\/\/informacitta.oristano.studioprogetto2.it\/wp-content\/uploads\/2023\/06\/Schermata-2023-06-28-alle-10.55.48.png&#8221; title_text=&#8221;Schermata 2023-06-28 alle 10.55.48&#8243; url=&#8221;https:\/\/www.unicusano.it&#8221; url_new_window=&#8221;on&#8221; _builder_version=&#8221;4.21.0&#8243; _module_preset=&#8221;default&#8221; custom_margin=&#8221;-10px||||false|false&#8221; custom_padding=&#8221;52px|||||&#8221; global_colors_info=&#8221;{}&#8221;][\/et_pb_image][\/et_pb_column][\/et_pb_row][et_pb_row column_structure=&#8221;1_2,1_2&#8243; _builder_version=&#8221;4.21.0&#8243; _module_preset=&#8221;default&#8221; width=&#8221;77%&#8221; max_width=&#8221;1092px&#8221; module_alignment=&#8221;center&#8221; custom_margin=&#8221;-60px|80px||50px|false|false&#8221; locked=&#8221;off&#8221; global_colors_info=&#8221;{}&#8221;][et_pb_column type=&#8221;1_2&#8243; _builder_version=&#8221;4.21.0&#8243; _module_preset=&#8221;default&#8221; global_colors_info=&#8221;{}&#8221;][et_pb_image src=&#8221;https:\/\/informacitta.oristano.studioprogetto2.it\/wp-content\/uploads\/2023\/06\/Schermata-2023-06-28-alle-10.56.17.png&#8221; title_text=&#8221;Schermata 2023-06-28 alle 10.56.17&#8243; url=&#8221;https:\/\/www.univda.it&#8221; url_new_window=&#8221;on&#8221; _builder_version=&#8221;4.21.0&#8243; _module_preset=&#8221;default&#8221; custom_margin=&#8221;50px||30px||false|false&#8221; custom_padding=&#8221;45px|||||&#8221; global_colors_info=&#8221;{}&#8221;][\/et_pb_image][\/et_pb_column][et_pb_column type=&#8221;1_2&#8243; _builder_version=&#8221;4.21.0&#8243; _module_preset=&#8221;default&#8221; global_colors_info=&#8221;{}&#8221;][et_pb_image src=&#8221;https:\/\/informacitta.oristano.studioprogetto2.it\/wp-content\/uploads\/2023\/06\/Schermata-2023-06-28-alle-10.56.28.png&#8221; title_text=&#8221;Schermata 2023-06-28 alle 10.56.28&#8243; url=&#8221;https:\/\/www.univr.it\/home&#8221; url_new_window=&#8221;on&#8221; _builder_version=&#8221;4.21.0&#8243; _module_preset=&#8221;default&#8221; custom_margin=&#8221;-10px||||false|false&#8221; custom_padding=&#8221;52px|||||&#8221; global_colors_info=&#8221;{}&#8221;][\/et_pb_image][\/et_pb_column][\/et_pb_row][et_pb_row column_structure=&#8221;1_2,1_2&#8243; _builder_version=&#8221;4.21.0&#8243; _module_preset=&#8221;default&#8221; width=&#8221;77%&#8221; max_width=&#8221;1092px&#8221; module_alignment=&#8221;center&#8221; custom_margin=&#8221;-60px|80px||50px|false|false&#8221; custom_padding=&#8221;||1px|||&#8221; locked=&#8221;off&#8221; global_colors_info=&#8221;{}&#8221;][et_pb_column type=&#8221;1_2&#8243; _builder_version=&#8221;4.21.0&#8243; _module_preset=&#8221;default&#8221; global_colors_info=&#8221;{}&#8221;][et_pb_image src=&#8221;https:\/\/informacitta.oristano.studioprogetto2.it\/wp-content\/uploads\/2023\/06\/Schermata-2023-06-28-alle-10.56.36.png&#8221; title_text=&#8221;Schermata 2023-06-28 alle 10.56.36&#8243; url=&#8221;http:\/\/www.unitus.it&#8221; url_new_window=&#8221;on&#8221; _builder_version=&#8221;4.21.0&#8243; _module_preset=&#8221;default&#8221; custom_margin=&#8221;50px||50px||false|false&#8221; custom_padding=&#8221;45px|||||&#8221; global_colors_info=&#8221;{}&#8221;][\/et_pb_image][\/et_pb_column][et_pb_column type=&#8221;1_2&#8243; _builder_version=&#8221;4.21.0&#8243; _module_preset=&#8221;default&#8221; global_colors_info=&#8221;{}&#8221;][\/et_pb_column][\/et_pb_row][\/et_pb_section][et_pb_section fb_built=&#8221;1&#8243; disabled_on=&#8221;on|on|off&#8221; _builder_version=&#8221;4.21.0&#8243; _module_preset=&#8221;default&#8221; background_image=&#8221;https:\/\/informacitta.oristano.studioprogetto2.it\/wp-content\/uploads\/2023\/06\/Schermata-2023-06-26-alle-15.53.10.png&#8221; custom_margin=&#8221;-135px|-215px||-215px|false|true&#8221; custom_padding=&#8221;83px|||||&#8221; locked=&#8221;off&#8221; global_colors_info=&#8221;{}&#8221;][et_pb_row column_structure=&#8221;1_4,1_4,1_4,1_4&#8243; _builder_version=&#8221;4.21.0&#8243; _module_preset=&#8221;default&#8221; max_width=&#8221;1130px&#8221; custom_margin=&#8221;20px|185px||185px|false|true&#8221; custom_css_before=&#8221;.desktop-onlyalign-content&#8221; global_colors_info=&#8221;{}&#8221; custom_css_before_tablet=&#8221;.desktop-onlyalign-content&#8221; custom_css_before_phone=&#8221;.desktop-onlyalign-content&#8221; custom_css_before_last_edited=&#8221;on|desktop&#8221;][et_pb_column type=&#8221;1_4&#8243; _builder_version=&#8221;4.21.0&#8243; _module_preset=&#8221;default&#8221; global_colors_info=&#8221;{}&#8221;][et_pb_image src=&#8221;https:\/\/informacitta.oristano.studioprogetto2.it\/wp-content\/uploads\/2023\/06\/Schermata-2023-06-27-alle-17.52.30.png&#8221; title_text=&#8221;Schermata 2023-06-27 alle 17.52.30&#8243; _builder_version=&#8221;4.21.0&#8243; _module_preset=&#8221;default&#8221; custom_padding=&#8221;45px|||||&#8221; global_colors_info=&#8221;{}&#8221;][\/et_pb_image][\/et_pb_column][et_pb_column type=&#8221;1_4&#8243; _builder_version=&#8221;4.21.0&#8243; _module_preset=&#8221;default&#8221; global_colors_info=&#8221;{}&#8221;][et_pb_text _builder_version=&#8221;4.21.0&#8243; _module_preset=&#8221;default&#8221; text_font=&#8221;Montserrat|600|||||||&#8221; text_text_color=&#8221;#0965a2&#8243; text_font_size=&#8221;15px&#8221; header_font_size=&#8221;33px&#8221; module_alignment=&#8221;center&#8221; custom_margin=&#8221;25px||||false|false&#8221; custom_padding=&#8221;22px|29px||2px||&#8221; global_colors_info=&#8221;{}&#8221;]<\/p>\n<p>Toscana<\/p>\n<p>[\/et_pb_text][et_pb_icon font_icon=&#8221;&#xf276;||fa||900&#8243; icon_color=&#8221;#0965a2&#8243; icon_width=&#8221;23px&#8221; align=&#8221;left&#8221; _builder_version=&#8221;4.21.0&#8243; _module_preset=&#8221;default&#8221; custom_margin=&#8221;-114px|||-36px|false|false&#8221; custom_padding=&#8221;55px|91px||0px||&#8221; locked=&#8221;off&#8221; global_colors_info=&#8221;{}&#8221;][\/et_pb_icon][et_pb_text _builder_version=&#8221;4.21.0&#8243; _module_preset=&#8221;default&#8221; text_font=&#8221;Montserrat|600|||||||&#8221; text_text_color=&#8221;#0965a2&#8243; text_font_size=&#8221;16px&#8221; header_font=&#8221;Montserrat||||||||&#8221; text_orientation=&#8221;justified&#8221; custom_margin=&#8221;-20px|||-46px||&#8221; custom_padding=&#8221;|0px||||&#8221; global_colors_info=&#8221;{}&#8221;]<\/p>\n<p><span style=\"color: #02385c;\"><\/span><\/p>\n<p style=\"text-align: justify;\"><span style=\"color: #02385c;\">\u00a0 Universit\u00e0 degli Studi di Firenze<\/span><\/p>\n<p>&nbsp;<\/p>\n<p>[\/et_pb_text][et_pb_button button_url=&#8221;https:\/\/www.unifi.it&#8221; button_text=&#8221;Scopri di pi\u00f9&#8221; _builder_version=&#8221;4.21.0&#8243; _module_preset=&#8221;default&#8221; custom_button=&#8221;on&#8221; button_text_size=&#8221;13px&#8221; button_text_color=&#8221;#0965a2&#8243; button_bg_color=&#8221;#FFFFFF&#8221; button_font=&#8221;Montserrat||||||||&#8221; custom_margin=&#8221;-23px|||18px|false|false&#8221; button_bg_color_last_edited=&#8221;off|desktop&#8221; global_colors_info=&#8221;{}&#8221; button_bg_color__hover_enabled=&#8221;on|hover&#8221; button_bg_color__hover=&#8221;#4d9cad&#8221; button_bg_enable_color__hover=&#8221;on&#8221; button_text_color__hover_enabled=&#8221;on|hover&#8221; button_text_color__hover=&#8221;#FFFFFF&#8221;][\/et_pb_button][\/et_pb_column][et_pb_column type=&#8221;1_4&#8243; _builder_version=&#8221;4.21.0&#8243; _module_preset=&#8221;default&#8221; global_colors_info=&#8221;{}&#8221;][et_pb_image src=&#8221;https:\/\/informacitta.oristano.studioprogetto2.it\/wp-content\/uploads\/2023\/06\/Schermata-2023-06-27-alle-18.03.03.png&#8221; title_text=&#8221;Schermata 2023-06-27 alle 18.03.03&#8243; _builder_version=&#8221;4.21.0&#8243; _module_preset=&#8221;default&#8221; custom_margin=&#8221;-3px||||false|false&#8221; custom_padding=&#8221;52px|||||&#8221; global_colors_info=&#8221;{}&#8221;][\/et_pb_image][\/et_pb_column][et_pb_column type=&#8221;1_4&#8243; _builder_version=&#8221;4.21.0&#8243; _module_preset=&#8221;default&#8221; global_colors_info=&#8221;{}&#8221;][et_pb_text _builder_version=&#8221;4.21.0&#8243; _module_preset=&#8221;default&#8221; text_font=&#8221;Montserrat|600|||||||&#8221; text_text_color=&#8221;#0965a2&#8243; text_font_size=&#8221;15px&#8221; header_font_size=&#8221;33px&#8221; module_alignment=&#8221;center&#8221; custom_margin=&#8221;25px||||false|false&#8221; custom_padding=&#8221;22px|29px||2px||&#8221; global_colors_info=&#8221;{}&#8221;]<\/p>\n<p>Lazio<\/p>\n<p>[\/et_pb_text][et_pb_icon font_icon=&#8221;&#xf276;||fa||900&#8243; icon_color=&#8221;#0965a2&#8243; icon_width=&#8221;23px&#8221; align=&#8221;left&#8221; _builder_version=&#8221;4.21.0&#8243; _module_preset=&#8221;default&#8221; custom_margin=&#8221;-114px|||-36px|false|false&#8221; custom_padding=&#8221;55px|91px||0px||&#8221; locked=&#8221;off&#8221; global_colors_info=&#8221;{}&#8221;][\/et_pb_icon][et_pb_text _builder_version=&#8221;4.21.0&#8243; _module_preset=&#8221;default&#8221; text_font=&#8221;Montserrat|600|||||||&#8221; text_text_color=&#8221;#0965a2&#8243; text_font_size=&#8221;16px&#8221; header_font=&#8221;Montserrat||||||||&#8221; text_orientation=&#8221;justified&#8221; custom_margin=&#8221;-20px|||-46px||&#8221; custom_padding=&#8221;|0px||||&#8221; link_option_url=&#8221;https:\/\/www.comune.oristano.it\/it\/novita\/news\/Costa-Diadema-Test-riuscito-per-il-turismo-da-crociera-a-Oristano\/#!#:~:text=Oristano%20gioca%20la%20carta%20del,scoperta%20del%20territorio%20di%20Oristano.&#8221; global_colors_info=&#8221;{}&#8221;]<\/p>\n<p><span style=\"color: #02385c;\"><\/span><\/p>\n<p><span style=\"color: #02385c;\">Universit\u00e0 degli Studi Guglielo <\/span><span style=\"color: #02385c;\">Marconi<\/span><span style=\"color: #02385c;\"><\/span><\/p>\n<p><span style=\"color: #02385c;\"><\/span><\/p>\n<p>[\/et_pb_text][et_pb_button button_url=&#8221;https:\/\/www.unimarconi.it&#8221; button_text=&#8221;Scopri di pi\u00f9&#8221; _builder_version=&#8221;4.21.0&#8243; _module_preset=&#8221;default&#8221; custom_button=&#8221;on&#8221; button_text_size=&#8221;13px&#8221; button_text_color=&#8221;#0965a2&#8243; button_bg_color=&#8221;#FFFFFF&#8221; button_font=&#8221;Montserrat||||||||&#8221; custom_margin=&#8221;-25px|||14px|false|false&#8221; button_bg_color_last_edited=&#8221;off|desktop&#8221; global_colors_info=&#8221;{}&#8221; button_bg_color__hover_enabled=&#8221;on|hover&#8221; button_bg_color__hover=&#8221;#4d9cad&#8221; button_bg_enable_color__hover=&#8221;on&#8221; button_text_color__hover_enabled=&#8221;on|hover&#8221; button_text_color__hover=&#8221;#FFFFFF&#8221;][\/et_pb_button][\/et_pb_column][\/et_pb_row][et_pb_row column_structure=&#8221;1_4,1_4,1_4,1_4&#8243; disabled_on=&#8221;on|off|on&#8221; _builder_version=&#8221;4.21.0&#8243; _module_preset=&#8221;default&#8221; width=&#8221;100%&#8221; max_width=&#8221;1092px&#8221; custom_margin=&#8221;|200px||200px|false|true&#8221; global_colors_info=&#8221;{}&#8221;][et_pb_column type=&#8221;1_4&#8243; _builder_version=&#8221;4.21.0&#8243; _module_preset=&#8221;default&#8221; global_colors_info=&#8221;{}&#8221;][et_pb_image src=&#8221;https:\/\/informacitta.oristano.studioprogetto2.it\/wp-content\/uploads\/2023\/06\/Schermata-2023-06-27-alle-18.07.03.png&#8221; title_text=&#8221;Schermata 2023-06-27 alle 18.07.03&#8243; _builder_version=&#8221;4.21.0&#8243; _module_preset=&#8221;default&#8221; custom_padding=&#8221;45px|||||&#8221; global_colors_info=&#8221;{}&#8221;][\/et_pb_image][\/et_pb_column][et_pb_column type=&#8221;1_4&#8243; _builder_version=&#8221;4.21.0&#8243; _module_preset=&#8221;default&#8221; global_colors_info=&#8221;{}&#8221;][et_pb_text _builder_version=&#8221;4.21.0&#8243; _module_preset=&#8221;default&#8221; text_font=&#8221;Montserrat|600|||||||&#8221; text_text_color=&#8221;#0965a2&#8243; text_font_size=&#8221;15px&#8221; header_font_size=&#8221;33px&#8221; module_alignment=&#8221;center&#8221; custom_margin=&#8221;25px||||false|false&#8221; custom_padding=&#8221;22px|29px||2px||&#8221; global_colors_info=&#8221;{}&#8221;]<\/p>\n<p>Veneto<\/p>\n<p>[\/et_pb_text][et_pb_icon font_icon=&#8221;&#xf276;||fa||900&#8243; icon_color=&#8221;#0965a2&#8243; icon_width=&#8221;23px&#8221; align=&#8221;left&#8221; _builder_version=&#8221;4.21.0&#8243; _module_preset=&#8221;default&#8221; custom_margin=&#8221;-114px|||-36px|false|false&#8221; custom_padding=&#8221;55px|91px||0px||&#8221; locked=&#8221;off&#8221; global_colors_info=&#8221;{}&#8221;][\/et_pb_icon][et_pb_text _builder_version=&#8221;4.21.0&#8243; _module_preset=&#8221;default&#8221; text_font=&#8221;Montserrat|600|||||||&#8221; text_text_color=&#8221;#0965a2&#8243; header_font=&#8221;Montserrat||||||||&#8221; text_orientation=&#8221;justified&#8221; custom_margin=&#8221;-20px|12px||-46px||&#8221; custom_padding=&#8221;|0px||||&#8221; global_colors_info=&#8221;{}&#8221;]<\/p>\n<p><span style=\"color: #02385c;\"><\/span><\/p>\n<p><span style=\"color: #02385c;\">\u00a0 Universit\u00e0 Iuav di Venezia<\/span><\/p>\n<p>&nbsp;<\/p>\n<p>[\/et_pb_text][et_pb_button button_url=&#8221;https:\/\/www5.iuav.it\/homepage\/index.htm&#8221; button_text=&#8221;Scopri di pi\u00f9&#8221; _builder_version=&#8221;4.21.0&#8243; _module_preset=&#8221;default&#8221; custom_button=&#8221;on&#8221; button_text_size=&#8221;13px&#8221; button_text_color=&#8221;#0965a2&#8243; button_bg_color=&#8221;#FFFFFF&#8221; button_font=&#8221;Montserrat||||||||&#8221; custom_margin=&#8221;-27px|96px||18px|false|false&#8221; button_bg_color_last_edited=&#8221;off|desktop&#8221; global_colors_info=&#8221;{}&#8221; button_bg_color__hover_enabled=&#8221;on|hover&#8221; button_bg_color__hover=&#8221;#4d9cad&#8221; button_bg_enable_color__hover=&#8221;on&#8221; button_text_color__hover_enabled=&#8221;on|hover&#8221; button_text_color__hover=&#8221;#FFFFFF&#8221;][\/et_pb_button][\/et_pb_column][et_pb_column type=&#8221;1_4&#8243; _builder_version=&#8221;4.21.0&#8243; _module_preset=&#8221;default&#8221; global_colors_info=&#8221;{}&#8221;][et_pb_image src=&#8221;https:\/\/informacitta.oristano.studioprogetto2.it\/wp-content\/uploads\/2023\/06\/Schermata-2023-06-27-alle-18.08.37.png&#8221; title_text=&#8221;Schermata 2023-06-27 alle 18.08.37&#8243; _builder_version=&#8221;4.21.0&#8243; _module_preset=&#8221;default&#8221; custom_padding=&#8221;52px|||||&#8221; global_colors_info=&#8221;{}&#8221;][\/et_pb_image][\/et_pb_column][et_pb_column type=&#8221;1_4&#8243; _builder_version=&#8221;4.21.0&#8243; _module_preset=&#8221;default&#8221; global_colors_info=&#8221;{}&#8221;][et_pb_text _builder_version=&#8221;4.21.0&#8243; _module_preset=&#8221;default&#8221; text_font=&#8221;Montserrat|600|||||||&#8221; text_text_color=&#8221;#0965a2&#8243; text_font_size=&#8221;15px&#8221; header_font_size=&#8221;33px&#8221; module_alignment=&#8221;center&#8221; custom_margin=&#8221;25px||||false|false&#8221; custom_padding=&#8221;22px|29px||2px||&#8221; global_colors_info=&#8221;{}&#8221;]<\/p>\n<p>Campania<\/p>\n<p>[\/et_pb_text][et_pb_icon font_icon=&#8221;&#xf276;||fa||900&#8243; icon_color=&#8221;#0965a2&#8243; icon_width=&#8221;23px&#8221; align=&#8221;left&#8221; _builder_version=&#8221;4.21.0&#8243; _module_preset=&#8221;default&#8221; custom_margin=&#8221;-114px|||-36px|false|false&#8221; custom_padding=&#8221;55px|91px||0px||&#8221; locked=&#8221;off&#8221; global_colors_info=&#8221;{}&#8221;][\/et_pb_icon][et_pb_text _builder_version=&#8221;4.21.0&#8243; _module_preset=&#8221;default&#8221; text_font=&#8221;Montserrat|600|||||||&#8221; text_text_color=&#8221;#0965a2&#8243; header_font=&#8221;Montserrat||||||||&#8221; text_orientation=&#8221;justified&#8221; custom_margin=&#8221;-17px|20px|2px|-46px||&#8221; custom_padding=&#8221;|0px||7px||&#8221; link_option_url=&#8221;https:\/\/www.comune.oristano.it\/it\/novita\/news\/Costa-Diadema-Test-riuscito-per-il-turismo-da-crociera-a-Oristano\/#!#:~:text=Oristano%20gioca%20la%20carta%20del,scoperta%20del%20territorio%20di%20Oristano.&#8221; global_colors_info=&#8221;{}&#8221;]<\/p>\n<p><span style=\"color: #02385c;\"><\/span><\/p>\n<p><span style=\"color: #02385c;\">Universit\u00e0 degli Studi di Napoli Parthenope<\/span><span style=\"color: #02385c;\"><\/span><\/p>\n<p><span style=\"color: #02385c;\"><\/span><\/p>\n<p>[\/et_pb_text][et_pb_button button_url=&#8221;https:\/\/www.uniparthenope.it&#8221; button_text=&#8221;Scopri di pi\u00f9&#8221; _builder_version=&#8221;4.21.0&#8243; _module_preset=&#8221;default&#8221; custom_button=&#8221;on&#8221; button_text_size=&#8221;13px&#8221; button_text_color=&#8221;#0965a2&#8243; button_bg_color=&#8221;#FFFFFF&#8221; button_font=&#8221;Montserrat||||||||&#8221; custom_margin=&#8221;11px|||14px|false|false&#8221; button_bg_color_last_edited=&#8221;off|desktop&#8221; global_colors_info=&#8221;{}&#8221; button_bg_color__hover_enabled=&#8221;on|hover&#8221; button_bg_color__hover=&#8221;#4d9cad&#8221; button_bg_enable_color__hover=&#8221;on&#8221; button_text_color__hover_enabled=&#8221;on|hover&#8221; button_text_color__hover=&#8221;#FFFFFF&#8221;][\/et_pb_button][\/et_pb_column][\/et_pb_row][et_pb_row column_structure=&#8221;1_4,1_4,1_4,1_4&#8243; _builder_version=&#8221;4.21.0&#8243; _module_preset=&#8221;default&#8221; max_width=&#8221;1130px&#8221; custom_margin=&#8221;20px|185px||185px|false|true&#8221; custom_css_before=&#8221;.desktop-onlyalign-content&#8221; global_colors_info=&#8221;{}&#8221; custom_css_before_tablet=&#8221;.desktop-onlyalign-content&#8221; custom_css_before_phone=&#8221;.desktop-onlyalign-content&#8221; custom_css_before_last_edited=&#8221;on|desktop&#8221;][et_pb_column type=&#8221;1_4&#8243; _builder_version=&#8221;4.21.0&#8243; _module_preset=&#8221;default&#8221; global_colors_info=&#8221;{}&#8221;][et_pb_image src=&#8221;https:\/\/informacitta.oristano.studioprogetto2.it\/wp-content\/uploads\/2023\/06\/Schermata-2023-06-27-alle-18.07.03.png&#8221; title_text=&#8221;Schermata 2023-06-27 alle 18.07.03&#8243; _builder_version=&#8221;4.21.0&#8243; _module_preset=&#8221;default&#8221; custom_padding=&#8221;45px|||||&#8221; global_colors_info=&#8221;{}&#8221;][\/et_pb_image][\/et_pb_column][et_pb_column type=&#8221;1_4&#8243; _builder_version=&#8221;4.21.0&#8243; _module_preset=&#8221;default&#8221; global_colors_info=&#8221;{}&#8221;][et_pb_text _builder_version=&#8221;4.21.0&#8243; _module_preset=&#8221;default&#8221; text_font=&#8221;Montserrat|600|||||||&#8221; text_text_color=&#8221;#0965a2&#8243; text_font_size=&#8221;15px&#8221; header_font_size=&#8221;33px&#8221; module_alignment=&#8221;center&#8221; custom_margin=&#8221;25px||||false|false&#8221; custom_padding=&#8221;22px|29px||2px||&#8221; global_colors_info=&#8221;{}&#8221;]<\/p>\n<p>Veneto<\/p>\n<p>[\/et_pb_text][et_pb_icon font_icon=&#8221;&#xf276;||fa||900&#8243; icon_color=&#8221;#0965a2&#8243; icon_width=&#8221;23px&#8221; align=&#8221;left&#8221; _builder_version=&#8221;4.21.0&#8243; _module_preset=&#8221;default&#8221; custom_margin=&#8221;-114px|||-36px|false|false&#8221; custom_padding=&#8221;55px|91px||0px||&#8221; locked=&#8221;off&#8221; global_colors_info=&#8221;{}&#8221;][\/et_pb_icon][et_pb_text _builder_version=&#8221;4.21.0&#8243; _module_preset=&#8221;default&#8221; text_font=&#8221;Montserrat|600|||||||&#8221; text_text_color=&#8221;#0965a2&#8243; text_font_size=&#8221;16px&#8221; header_font=&#8221;Montserrat||||||||&#8221; text_orientation=&#8221;justified&#8221; custom_margin=&#8221;-20px|||-40px||&#8221; custom_padding=&#8221;|0px||||&#8221; global_colors_info=&#8221;{}&#8221;]<\/p>\n<p><span style=\"color: #02385c;\"><\/span><\/p>\n<p style=\"text-align: justify;\"><span style=\"color: #02385c;\">\u00a0 Universit\u00e0 Iuav di Venezia<\/span><\/p>\n<p>&nbsp;<\/p>\n<p>[\/et_pb_text][et_pb_button button_url=&#8221;https:\/\/www5.iuav.it\/homepage\/index.htm&#8221; button_text=&#8221;Scopri di pi\u00f9&#8221; _builder_version=&#8221;4.21.0&#8243; _module_preset=&#8221;default&#8221; custom_button=&#8221;on&#8221; button_text_size=&#8221;13px&#8221; button_text_color=&#8221;#0965a2&#8243; button_bg_color=&#8221;#FFFFFF&#8221; button_font=&#8221;Montserrat||||||||&#8221; custom_margin=&#8221;-27px|96px||18px|false|false&#8221; button_bg_color_last_edited=&#8221;off|desktop&#8221; global_colors_info=&#8221;{}&#8221; button_bg_color__hover_enabled=&#8221;on|hover&#8221; button_bg_color__hover=&#8221;#4d9cad&#8221; button_bg_enable_color__hover=&#8221;on&#8221; button_text_color__hover_enabled=&#8221;on|hover&#8221; button_text_color__hover=&#8221;#FFFFFF&#8221;][\/et_pb_button][\/et_pb_column][et_pb_column type=&#8221;1_4&#8243; _builder_version=&#8221;4.21.0&#8243; _module_preset=&#8221;default&#8221; global_colors_info=&#8221;{}&#8221;][et_pb_image src=&#8221;https:\/\/informacitta.oristano.studioprogetto2.it\/wp-content\/uploads\/2023\/06\/Schermata-2023-06-27-alle-18.08.37.png&#8221; title_text=&#8221;Schermata 2023-06-27 alle 18.08.37&#8243; _builder_version=&#8221;4.21.0&#8243; _module_preset=&#8221;default&#8221; custom_margin=&#8221;-10px||||false|false&#8221; custom_padding=&#8221;52px|||||&#8221; global_colors_info=&#8221;{}&#8221;][\/et_pb_image][\/et_pb_column][et_pb_column type=&#8221;1_4&#8243; _builder_version=&#8221;4.21.0&#8243; _module_preset=&#8221;default&#8221; global_colors_info=&#8221;{}&#8221;][et_pb_text _builder_version=&#8221;4.21.0&#8243; _module_preset=&#8221;default&#8221; text_font=&#8221;Montserrat|600|||||||&#8221; text_text_color=&#8221;#0965a2&#8243; text_font_size=&#8221;15px&#8221; header_font_size=&#8221;33px&#8221; module_alignment=&#8221;center&#8221; custom_margin=&#8221;25px||||false|false&#8221; custom_padding=&#8221;22px|29px||2px||&#8221; global_colors_info=&#8221;{}&#8221;]<\/p>\n<p>Campania<\/p>\n<p>[\/et_pb_text][et_pb_icon font_icon=&#8221;&#xf276;||fa||900&#8243; icon_color=&#8221;#0965a2&#8243; icon_width=&#8221;23px&#8221; align=&#8221;left&#8221; _builder_version=&#8221;4.21.0&#8243; _module_preset=&#8221;default&#8221; custom_margin=&#8221;-114px|||-36px|false|false&#8221; custom_padding=&#8221;55px|91px||0px||&#8221; locked=&#8221;off&#8221; global_colors_info=&#8221;{}&#8221;][\/et_pb_icon][et_pb_text _builder_version=&#8221;4.21.0&#8243; _module_preset=&#8221;default&#8221; text_font=&#8221;Montserrat|600|||||||&#8221; text_text_color=&#8221;#0965a2&#8243; text_font_size=&#8221;16px&#8221; header_font=&#8221;Montserrat||||||||&#8221; text_orientation=&#8221;justified&#8221; custom_margin=&#8221;-20px|||-40px||&#8221; custom_padding=&#8221;|0px||||&#8221; link_option_url=&#8221;https:\/\/www.comune.oristano.it\/it\/novita\/news\/Costa-Diadema-Test-riuscito-per-il-turismo-da-crociera-a-Oristano\/#!#:~:text=Oristano%20gioca%20la%20carta%20del,scoperta%20del%20territorio%20di%20Oristano.&#8221; global_colors_info=&#8221;{}&#8221;]<\/p>\n<p><span style=\"color: #02385c;\"><\/span><\/p>\n<p><span style=\"color: #02385c;\">Universit\u00e0 degli Studi di Napoli Parthenope<\/span><span style=\"color: #02385c;\"><\/span><\/p>\n<p><span style=\"color: #02385c;\"><\/span><\/p>\n<p>[\/et_pb_text][et_pb_button button_url=&#8221;https:\/\/www.uniparthenope.it&#8221; button_text=&#8221;Scopri di pi\u00f9&#8221; _builder_version=&#8221;4.21.0&#8243; _module_preset=&#8221;default&#8221; custom_button=&#8221;on&#8221; button_text_size=&#8221;13px&#8221; button_text_color=&#8221;#0965a2&#8243; button_bg_color=&#8221;#FFFFFF&#8221; button_font=&#8221;Montserrat||||||||&#8221; custom_margin=&#8221;-27px|||14px|false|false&#8221; button_bg_color_last_edited=&#8221;off|desktop&#8221; global_colors_info=&#8221;{}&#8221; button_bg_color__hover_enabled=&#8221;on|hover&#8221; button_bg_color__hover=&#8221;#4d9cad&#8221; button_bg_enable_color__hover=&#8221;on&#8221; button_text_color__hover_enabled=&#8221;on|hover&#8221; button_text_color__hover=&#8221;#FFFFFF&#8221;][\/et_pb_button][\/et_pb_column][\/et_pb_row][\/et_pb_section][et_pb_section fb_built=&#8221;1&#8243; disabled_on=&#8221;on|on|off&#8221; _builder_version=&#8221;4.21.0&#8243; _module_preset=&#8221;default&#8221; background_image=&#8221;https:\/\/informacitta.oristano.studioprogetto2.it\/wp-content\/uploads\/2023\/06\/Schermata-2023-06-26-alle-15.53.10.png&#8221; custom_margin=&#8221;|-215px||-215px|false|true&#8221; custom_padding=&#8221;1px|||||&#8221; locked=&#8221;off&#8221; global_colors_info=&#8221;{}&#8221;][et_pb_row column_structure=&#8221;1_4,1_4,1_4,1_4&#8243; _builder_version=&#8221;4.21.0&#8243; _module_preset=&#8221;default&#8221; max_width=&#8221;1130px&#8221; custom_margin=&#8221;-20px|185px||185px|false|true&#8221; custom_css_before=&#8221;.desktop-onlyalign-content&#8221; global_colors_info=&#8221;{}&#8221; custom_css_before_tablet=&#8221;.desktop-onlyalign-content&#8221; custom_css_before_phone=&#8221;.desktop-onlyalign-content&#8221; custom_css_before_last_edited=&#8221;on|desktop&#8221;][et_pb_column type=&#8221;1_4&#8243; _builder_version=&#8221;4.21.0&#8243; _module_preset=&#8221;default&#8221; global_colors_info=&#8221;{}&#8221;][et_pb_image src=&#8221;https:\/\/informacitta.oristano.studioprogetto2.it\/wp-content\/uploads\/2023\/06\/Schermata-2023-06-27-alle-18.10.22.png&#8221; title_text=&#8221;Schermata 2023-06-27 alle 18.10.22&#8243; _builder_version=&#8221;4.21.0&#8243; _module_preset=&#8221;default&#8221; custom_padding=&#8221;45px|||||&#8221; global_colors_info=&#8221;{}&#8221;][\/et_pb_image][\/et_pb_column][et_pb_column type=&#8221;1_4&#8243; _builder_version=&#8221;4.21.0&#8243; _module_preset=&#8221;default&#8221; global_colors_info=&#8221;{}&#8221;][et_pb_text _builder_version=&#8221;4.21.0&#8243; _module_preset=&#8221;default&#8221; text_font=&#8221;Montserrat|600|||||||&#8221; text_text_color=&#8221;#0965a2&#8243; text_font_size=&#8221;15px&#8221; header_font_size=&#8221;33px&#8221; module_alignment=&#8221;center&#8221; custom_margin=&#8221;25px||||false|false&#8221; custom_padding=&#8221;22px|29px||2px||&#8221; global_colors_info=&#8221;{}&#8221;]<\/p>\n<p>Lazio<\/p>\n<p>[\/et_pb_text][et_pb_icon font_icon=&#8221;&#xf276;||fa||900&#8243; icon_color=&#8221;#0965a2&#8243; icon_width=&#8221;23px&#8221; align=&#8221;left&#8221; _builder_version=&#8221;4.21.0&#8243; _module_preset=&#8221;default&#8221; custom_margin=&#8221;-114px|||-36px|false|false&#8221; custom_padding=&#8221;55px|91px||0px||&#8221; locked=&#8221;off&#8221; global_colors_info=&#8221;{}&#8221;][\/et_pb_icon][et_pb_text _builder_version=&#8221;4.21.0&#8243; _module_preset=&#8221;default&#8221; text_font=&#8221;Montserrat|600|||||||&#8221; text_text_color=&#8221;#0965a2&#8243; text_font_size=&#8221;16px&#8221; header_font=&#8221;Montserrat||||||||&#8221; text_orientation=&#8221;justified&#8221; custom_margin=&#8221;-20px|||-40px||&#8221; custom_padding=&#8221;|0px||||&#8221; global_colors_info=&#8221;{}&#8221;]<\/p>\n<p><span style=\"color: #02385c;\"><\/span><\/p>\n<p><span style=\"color: #02385c;\">Universit\u00e0 Telematica San Raffaele<\/span><\/p>\n<p>&nbsp;<\/p>\n<p>[\/et_pb_text][et_pb_button button_url=&#8221;https:\/\/www.uniroma5.it&#8221; button_text=&#8221;Scopri di pi\u00f9&#8221; _builder_version=&#8221;4.21.0&#8243; _module_preset=&#8221;default&#8221; custom_button=&#8221;on&#8221; button_text_size=&#8221;13px&#8221; button_text_color=&#8221;#0965a2&#8243; button_bg_color=&#8221;#FFFFFF&#8221; button_font=&#8221;Montserrat||||||||&#8221; custom_margin=&#8221;-47px|||18px|false|false&#8221; button_bg_color_last_edited=&#8221;off|desktop&#8221; global_colors_info=&#8221;{}&#8221; button_bg_color__hover_enabled=&#8221;on|hover&#8221; button_bg_color__hover=&#8221;#4d9cad&#8221; button_bg_enable_color__hover=&#8221;on&#8221; button_text_color__hover_enabled=&#8221;on|hover&#8221; button_text_color__hover=&#8221;#FFFFFF&#8221;][\/et_pb_button][\/et_pb_column][et_pb_column type=&#8221;1_4&#8243; _builder_version=&#8221;4.21.0&#8243; _module_preset=&#8221;default&#8221; global_colors_info=&#8221;{}&#8221;][et_pb_image src=&#8221;https:\/\/informacitta.oristano.studioprogetto2.it\/wp-content\/uploads\/2023\/06\/Schermata-2023-06-27-alle-18.10.29.png&#8221; title_text=&#8221;Schermata 2023-06-27 alle 18.10.29&#8243; _builder_version=&#8221;4.21.0&#8243; _module_preset=&#8221;default&#8221; custom_margin=&#8221;-6px||||false|false&#8221; custom_padding=&#8221;52px|||||&#8221; global_colors_info=&#8221;{}&#8221;][\/et_pb_image][\/et_pb_column][et_pb_column type=&#8221;1_4&#8243; _builder_version=&#8221;4.21.0&#8243; _module_preset=&#8221;default&#8221; global_colors_info=&#8221;{}&#8221;][et_pb_text _builder_version=&#8221;4.21.0&#8243; _module_preset=&#8221;default&#8221; text_font=&#8221;Montserrat|600|||||||&#8221; text_text_color=&#8221;#0965a2&#8243; text_font_size=&#8221;15px&#8221; header_font_size=&#8221;33px&#8221; module_alignment=&#8221;center&#8221; custom_margin=&#8221;25px||||false|false&#8221; custom_padding=&#8221;22px|29px||2px||&#8221; global_colors_info=&#8221;{}&#8221;]<\/p>\n<p>Puglia<\/p>\n<p>[\/et_pb_text][et_pb_icon font_icon=&#8221;&#xf276;||fa||900&#8243; icon_color=&#8221;#0965a2&#8243; icon_width=&#8221;23px&#8221; align=&#8221;left&#8221; _builder_version=&#8221;4.21.0&#8243; _module_preset=&#8221;default&#8221; custom_margin=&#8221;-114px|||-36px|false|false&#8221; custom_padding=&#8221;55px|91px||0px||&#8221; locked=&#8221;off&#8221; global_colors_info=&#8221;{}&#8221;][\/et_pb_icon][et_pb_text _builder_version=&#8221;4.21.0&#8243; _module_preset=&#8221;default&#8221; text_font=&#8221;Montserrat|600|||||||&#8221; text_text_color=&#8221;#0965a2&#8243; text_font_size=&#8221;16px&#8221; header_font=&#8221;Montserrat||||||||&#8221; text_orientation=&#8221;justified&#8221; custom_margin=&#8221;-20px|||-40px||&#8221; custom_padding=&#8221;|0px||||&#8221; link_option_url=&#8221;https:\/\/www.comune.oristano.it\/it\/novita\/news\/Costa-Diadema-Test-riuscito-per-il-turismo-da-crociera-a-Oristano\/#!#:~:text=Oristano%20gioca%20la%20carta%20del,scoperta%20del%20territorio%20di%20Oristano.&#8221; global_colors_info=&#8221;{}&#8221;]<\/p>\n<p><span style=\"color: #02385c;\"><\/span><\/p>\n<p><span style=\"color: #02385c;\"><span style=\"caret-color: #02385c;\">Politecnico di Bari<\/span><\/span><\/p>\n<p><span style=\"color: #02385c;\"><\/span><\/p>\n<p><span style=\"color: #02385c;\"><\/span><\/p>\n<p>[\/et_pb_text][et_pb_button button_url=&#8221;http:\/\/www.poliba.it&#8221; button_text=&#8221;Scopri di pi\u00f9&#8221; _builder_version=&#8221;4.21.0&#8243; _module_preset=&#8221;default&#8221; custom_button=&#8221;on&#8221; button_text_size=&#8221;13px&#8221; button_text_color=&#8221;#0965a2&#8243; button_bg_color=&#8221;#FFFFFF&#8221; button_font=&#8221;Montserrat||||||||&#8221; custom_margin=&#8221;-19px|||14px|false|false&#8221; button_bg_color_last_edited=&#8221;off|desktop&#8221; global_colors_info=&#8221;{}&#8221; button_bg_color__hover_enabled=&#8221;on|hover&#8221; button_bg_color__hover=&#8221;#4d9cad&#8221; button_bg_enable_color__hover=&#8221;on&#8221; button_text_color__hover_enabled=&#8221;on|hover&#8221; button_text_color__hover=&#8221;#FFFFFF&#8221;][\/et_pb_button][\/et_pb_column][\/et_pb_row][et_pb_row column_structure=&#8221;1_4,1_4,1_4,1_4&#8243; _builder_version=&#8221;4.21.0&#8243; _module_preset=&#8221;default&#8221; max_width=&#8221;1130px&#8221; custom_margin=&#8221;20px|185px||185px|false|true&#8221; custom_css_before=&#8221;.desktop-onlyalign-content&#8221; global_colors_info=&#8221;{}&#8221; custom_css_before_tablet=&#8221;.desktop-onlyalign-content&#8221; custom_css_before_phone=&#8221;.desktop-onlyalign-content&#8221; custom_css_before_last_edited=&#8221;on|desktop&#8221;][et_pb_column type=&#8221;1_4&#8243; _builder_version=&#8221;4.21.0&#8243; _module_preset=&#8221;default&#8221; global_colors_info=&#8221;{}&#8221;][et_pb_image src=&#8221;https:\/\/informacitta.oristano.studioprogetto2.it\/wp-content\/uploads\/2023\/06\/Schermata-2023-06-27-alle-18.14.39.png&#8221; title_text=&#8221;Schermata 2023-06-27 alle 18.14.39&#8243; _builder_version=&#8221;4.21.0&#8243; _module_preset=&#8221;default&#8221; custom_padding=&#8221;45px|||||&#8221; global_colors_info=&#8221;{}&#8221;][\/et_pb_image][\/et_pb_column][et_pb_column type=&#8221;1_4&#8243; _builder_version=&#8221;4.21.0&#8243; _module_preset=&#8221;default&#8221; global_colors_info=&#8221;{}&#8221;][et_pb_text _builder_version=&#8221;4.21.0&#8243; _module_preset=&#8221;default&#8221; text_font=&#8221;Montserrat|600|||||||&#8221; text_text_color=&#8221;#0965a2&#8243; text_font_size=&#8221;15px&#8221; header_font_size=&#8221;33px&#8221; module_alignment=&#8221;center&#8221; custom_margin=&#8221;25px||||false|false&#8221; custom_padding=&#8221;22px|29px||2px||&#8221; global_colors_info=&#8221;{}&#8221;]<\/p>\n<p>Lombardia<\/p>\n<p>[\/et_pb_text][et_pb_icon font_icon=&#8221;&#xf276;||fa||900&#8243; icon_color=&#8221;#0965a2&#8243; icon_width=&#8221;23px&#8221; align=&#8221;left&#8221; _builder_version=&#8221;4.21.0&#8243; _module_preset=&#8221;default&#8221; custom_margin=&#8221;-114px|||-36px|false|false&#8221; custom_padding=&#8221;55px|91px||0px||&#8221; locked=&#8221;off&#8221; global_colors_info=&#8221;{}&#8221;][\/et_pb_icon][et_pb_text _builder_version=&#8221;4.21.0&#8243; _module_preset=&#8221;default&#8221; text_font=&#8221;Montserrat|600|||||||&#8221; text_text_color=&#8221;#0965a2&#8243; text_font_size=&#8221;16px&#8221; header_font=&#8221;Montserrat||||||||&#8221; text_orientation=&#8221;justified&#8221; custom_margin=&#8221;-20px|||-40px||&#8221; custom_padding=&#8221;|0px||||&#8221; global_colors_info=&#8221;{}&#8221;]<\/p>\n<p><span style=\"color: #02385c;\"><\/span><\/p>\n<p style=\"text-align: justify;\"><span style=\"color: #02385c;\">Universit\u00e0 degli Studi di Bergamo<\/span><\/p>\n<p>&nbsp;<\/p>\n<p>[\/et_pb_text][et_pb_button button_url=&#8221;https:\/\/www.unibg.it&#8221; button_text=&#8221;Scopri di pi\u00f9&#8221; _builder_version=&#8221;4.21.0&#8243; _module_preset=&#8221;default&#8221; custom_button=&#8221;on&#8221; button_text_size=&#8221;13px&#8221; button_text_color=&#8221;#0965a2&#8243; button_bg_color=&#8221;#FFFFFF&#8221; button_font=&#8221;Montserrat||||||||&#8221; custom_margin=&#8221;-51px|||18px|false|false&#8221; button_bg_color_last_edited=&#8221;off|desktop&#8221; global_colors_info=&#8221;{}&#8221; button_bg_color__hover_enabled=&#8221;on|hover&#8221; button_bg_color__hover=&#8221;#4d9cad&#8221; button_bg_enable_color__hover=&#8221;on&#8221; button_text_color__hover_enabled=&#8221;on|hover&#8221; button_text_color__hover=&#8221;#FFFFFF&#8221;][\/et_pb_button][\/et_pb_column][et_pb_column type=&#8221;1_4&#8243; _builder_version=&#8221;4.21.0&#8243; _module_preset=&#8221;default&#8221; global_colors_info=&#8221;{}&#8221;][et_pb_image src=&#8221;https:\/\/informacitta.oristano.studioprogetto2.it\/wp-content\/uploads\/2023\/06\/Schermata-2023-06-27-alle-18.14.52.png&#8221; title_text=&#8221;Schermata 2023-06-27 alle 18.14.52&#8243; _builder_version=&#8221;4.21.0&#8243; _module_preset=&#8221;default&#8221; custom_margin=&#8221;-9px||||false|false&#8221; custom_padding=&#8221;52px|||||&#8221; global_colors_info=&#8221;{}&#8221;][\/et_pb_image][\/et_pb_column][et_pb_column type=&#8221;1_4&#8243; _builder_version=&#8221;4.21.0&#8243; _module_preset=&#8221;default&#8221; global_colors_info=&#8221;{}&#8221;][et_pb_text _builder_version=&#8221;4.21.0&#8243; _module_preset=&#8221;default&#8221; text_font=&#8221;Montserrat|600|||||||&#8221; text_text_color=&#8221;#0965a2&#8243; text_font_size=&#8221;15px&#8221; header_font_size=&#8221;33px&#8221; module_alignment=&#8221;center&#8221; custom_margin=&#8221;25px||||false|false&#8221; custom_padding=&#8221;22px|29px||2px||&#8221; global_colors_info=&#8221;{}&#8221;]<\/p>\n<p>Emilia Romagna<\/p>\n<p>[\/et_pb_text][et_pb_icon font_icon=&#8221;&#xf276;||fa||900&#8243; icon_color=&#8221;#0965a2&#8243; icon_width=&#8221;23px&#8221; align=&#8221;left&#8221; _builder_version=&#8221;4.21.0&#8243; _module_preset=&#8221;default&#8221; custom_margin=&#8221;-117px|||-36px|false|false&#8221; custom_padding=&#8221;55px|91px||0px||&#8221; locked=&#8221;off&#8221; global_colors_info=&#8221;{}&#8221;][\/et_pb_icon][et_pb_text _builder_version=&#8221;4.21.0&#8243; _module_preset=&#8221;default&#8221; text_font=&#8221;Montserrat|600|||||||&#8221; text_text_color=&#8221;#0965a2&#8243; text_font_size=&#8221;16px&#8221; header_font=&#8221;Montserrat||||||||&#8221; text_orientation=&#8221;justified&#8221; custom_margin=&#8221;-20px|||-40px||&#8221; custom_padding=&#8221;|0px||||&#8221; link_option_url=&#8221;https:\/\/www.comune.oristano.it\/it\/novita\/news\/Costa-Diadema-Test-riuscito-per-il-turismo-da-crociera-a-Oristano\/#!#:~:text=Oristano%20gioca%20la%20carta%20del,scoperta%20del%20territorio%20di%20Oristano.&#8221; global_colors_info=&#8221;{}&#8221;]<\/p>\n<p><span style=\"color: #02385c;\"><\/span><\/p>\n<p><span style=\"color: #02385c;\"><span style=\"caret-color: #02385c;\">Alma Mater Studiorum Universit\u00e0 \u00a0di Bologna<\/span><\/span><\/p>\n<p><span style=\"color: #02385c;\"><\/span><\/p>\n<p><span style=\"color: #02385c;\"><\/span><\/p>\n<p>[\/et_pb_text][et_pb_button button_url=&#8221;https:\/\/www.unibo.it\/it&#8221; button_text=&#8221;Scopri di pi\u00f9&#8221; _builder_version=&#8221;4.21.0&#8243; _module_preset=&#8221;default&#8221; custom_button=&#8221;on&#8221; button_text_size=&#8221;13px&#8221; button_text_color=&#8221;#0965a2&#8243; button_bg_color=&#8221;#FFFFFF&#8221; button_font=&#8221;Montserrat||||||||&#8221; custom_margin=&#8221;-41px|||14px|false|false&#8221; button_bg_color_last_edited=&#8221;off|desktop&#8221; global_colors_info=&#8221;{}&#8221; button_bg_color__hover_enabled=&#8221;on|hover&#8221; button_bg_color__hover=&#8221;#4d9cad&#8221; button_bg_enable_color__hover=&#8221;on&#8221; button_text_color__hover_enabled=&#8221;on|hover&#8221; button_text_color__hover=&#8221;#FFFFFF&#8221;][\/et_pb_button][\/et_pb_column][\/et_pb_row][et_pb_row column_structure=&#8221;1_4,1_4,1_4,1_4&#8243; _builder_version=&#8221;4.21.0&#8243; _module_preset=&#8221;default&#8221; max_width=&#8221;1130px&#8221; custom_margin=&#8221;20px|185px||185px|false|true&#8221; custom_css_before=&#8221;.desktop-onlyalign-content&#8221; global_colors_info=&#8221;{}&#8221; custom_css_before_tablet=&#8221;.desktop-onlyalign-content&#8221; custom_css_before_phone=&#8221;.desktop-onlyalign-content&#8221; custom_css_before_last_edited=&#8221;on|desktop&#8221;][et_pb_column type=&#8221;1_4&#8243; _builder_version=&#8221;4.21.0&#8243; _module_preset=&#8221;default&#8221; global_colors_info=&#8221;{}&#8221;][et_pb_image src=&#8221;https:\/\/informacitta.oristano.studioprogetto2.it\/wp-content\/uploads\/2023\/06\/Schermata-2023-06-27-alle-18.10.37.png&#8221; title_text=&#8221;Schermata 2023-06-27 alle 18.10.37&#8243; _builder_version=&#8221;4.21.0&#8243; _module_preset=&#8221;default&#8221; custom_padding=&#8221;45px|||||&#8221; global_colors_info=&#8221;{}&#8221;][\/et_pb_image][\/et_pb_column][et_pb_column type=&#8221;1_4&#8243; _builder_version=&#8221;4.21.0&#8243; _module_preset=&#8221;default&#8221; global_colors_info=&#8221;{}&#8221;][et_pb_text _builder_version=&#8221;4.21.0&#8243; _module_preset=&#8221;default&#8221; text_font=&#8221;Montserrat|600|||||||&#8221; text_text_color=&#8221;#0965a2&#8243; text_font_size=&#8221;15px&#8221; header_font_size=&#8221;33px&#8221; module_alignment=&#8221;center&#8221; custom_margin=&#8221;25px||||false|false&#8221; custom_padding=&#8221;22px|29px||2px||&#8221; global_colors_info=&#8221;{}&#8221;]<\/p>\n<p>Basilicata<\/p>\n<p>[\/et_pb_text][et_pb_icon font_icon=&#8221;&#xf276;||fa||900&#8243; icon_color=&#8221;#0965a2&#8243; icon_width=&#8221;23px&#8221; align=&#8221;left&#8221; _builder_version=&#8221;4.21.0&#8243; _module_preset=&#8221;default&#8221; custom_margin=&#8221;-114px|||-36px|false|false&#8221; custom_padding=&#8221;55px|91px||0px||&#8221; locked=&#8221;off&#8221; global_colors_info=&#8221;{}&#8221;][\/et_pb_icon][et_pb_text _builder_version=&#8221;4.21.0&#8243; _module_preset=&#8221;default&#8221; text_font=&#8221;Montserrat|600|||||||&#8221; text_text_color=&#8221;#0965a2&#8243; text_font_size=&#8221;16px&#8221; header_font=&#8221;Montserrat||||||||&#8221; text_orientation=&#8221;justified&#8221; custom_margin=&#8221;-20px|12px||-46px||&#8221; custom_padding=&#8221;|0px||10px||&#8221; global_colors_info=&#8221;{}&#8221;]<\/p>\n<p><span style=\"color: #02385c;\"><\/span><\/p>\n<p><span style=\"color: #02385c;\">Universit\u00e0 degli Studi della Basilicata<\/span><span style=\"font-size: 14px;\">\u00a0<\/span><\/p>\n<p>[\/et_pb_text][et_pb_button button_url=&#8221;https:\/\/portale.unibas.it\/site\/home.html&#8221; button_text=&#8221;Scopri di pi\u00f9&#8221; _builder_version=&#8221;4.21.0&#8243; _module_preset=&#8221;default&#8221; custom_button=&#8221;on&#8221; button_text_size=&#8221;13px&#8221; button_text_color=&#8221;#0965a2&#8243; button_bg_color=&#8221;#FFFFFF&#8221; button_font=&#8221;Montserrat||||||||&#8221; custom_margin=&#8221;-8px|96px||18px|false|false&#8221; button_bg_color_last_edited=&#8221;off|desktop&#8221; global_colors_info=&#8221;{}&#8221; button_bg_color__hover_enabled=&#8221;on|hover&#8221; button_bg_color__hover=&#8221;#4d9cad&#8221; button_bg_enable_color__hover=&#8221;on&#8221; button_text_color__hover_enabled=&#8221;on|hover&#8221; button_text_color__hover=&#8221;#FFFFFF&#8221;][\/et_pb_button][\/et_pb_column][et_pb_column type=&#8221;1_4&#8243; _builder_version=&#8221;4.21.0&#8243; _module_preset=&#8221;default&#8221; global_colors_info=&#8221;{}&#8221;][et_pb_image src=&#8221;https:\/\/informacitta.oristano.studioprogetto2.it\/wp-content\/uploads\/2023\/06\/Schermata-2023-06-27-alle-18.10.50.png&#8221; title_text=&#8221;Schermata 2023-06-27 alle 18.10.50&#8243; _builder_version=&#8221;4.21.0&#8243; _module_preset=&#8221;default&#8221; custom_margin=&#8221;-4px||||false|false&#8221; custom_padding=&#8221;52px|||||&#8221; global_colors_info=&#8221;{}&#8221;][\/et_pb_image][\/et_pb_column][et_pb_column type=&#8221;1_4&#8243; _builder_version=&#8221;4.21.0&#8243; _module_preset=&#8221;default&#8221; global_colors_info=&#8221;{}&#8221;][et_pb_text _builder_version=&#8221;4.21.0&#8243; _module_preset=&#8221;default&#8221; text_font=&#8221;Montserrat|600|||||||&#8221; text_text_color=&#8221;#0965a2&#8243; text_font_size=&#8221;15px&#8221; header_font_size=&#8221;33px&#8221; module_alignment=&#8221;center&#8221; custom_margin=&#8221;25px||||false|false&#8221; custom_padding=&#8221;22px|29px||2px||&#8221; global_colors_info=&#8221;{}&#8221;]<\/p>\n<p>Campania<\/p>\n<p>[\/et_pb_text][et_pb_icon font_icon=&#8221;&#xf276;||fa||900&#8243; icon_color=&#8221;#0965a2&#8243; icon_width=&#8221;23px&#8221; align=&#8221;left&#8221; _builder_version=&#8221;4.21.0&#8243; _module_preset=&#8221;default&#8221; custom_margin=&#8221;-114px|||-36px|false|false&#8221; custom_padding=&#8221;55px|91px||0px||&#8221; locked=&#8221;off&#8221; global_colors_info=&#8221;{}&#8221;][\/et_pb_icon][et_pb_text _builder_version=&#8221;4.21.0&#8243; _module_preset=&#8221;default&#8221; text_font=&#8221;Montserrat|600|||||||&#8221; text_text_color=&#8221;#0965a2&#8243; text_font_size=&#8221;16px&#8221; header_font=&#8221;Montserrat||||||||&#8221; text_orientation=&#8221;justified&#8221; custom_margin=&#8221;-20px|||-40px||&#8221; custom_padding=&#8221;|0px||||&#8221; link_option_url=&#8221;https:\/\/www.comune.oristano.it\/it\/novita\/news\/Costa-Diadema-Test-riuscito-per-il-turismo-da-crociera-a-Oristano\/#!#:~:text=Oristano%20gioca%20la%20carta%20del,scoperta%20del%20territorio%20di%20Oristano.&#8221; global_colors_info=&#8221;{}&#8221;]<\/p>\n<p><span style=\"color: #02385c;\"><\/span><\/p>\n<p><span style=\"color: #02385c;\">Universit\u00e0 degli Studi del Sannio\u00a0<\/span><span style=\"color: #02385c;\"><\/span><\/p>\n<p><span style=\"color: #02385c;\"><\/span><\/p>\n<p>[\/et_pb_text][et_pb_button button_url=&#8221;https:\/\/www.unisannio.it\/it&#8221; button_text=&#8221;Scopri di pi\u00f9&#8221; _builder_version=&#8221;4.21.0&#8243; _module_preset=&#8221;default&#8221; custom_button=&#8221;on&#8221; button_text_size=&#8221;13px&#8221; button_text_color=&#8221;#0965a2&#8243; button_bg_color=&#8221;#FFFFFF&#8221; button_font=&#8221;Montserrat||||||||&#8221; custom_margin=&#8221;29px|||14px|false|false&#8221; button_bg_color_last_edited=&#8221;off|desktop&#8221; global_colors_info=&#8221;{}&#8221; button_bg_color__hover_enabled=&#8221;on|hover&#8221; button_bg_color__hover=&#8221;#4d9cad&#8221; button_bg_enable_color__hover=&#8221;on&#8221; button_text_color__hover_enabled=&#8221;on|hover&#8221; button_text_color__hover=&#8221;#FFFFFF&#8221;][\/et_pb_button][\/et_pb_column][\/et_pb_row][\/et_pb_section][et_pb_section fb_built=&#8221;1&#8243; disabled_on=&#8221;on|on|off&#8221; _builder_version=&#8221;4.21.0&#8243; _module_preset=&#8221;default&#8221; background_image=&#8221;https:\/\/informacitta.oristano.studioprogetto2.it\/wp-content\/uploads\/2023\/06\/Schermata-2023-06-26-alle-15.53.10.png&#8221; background_size=&#8221;stretch&#8221; custom_margin=&#8221;-38px|-215px||-215px|false|true&#8221; custom_padding=&#8221;1px|||||&#8221; locked=&#8221;off&#8221; global_colors_info=&#8221;{}&#8221;][et_pb_row column_structure=&#8221;1_4,1_4,1_4,1_4&#8243; _builder_version=&#8221;4.21.0&#8243; _module_preset=&#8221;default&#8221; max_width=&#8221;1130px&#8221; custom_margin=&#8221;0px|185px||185px|false|true&#8221; custom_css_before=&#8221;.desktop-onlyalign-content&#8221; global_colors_info=&#8221;{}&#8221; custom_css_before_tablet=&#8221;.desktop-onlyalign-content&#8221; custom_css_before_phone=&#8221;.desktop-onlyalign-content&#8221; custom_css_before_last_edited=&#8221;on|desktop&#8221;][et_pb_column type=&#8221;1_4&#8243; _builder_version=&#8221;4.21.0&#8243; _module_preset=&#8221;default&#8221; global_colors_info=&#8221;{}&#8221;][et_pb_image src=&#8221;https:\/\/informacitta.oristano.studioprogetto2.it\/wp-content\/uploads\/2023\/06\/Schermata-2023-06-27-alle-18.23.27.png&#8221; title_text=&#8221;Schermata 2023-06-27 alle 18.23.27&#8243; _builder_version=&#8221;4.21.0&#8243; _module_preset=&#8221;default&#8221; custom_padding=&#8221;45px|||||&#8221; global_colors_info=&#8221;{}&#8221;][\/et_pb_image][\/et_pb_column][et_pb_column type=&#8221;1_4&#8243; _builder_version=&#8221;4.21.0&#8243; _module_preset=&#8221;default&#8221; global_colors_info=&#8221;{}&#8221;][et_pb_text _builder_version=&#8221;4.21.0&#8243; _module_preset=&#8221;default&#8221; text_font=&#8221;Montserrat|600|||||||&#8221; text_text_color=&#8221;#0965a2&#8243; text_font_size=&#8221;15px&#8221; header_font_size=&#8221;33px&#8221; module_alignment=&#8221;center&#8221; custom_margin=&#8221;25px||||false|false&#8221; custom_padding=&#8221;22px|29px||2px||&#8221; global_colors_info=&#8221;{}&#8221;]<\/p>\n<p>Lazio<\/p>\n<p>[\/et_pb_text][et_pb_icon font_icon=&#8221;&#xf276;||fa||900&#8243; icon_color=&#8221;#0965a2&#8243; icon_width=&#8221;23px&#8221; align=&#8221;left&#8221; _builder_version=&#8221;4.21.0&#8243; _module_preset=&#8221;default&#8221; custom_margin=&#8221;-114px|||-36px|false|false&#8221; custom_padding=&#8221;55px|91px||0px||&#8221; locked=&#8221;off&#8221; global_colors_info=&#8221;{}&#8221;][\/et_pb_icon][et_pb_text _builder_version=&#8221;4.21.0&#8243; _module_preset=&#8221;default&#8221; text_font=&#8221;Montserrat|600|||||||&#8221; text_text_color=&#8221;#0965a2&#8243; text_font_size=&#8221;16px&#8221; header_font=&#8221;Montserrat||||||||&#8221; text_orientation=&#8221;justified&#8221; custom_margin=&#8221;-20px|||-46px||&#8221; custom_padding=&#8221;|0px||9px||&#8221; global_colors_info=&#8221;{}&#8221;]<\/p>\n<p><span style=\"color: #02385c;\"><\/span><\/p>\n<p><span style=\"color: #02385c;\">Universit\u00e0 Campus\u00a0<span style=\"caret-color: #02385c;\">Bio &#8211; Medico di Roma<\/span><\/span><span style=\"font-size: 14px;\">\u00a0<\/span><\/p>\n<p>[\/et_pb_text][et_pb_button button_url=&#8221;https:\/\/www.unicampus.it\/it\/&#8221; button_text=&#8221;Scopri di pi\u00f9&#8221; _builder_version=&#8221;4.21.0&#8243; _module_preset=&#8221;default&#8221; custom_button=&#8221;on&#8221; button_text_size=&#8221;13px&#8221; button_text_color=&#8221;#0965a2&#8243; button_bg_color=&#8221;#FFFFFF&#8221; button_font=&#8221;Montserrat||||||||&#8221; custom_margin=&#8221;-11px|||18px|false|false&#8221; button_bg_color_last_edited=&#8221;off|desktop&#8221; global_colors_info=&#8221;{}&#8221; button_bg_color__hover_enabled=&#8221;on|hover&#8221; button_bg_color__hover=&#8221;#4d9cad&#8221; button_bg_enable_color__hover=&#8221;on&#8221; button_text_color__hover_enabled=&#8221;on|hover&#8221; button_text_color__hover=&#8221;#FFFFFF&#8221;][\/et_pb_button][\/et_pb_column][et_pb_column type=&#8221;1_4&#8243; _builder_version=&#8221;4.21.0&#8243; _module_preset=&#8221;default&#8221; global_colors_info=&#8221;{}&#8221;][et_pb_image src=&#8221;https:\/\/informacitta.oristano.studioprogetto2.it\/wp-content\/uploads\/2023\/12\/Schermata-2023-12-11-alle-10.33.58.png&#8221; title_text=&#8221;Schermata 2023-12-11 alle 10.33.58&#8243; _builder_version=&#8221;4.21.0&#8243; _module_preset=&#8221;default&#8221; custom_margin=&#8221;-10px||||false|false&#8221; custom_padding=&#8221;52px|||||&#8221; global_colors_info=&#8221;{}&#8221;][\/et_pb_image][\/et_pb_column][et_pb_column type=&#8221;1_4&#8243; _builder_version=&#8221;4.21.0&#8243; _module_preset=&#8221;default&#8221; global_colors_info=&#8221;{}&#8221;][et_pb_text _builder_version=&#8221;4.21.0&#8243; _module_preset=&#8221;default&#8221; text_font=&#8221;Montserrat|600|||||||&#8221; text_text_color=&#8221;#0965a2&#8243; text_font_size=&#8221;15px&#8221; header_font_size=&#8221;33px&#8221; module_alignment=&#8221;center&#8221; custom_margin=&#8221;25px||||false|false&#8221; custom_padding=&#8221;22px|29px||2px||&#8221; global_colors_info=&#8221;{}&#8221;]<\/p>\n<p>Lazio<\/p>\n<p>[\/et_pb_text][et_pb_icon font_icon=&#8221;&#xf276;||fa||900&#8243; icon_color=&#8221;#0965a2&#8243; icon_width=&#8221;23px&#8221; align=&#8221;left&#8221; _builder_version=&#8221;4.21.0&#8243; _module_preset=&#8221;default&#8221; custom_margin=&#8221;-117px|||-36px|false|false&#8221; custom_padding=&#8221;55px|91px||0px||&#8221; locked=&#8221;off&#8221; global_colors_info=&#8221;{}&#8221;][\/et_pb_icon][et_pb_text _builder_version=&#8221;4.21.0&#8243; _module_preset=&#8221;default&#8221; text_font=&#8221;Montserrat|600|||||||&#8221; text_text_color=&#8221;#0965a2&#8243; text_font_size=&#8221;16px&#8221; header_font=&#8221;Montserrat||||||||&#8221; text_orientation=&#8221;justified&#8221; custom_margin=&#8221;-25px|10px|2px|-46px||&#8221; custom_padding=&#8221;|0px||7px||&#8221; link_option_url=&#8221;https:\/\/www.comune.oristano.it\/it\/novita\/news\/Costa-Diadema-Test-riuscito-per-il-turismo-da-crociera-a-Oristano\/#!#:~:text=Oristano%20gioca%20la%20carta%20del,scoperta%20del%20territorio%20di%20Oristano.&#8221; global_colors_info=&#8221;{}&#8221;]<\/p>\n<p><span style=\"color: #02385c;\"><\/span><\/p>\n<p><span style=\"color: #02385c;\"><span style=\"caret-color: #02385c;\">Universit\u00e0 degli\u00a0Studi di Cassino e del Lazio Meridionale<\/span><\/span><\/p>\n<p><span style=\"color: #02385c;\"><\/span><\/p>\n<p><span style=\"color: #02385c;\"><\/span><\/p>\n<p>[\/et_pb_text][et_pb_button button_url=&#8221;https:\/\/www.unicas.it&#8221; button_text=&#8221;Scopri di pi\u00f9&#8221; _builder_version=&#8221;4.21.0&#8243; _module_preset=&#8221;default&#8221; custom_button=&#8221;on&#8221; button_text_size=&#8221;13px&#8221; button_text_color=&#8221;#0965a2&#8243; button_bg_color=&#8221;#FFFFFF&#8221; button_font=&#8221;Montserrat||||||||&#8221; custom_margin=&#8221;-1px|||14px|false|false&#8221; button_bg_color_last_edited=&#8221;off|desktop&#8221; global_colors_info=&#8221;{}&#8221; button_bg_color__hover_enabled=&#8221;on|hover&#8221; button_bg_color__hover=&#8221;#4d9cad&#8221; button_bg_enable_color__hover=&#8221;on&#8221; button_text_color__hover_enabled=&#8221;on|hover&#8221; button_text_color__hover=&#8221;#FFFFFF&#8221;][\/et_pb_button][\/et_pb_column][\/et_pb_row][et_pb_row column_structure=&#8221;1_4,1_4,1_4,1_4&#8243; _builder_version=&#8221;4.21.0&#8243; _module_preset=&#8221;default&#8221; max_width=&#8221;1130px&#8221; custom_margin=&#8221;20px|185px||185px|false|true&#8221; custom_css_before=&#8221;.desktop-onlyalign-content&#8221; global_colors_info=&#8221;{}&#8221; custom_css_before_tablet=&#8221;.desktop-onlyalign-content&#8221; custom_css_before_phone=&#8221;.desktop-onlyalign-content&#8221; custom_css_before_last_edited=&#8221;on|desktop&#8221;][et_pb_column type=&#8221;1_4&#8243; _builder_version=&#8221;4.21.0&#8243; _module_preset=&#8221;default&#8221; global_colors_info=&#8221;{}&#8221;][et_pb_image src=&#8221;https:\/\/informacitta.oristano.studioprogetto2.it\/wp-content\/uploads\/2023\/06\/Schermata-2023-06-27-alle-18.15.17.png&#8221; title_text=&#8221;Schermata 2023-06-27 alle 18.15.17&#8243; _builder_version=&#8221;4.21.0&#8243; _module_preset=&#8221;default&#8221; custom_padding=&#8221;45px|||||&#8221; global_colors_info=&#8221;{}&#8221;][\/et_pb_image][\/et_pb_column][et_pb_column type=&#8221;1_4&#8243; _builder_version=&#8221;4.21.0&#8243; _module_preset=&#8221;default&#8221; global_colors_info=&#8221;{}&#8221;][et_pb_text _builder_version=&#8221;4.21.0&#8243; _module_preset=&#8221;default&#8221; text_font=&#8221;Montserrat|600|||||||&#8221; text_text_color=&#8221;#0965a2&#8243; text_font_size=&#8221;15px&#8221; header_font_size=&#8221;33px&#8221; module_alignment=&#8221;center&#8221; custom_margin=&#8221;25px||||false|false&#8221; custom_padding=&#8221;22px|29px||2px||&#8221; global_colors_info=&#8221;{}&#8221;]<\/p>\n<p>Trentino Alto Adige<\/p>\n<p>[\/et_pb_text][et_pb_icon font_icon=&#8221;&#xf276;||fa||900&#8243; icon_color=&#8221;#0965a2&#8243; icon_width=&#8221;23px&#8221; align=&#8221;left&#8221; _builder_version=&#8221;4.21.0&#8243; _module_preset=&#8221;default&#8221; custom_margin=&#8221;-114px|||-36px|false|false&#8221; custom_padding=&#8221;55px|91px||0px||&#8221; locked=&#8221;off&#8221; global_colors_info=&#8221;{}&#8221;][\/et_pb_icon][et_pb_text _builder_version=&#8221;4.21.0&#8243; _module_preset=&#8221;default&#8221; text_font=&#8221;Montserrat|600|||||||&#8221; text_text_color=&#8221;#0965a2&#8243; text_font_size=&#8221;16px&#8221; header_font=&#8221;Montserrat||||||||&#8221; text_orientation=&#8221;justified&#8221; custom_margin=&#8221;-20px|||-40px||&#8221; custom_padding=&#8221;|0px||||&#8221; global_colors_info=&#8221;{}&#8221;]<\/p>\n<p><span style=\"color: #02385c;\"><\/span><\/p>\n<p style=\"text-align: justify;\"><span style=\"color: #02385c;\">\u00a0Libera Universit\u00e0 di Bolzano<\/span><\/p>\n<p>[\/et_pb_text][et_pb_button button_url=&#8221;https:\/\/www.unibz.it\/it\/&#8221; button_text=&#8221;Scopri di pi\u00f9&#8221; _builder_version=&#8221;4.21.0&#8243; _module_preset=&#8221;default&#8221; custom_button=&#8221;on&#8221; button_text_size=&#8221;13px&#8221; button_text_color=&#8221;#0965a2&#8243; button_bg_color=&#8221;#FFFFFF&#8221; button_font=&#8221;Montserrat||||||||&#8221; custom_margin=&#8221;42px|96px||18px|false|false&#8221; button_bg_color_last_edited=&#8221;off|desktop&#8221; global_colors_info=&#8221;{}&#8221; button_bg_color__hover_enabled=&#8221;on|hover&#8221; button_bg_color__hover=&#8221;#4d9cad&#8221; button_bg_enable_color__hover=&#8221;on&#8221; button_text_color__hover_enabled=&#8221;on|hover&#8221; button_text_color__hover=&#8221;#FFFFFF&#8221;][\/et_pb_button][\/et_pb_column][et_pb_column type=&#8221;1_4&#8243; _builder_version=&#8221;4.21.0&#8243; _module_preset=&#8221;default&#8221; global_colors_info=&#8221;{}&#8221;][et_pb_image src=&#8221;https:\/\/informacitta.oristano.studioprogetto2.it\/wp-content\/uploads\/2023\/06\/Schermata-2023-06-27-alle-18.15.28.png&#8221; title_text=&#8221;Schermata 2023-06-27 alle 18.15.28&#8243; _builder_version=&#8221;4.21.0&#8243; _module_preset=&#8221;default&#8221; custom_margin=&#8221;-9px||||false|false&#8221; custom_padding=&#8221;52px|||||&#8221; global_colors_info=&#8221;{}&#8221;][\/et_pb_image][\/et_pb_column][et_pb_column type=&#8221;1_4&#8243; _builder_version=&#8221;4.21.0&#8243; _module_preset=&#8221;default&#8221; global_colors_info=&#8221;{}&#8221;][et_pb_text _builder_version=&#8221;4.21.0&#8243; _module_preset=&#8221;default&#8221; text_font=&#8221;Montserrat|600|||||||&#8221; text_text_color=&#8221;#0965a2&#8243; text_font_size=&#8221;15px&#8221; header_font_size=&#8221;33px&#8221; module_alignment=&#8221;center&#8221; custom_margin=&#8221;25px||||false|false&#8221; custom_padding=&#8221;22px|29px||2px||&#8221; global_colors_info=&#8221;{}&#8221;]<\/p>\n<p>Lombardia<\/p>\n<p>[\/et_pb_text][et_pb_icon font_icon=&#8221;&#xf276;||fa||900&#8243; icon_color=&#8221;#0965a2&#8243; icon_width=&#8221;23px&#8221; align=&#8221;left&#8221; _builder_version=&#8221;4.21.0&#8243; _module_preset=&#8221;default&#8221; custom_margin=&#8221;-114px|||-36px|false|false&#8221; custom_padding=&#8221;55px|91px||0px||&#8221; locked=&#8221;off&#8221; global_colors_info=&#8221;{}&#8221;][\/et_pb_icon][et_pb_text _builder_version=&#8221;4.21.0&#8243; _module_preset=&#8221;default&#8221; text_font=&#8221;Montserrat|600|||||||&#8221; text_text_color=&#8221;#0965a2&#8243; text_font_size=&#8221;16px&#8221; header_font=&#8221;Montserrat||||||||&#8221; text_orientation=&#8221;justified&#8221; custom_margin=&#8221;-17px|20px|2px|-40px|false|false&#8221; custom_padding=&#8221;|0px||7px||&#8221; link_option_url=&#8221;https:\/\/www.comune.oristano.it\/it\/novita\/news\/Costa-Diadema-Test-riuscito-per-il-turismo-da-crociera-a-Oristano\/#!#:~:text=Oristano%20gioca%20la%20carta%20del,scoperta%20del%20territorio%20di%20Oristano.&#8221; global_colors_info=&#8221;{}&#8221;]<\/p>\n<p><span style=\"color: #02385c;\"><\/span><\/p>\n<p style=\"text-align: justify;\"><span style=\"color: #02385c;\">Universit\u00e0 degli Studi di Brescia<\/span><span style=\"color: #02385c;\"><\/span><\/p>\n<p><span style=\"color: #02385c;\"><\/span><\/p>\n<p>[\/et_pb_text][et_pb_button button_url=&#8221;https:\/\/www.unibs.it\/it&#8221; button_text=&#8221;Scopri di pi\u00f9&#8221; _builder_version=&#8221;4.21.0&#8243; _module_preset=&#8221;default&#8221; custom_button=&#8221;on&#8221; button_text_size=&#8221;13px&#8221; button_text_color=&#8221;#0965a2&#8243; button_bg_color=&#8221;#FFFFFF&#8221; button_font=&#8221;Montserrat||||||||&#8221; custom_margin=&#8221;-2px|||14px|false|false&#8221; button_bg_color_last_edited=&#8221;off|desktop&#8221; global_colors_info=&#8221;{}&#8221; button_bg_color__hover_enabled=&#8221;on|hover&#8221; button_bg_color__hover=&#8221;#4d9cad&#8221; button_bg_enable_color__hover=&#8221;on&#8221; button_text_color__hover_enabled=&#8221;on|hover&#8221; button_text_color__hover=&#8221;#FFFFFF&#8221;][\/et_pb_button][\/et_pb_column][\/et_pb_row][et_pb_row column_structure=&#8221;1_4,1_4,1_4,1_4&#8243; _builder_version=&#8221;4.21.0&#8243; _module_preset=&#8221;default&#8221; max_width=&#8221;1130px&#8221; custom_margin=&#8221;20px|185px||185px|false|true&#8221; custom_css_before=&#8221;.desktop-onlyalign-content&#8221; global_colors_info=&#8221;{}&#8221; custom_css_before_tablet=&#8221;.desktop-onlyalign-content&#8221; custom_css_before_phone=&#8221;.desktop-onlyalign-content&#8221; custom_css_before_last_edited=&#8221;on|desktop&#8221;][et_pb_column type=&#8221;1_4&#8243; _builder_version=&#8221;4.21.0&#8243; _module_preset=&#8221;default&#8221; global_colors_info=&#8221;{}&#8221;][et_pb_image src=&#8221;https:\/\/informacitta.oristano.studioprogetto2.it\/wp-content\/uploads\/2023\/06\/Schermata-2023-06-27-alle-18.27.57.png&#8221; title_text=&#8221;Schermata 2023-06-27 alle 18.27.57&#8243; _builder_version=&#8221;4.21.0&#8243; _module_preset=&#8221;default&#8221; custom_padding=&#8221;45px|||||&#8221; global_colors_info=&#8221;{}&#8221;][\/et_pb_image][\/et_pb_column][et_pb_column type=&#8221;1_4&#8243; _builder_version=&#8221;4.21.0&#8243; _module_preset=&#8221;default&#8221; global_colors_info=&#8221;{}&#8221;][et_pb_text _builder_version=&#8221;4.21.0&#8243; _module_preset=&#8221;default&#8221; text_font=&#8221;Montserrat|600|||||||&#8221; text_text_color=&#8221;#0965a2&#8243; text_font_size=&#8221;15px&#8221; header_font_size=&#8221;33px&#8221; module_alignment=&#8221;center&#8221; custom_margin=&#8221;25px||||false|false&#8221; custom_padding=&#8221;22px|29px||2px||&#8221; global_colors_info=&#8221;{}&#8221;]<\/p>\n<p>Veneto<\/p>\n<p>[\/et_pb_text][et_pb_icon font_icon=&#8221;&#xf276;||fa||900&#8243; icon_color=&#8221;#0965a2&#8243; icon_width=&#8221;23px&#8221; align=&#8221;left&#8221; _builder_version=&#8221;4.21.0&#8243; _module_preset=&#8221;default&#8221; custom_margin=&#8221;-114px|||-36px|false|false&#8221; custom_padding=&#8221;55px|91px||0px||&#8221; locked=&#8221;off&#8221; global_colors_info=&#8221;{}&#8221;][\/et_pb_icon][et_pb_text _builder_version=&#8221;4.21.0&#8243; _module_preset=&#8221;default&#8221; text_font=&#8221;Montserrat|600|||||||&#8221; text_text_color=&#8221;#0965a2&#8243; text_font_size=&#8221;16px&#8221; header_font=&#8221;Montserrat||||||||&#8221; text_orientation=&#8221;justified&#8221; custom_margin=&#8221;-20px|||-40px||&#8221; custom_padding=&#8221;|0px||||&#8221; global_colors_info=&#8221;{}&#8221;]<\/p>\n<p><span style=\"color: #02385c;\"><\/span><\/p>\n<p><span style=\"color: #02385c;\">Universit\u00e0 Ca&#8217; Foscari Venezia<\/span><\/p>\n<p>[\/et_pb_text][et_pb_button button_url=&#8221;https:\/\/www.unive.it&#8221; button_text=&#8221;Scopri di pi\u00f9&#8221; _builder_version=&#8221;4.21.0&#8243; _module_preset=&#8221;default&#8221; custom_button=&#8221;on&#8221; button_text_size=&#8221;13px&#8221; button_text_color=&#8221;#0965a2&#8243; button_bg_color=&#8221;#FFFFFF&#8221; button_font=&#8221;Montserrat||||||||&#8221; custom_margin=&#8221;41px|96px||18px|false|false&#8221; button_bg_color_last_edited=&#8221;off|desktop&#8221; global_colors_info=&#8221;{}&#8221; button_bg_color__hover_enabled=&#8221;on|hover&#8221; button_bg_color__hover=&#8221;#4d9cad&#8221; button_bg_enable_color__hover=&#8221;on&#8221; button_text_color__hover_enabled=&#8221;on|hover&#8221; button_text_color__hover=&#8221;#FFFFFF&#8221;][\/et_pb_button][\/et_pb_column][et_pb_column type=&#8221;1_4&#8243; _builder_version=&#8221;4.21.0&#8243; _module_preset=&#8221;default&#8221; global_colors_info=&#8221;{}&#8221;][et_pb_image src=&#8221;https:\/\/informacitta.oristano.studioprogetto2.it\/wp-content\/uploads\/2023\/06\/Schermata-2023-06-27-alle-18.28.07.png&#8221; title_text=&#8221;Schermata 2023-06-27 alle 18.28.07&#8243; _builder_version=&#8221;4.21.0&#8243; _module_preset=&#8221;default&#8221; custom_padding=&#8221;47px|||||&#8221; global_colors_info=&#8221;{}&#8221;][\/et_pb_image][\/et_pb_column][et_pb_column type=&#8221;1_4&#8243; _builder_version=&#8221;4.21.0&#8243; _module_preset=&#8221;default&#8221; global_colors_info=&#8221;{}&#8221;][et_pb_text _builder_version=&#8221;4.21.0&#8243; _module_preset=&#8221;default&#8221; text_font=&#8221;Montserrat|600|||||||&#8221; text_text_color=&#8221;#0965a2&#8243; text_font_size=&#8221;15px&#8221; header_font_size=&#8221;33px&#8221; module_alignment=&#8221;center&#8221; custom_margin=&#8221;25px||||false|false&#8221; custom_padding=&#8221;22px|29px||2px||&#8221; global_colors_info=&#8221;{}&#8221;]<\/p>\n<p>Marche<\/p>\n<p>[\/et_pb_text][et_pb_icon font_icon=&#8221;&#xf276;||fa||900&#8243; icon_color=&#8221;#0965a2&#8243; icon_width=&#8221;23px&#8221; align=&#8221;left&#8221; _builder_version=&#8221;4.21.0&#8243; _module_preset=&#8221;default&#8221; custom_margin=&#8221;-114px|||-36px|false|false&#8221; custom_padding=&#8221;55px|91px||0px||&#8221; locked=&#8221;off&#8221; global_colors_info=&#8221;{}&#8221;][\/et_pb_icon][et_pb_text _builder_version=&#8221;4.21.0&#8243; _module_preset=&#8221;default&#8221; text_font=&#8221;Montserrat|600|||||||&#8221; text_text_color=&#8221;#0965a2&#8243; text_font_size=&#8221;16px&#8221; header_font=&#8221;Montserrat||||||||&#8221; text_orientation=&#8221;justified&#8221; custom_margin=&#8221;-20px|||-40px||&#8221; custom_padding=&#8221;|0px||||&#8221; link_option_url=&#8221;https:\/\/www.comune.oristano.it\/it\/novita\/news\/Costa-Diadema-Test-riuscito-per-il-turismo-da-crociera-a-Oristano\/#!#:~:text=Oristano%20gioca%20la%20carta%20del,scoperta%20del%20territorio%20di%20Oristano.&#8221; global_colors_info=&#8221;{}&#8221;]<\/p>\n<p><span style=\"color: #02385c;\"><\/span><\/p>\n<p><span style=\"color: #02385c;\">Universit\u00e0 degli Studi di Camerino<\/span><span style=\"color: #02385c;\"><\/span><\/p>\n<p><span style=\"color: #02385c;\"><\/span><\/p>\n<p>[\/et_pb_text][et_pb_button button_url=&#8221;https:\/\/www.unicam.it&#8221; button_text=&#8221;Scopri di pi\u00f9&#8221; _builder_version=&#8221;4.21.0&#8243; _module_preset=&#8221;default&#8221; custom_button=&#8221;on&#8221; button_text_size=&#8221;13px&#8221; button_text_color=&#8221;#0965a2&#8243; button_bg_color=&#8221;#FFFFFF&#8221; button_font=&#8221;Montserrat||||||||&#8221; custom_margin=&#8221;-26px|||14px|false|false&#8221; button_bg_color_last_edited=&#8221;off|desktop&#8221; global_colors_info=&#8221;{}&#8221; button_bg_color__hover_enabled=&#8221;on|hover&#8221; button_bg_color__hover=&#8221;#4d9cad&#8221; button_bg_enable_color__hover=&#8221;on&#8221; button_text_color__hover_enabled=&#8221;on|hover&#8221; button_text_color__hover=&#8221;#FFFFFF&#8221;][\/et_pb_button][\/et_pb_column][\/et_pb_row][et_pb_row column_structure=&#8221;1_4,1_4,1_4,1_4&#8243; _builder_version=&#8221;4.21.0&#8243; _module_preset=&#8221;default&#8221; max_width=&#8221;1130px&#8221; custom_margin=&#8221;20px|185px||185px|false|true&#8221; custom_css_before=&#8221;.desktop-onlyalign-content&#8221; global_colors_info=&#8221;{}&#8221; custom_css_before_tablet=&#8221;.desktop-onlyalign-content&#8221; custom_css_before_phone=&#8221;.desktop-onlyalign-content&#8221; custom_css_before_last_edited=&#8221;on|desktop&#8221;][et_pb_column type=&#8221;1_4&#8243; _builder_version=&#8221;4.21.0&#8243; _module_preset=&#8221;default&#8221; global_colors_info=&#8221;{}&#8221;][et_pb_image src=&#8221;https:\/\/informacitta.oristano.studioprogetto2.it\/wp-content\/uploads\/2023\/06\/Schermata-2023-06-27-alle-18.32.24.png&#8221; title_text=&#8221;Schermata 2023-06-27 alle 18.32.24&#8243; _builder_version=&#8221;4.21.0&#8243; _module_preset=&#8221;default&#8221; custom_padding=&#8221;45px|||||&#8221; global_colors_info=&#8221;{}&#8221;][\/et_pb_image][\/et_pb_column][et_pb_column type=&#8221;1_4&#8243; _builder_version=&#8221;4.21.0&#8243; _module_preset=&#8221;default&#8221; global_colors_info=&#8221;{}&#8221;][et_pb_text _builder_version=&#8221;4.21.0&#8243; _module_preset=&#8221;default&#8221; text_font=&#8221;Montserrat|600|||||||&#8221; text_text_color=&#8221;#0965a2&#8243; text_font_size=&#8221;15px&#8221; header_font_size=&#8221;33px&#8221; module_alignment=&#8221;center&#8221; custom_margin=&#8221;25px||||false|false&#8221; custom_padding=&#8221;22px|29px||2px||&#8221; global_colors_info=&#8221;{}&#8221;]<\/p>\n<p>Lombardia<\/p>\n<p>[\/et_pb_text][et_pb_icon font_icon=&#8221;&#xf276;||fa||900&#8243; icon_color=&#8221;#0965a2&#8243; icon_width=&#8221;23px&#8221; align=&#8221;left&#8221; _builder_version=&#8221;4.21.0&#8243; _module_preset=&#8221;default&#8221; custom_margin=&#8221;-114px|||-36px|false|false&#8221; custom_padding=&#8221;55px|91px||0px||&#8221; locked=&#8221;off&#8221; global_colors_info=&#8221;{}&#8221;][\/et_pb_icon][et_pb_text _builder_version=&#8221;4.21.0&#8243; _module_preset=&#8221;default&#8221; text_font=&#8221;Montserrat|600|||||||&#8221; text_text_color=&#8221;#0965a2&#8243; text_font_size=&#8221;16px&#8221; header_font=&#8221;Montserrat||||||||&#8221; text_orientation=&#8221;justified&#8221; custom_margin=&#8221;-20px|||-40px||&#8221; custom_padding=&#8221;|0px||||&#8221; global_colors_info=&#8221;{}&#8221;]<\/p>\n<p><span style=\"color: #02385c;\"><\/span><\/p>\n<p style=\"text-align: justify;\"><span style=\"color: #02385c;\">Universit\u00e0 Cattolica del Sacro Cuore<\/span><\/p>\n<p>[\/et_pb_text][et_pb_button button_url=&#8221;https:\/\/www.unicatt.it&#8221; button_text=&#8221;Scopri di pi\u00f9&#8221; _builder_version=&#8221;4.21.0&#8243; _module_preset=&#8221;default&#8221; custom_button=&#8221;on&#8221; button_text_size=&#8221;13px&#8221; button_text_color=&#8221;#0965a2&#8243; button_bg_color=&#8221;#FFFFFF&#8221; button_font=&#8221;Montserrat||||||||&#8221; custom_margin=&#8221;-10px|96px||18px|false|false&#8221; button_bg_color_last_edited=&#8221;off|desktop&#8221; global_colors_info=&#8221;{}&#8221; button_bg_color__hover_enabled=&#8221;on|hover&#8221; button_bg_color__hover=&#8221;#4d9cad&#8221; button_bg_enable_color__hover=&#8221;on&#8221; button_text_color__hover_enabled=&#8221;on|hover&#8221; button_text_color__hover=&#8221;#FFFFFF&#8221;][\/et_pb_button][\/et_pb_column][et_pb_column type=&#8221;1_4&#8243; _builder_version=&#8221;4.21.0&#8243; _module_preset=&#8221;default&#8221; global_colors_info=&#8221;{}&#8221;][et_pb_image src=&#8221;https:\/\/informacitta.oristano.studioprogetto2.it\/wp-content\/uploads\/2023\/06\/Schermata-2023-06-27-alle-18.32.40.png&#8221; title_text=&#8221;Schermata 2023-06-27 alle 18.32.40&#8243; _builder_version=&#8221;4.21.0&#8243; _module_preset=&#8221;default&#8221; custom_margin=&#8221;-6px||||false|false&#8221; custom_padding=&#8221;52px|||||&#8221; global_colors_info=&#8221;{}&#8221;][\/et_pb_image][\/et_pb_column][et_pb_column type=&#8221;1_4&#8243; _builder_version=&#8221;4.21.0&#8243; _module_preset=&#8221;default&#8221; global_colors_info=&#8221;{}&#8221;][et_pb_text _builder_version=&#8221;4.21.0&#8243; _module_preset=&#8221;default&#8221; text_font=&#8221;Montserrat|600|||||||&#8221; text_text_color=&#8221;#0965a2&#8243; text_font_size=&#8221;15px&#8221; header_font_size=&#8221;33px&#8221; module_alignment=&#8221;center&#8221; custom_margin=&#8221;25px||||false|false&#8221; custom_padding=&#8221;22px|29px||2px||&#8221; global_colors_info=&#8221;{}&#8221;]<\/p>\n<p>Abruzzo<\/p>\n<p>[\/et_pb_text][et_pb_icon font_icon=&#8221;&#xf276;||fa||900&#8243; icon_color=&#8221;#0965a2&#8243; icon_width=&#8221;23px&#8221; align=&#8221;left&#8221; _builder_version=&#8221;4.21.0&#8243; _module_preset=&#8221;default&#8221; custom_margin=&#8221;-114px|||-36px|false|false&#8221; custom_padding=&#8221;55px|91px||0px||&#8221; locked=&#8221;off&#8221; global_colors_info=&#8221;{}&#8221;][\/et_pb_icon][et_pb_text _builder_version=&#8221;4.21.0&#8243; _module_preset=&#8221;default&#8221; text_font=&#8221;Montserrat|600|||||||&#8221; text_text_color=&#8221;#0965a2&#8243; text_font_size=&#8221;16px&#8221; header_font=&#8221;Montserrat||||||||&#8221; text_orientation=&#8221;justified&#8221; custom_margin=&#8221;-20px|||-40px||&#8221; custom_padding=&#8221;|0px||||&#8221; link_option_url=&#8221;https:\/\/www.comune.oristano.it\/it\/novita\/news\/Costa-Diadema-Test-riuscito-per-il-turismo-da-crociera-a-Oristano\/#!#:~:text=Oristano%20gioca%20la%20carta%20del,scoperta%20del%20territorio%20di%20Oristano.&#8221; global_colors_info=&#8221;{}&#8221;]<\/p>\n<p><span style=\"color: #02385c;\"><\/span><\/p>\n<p><span style=\"color: #02385c;\">Universit\u00e0 degli Studi &#8220;Gabriele d&#8217;Annunzio&#8221; Chieti &#8211; Pescara<\/span><span style=\"color: #02385c;\"><\/span><\/p>\n<p><span style=\"color: #02385c;\"><\/span><\/p>\n<p>[\/et_pb_text][et_pb_button button_url=&#8221;https:\/\/www.unich.it&#8221; button_text=&#8221;Scopri di pi\u00f9&#8221; _builder_version=&#8221;4.21.0&#8243; _module_preset=&#8221;default&#8221; custom_button=&#8221;on&#8221; button_text_size=&#8221;13px&#8221; button_text_color=&#8221;#0965a2&#8243; button_bg_color=&#8221;#FFFFFF&#8221; button_font=&#8221;Montserrat||||||||&#8221; custom_margin=&#8221;-25px|||14px|false|false&#8221; button_bg_color_last_edited=&#8221;off|desktop&#8221; global_colors_info=&#8221;{}&#8221; button_bg_color__hover_enabled=&#8221;on|hover&#8221; button_bg_color__hover=&#8221;#4d9cad&#8221; button_bg_enable_color__hover=&#8221;on&#8221; button_text_color__hover_enabled=&#8221;on|hover&#8221; button_text_color__hover=&#8221;#FFFFFF&#8221;][\/et_pb_button][\/et_pb_column][\/et_pb_row][et_pb_row column_structure=&#8221;1_4,1_4,1_4,1_4&#8243; _builder_version=&#8221;4.21.0&#8243; _module_preset=&#8221;default&#8221; max_width=&#8221;1130px&#8221; custom_margin=&#8221;20px|185px||185px|false|true&#8221; custom_css_before=&#8221;.desktop-onlyalign-content&#8221; global_colors_info=&#8221;{}&#8221; custom_css_before_tablet=&#8221;.desktop-onlyalign-content&#8221; custom_css_before_phone=&#8221;.desktop-onlyalign-content&#8221; custom_css_before_last_edited=&#8221;on|desktop&#8221;][et_pb_column type=&#8221;1_4&#8243; _builder_version=&#8221;4.21.0&#8243; _module_preset=&#8221;default&#8221; global_colors_info=&#8221;{}&#8221;][et_pb_image src=&#8221;https:\/\/informacitta.oristano.studioprogetto2.it\/wp-content\/uploads\/2023\/06\/Schermata-2023-06-27-alle-18.32.49.png&#8221; title_text=&#8221;Schermata 2023-06-27 alle 18.32.49&#8243; _builder_version=&#8221;4.21.0&#8243; _module_preset=&#8221;default&#8221; custom_padding=&#8221;45px|||||&#8221; global_colors_info=&#8221;{}&#8221;][\/et_pb_image][\/et_pb_column][et_pb_column type=&#8221;1_4&#8243; _builder_version=&#8221;4.21.0&#8243; _module_preset=&#8221;default&#8221; global_colors_info=&#8221;{}&#8221;][et_pb_text _builder_version=&#8221;4.21.0&#8243; _module_preset=&#8221;default&#8221; text_font=&#8221;Montserrat|600|||||||&#8221; text_text_color=&#8221;#0965a2&#8243; text_font_size=&#8221;15px&#8221; header_font_size=&#8221;33px&#8221; module_alignment=&#8221;center&#8221; custom_margin=&#8221;25px||||false|false&#8221; custom_padding=&#8221;22px|29px||2px||&#8221; global_colors_info=&#8221;{}&#8221;]<\/p>\n<p>Sicilia<\/p>\n<p>[\/et_pb_text][et_pb_icon font_icon=&#8221;&#xf276;||fa||900&#8243; icon_color=&#8221;#0965a2&#8243; icon_width=&#8221;23px&#8221; align=&#8221;left&#8221; _builder_version=&#8221;4.21.0&#8243; _module_preset=&#8221;default&#8221; custom_margin=&#8221;-114px|||-36px|false|false&#8221; custom_padding=&#8221;55px|91px||0px||&#8221; locked=&#8221;off&#8221; global_colors_info=&#8221;{}&#8221;][\/et_pb_icon][et_pb_text _builder_version=&#8221;4.21.0&#8243; _module_preset=&#8221;default&#8221; text_font=&#8221;Montserrat|600|||||||&#8221; text_text_color=&#8221;#0965a2&#8243; text_font_size=&#8221;16px&#8221; header_font=&#8221;Montserrat||||||||&#8221; text_orientation=&#8221;justified&#8221; custom_margin=&#8221;-20px|||-40px||&#8221; custom_padding=&#8221;|0px||||&#8221; global_colors_info=&#8221;{}&#8221;]<\/p>\n<p><span style=\"color: #02385c;\"><\/span><\/p>\n<p><span style=\"color: #02385c;\">Universit\u00e0 degli Studi di Enna &#8220;Kore&#8221;<\/span><\/p>\n<p>[\/et_pb_text][et_pb_button button_url=&#8221;https:\/\/unikore.it&#8221; button_text=&#8221;Scopri di pi\u00f9&#8221; _builder_version=&#8221;4.21.0&#8243; _module_preset=&#8221;default&#8221; custom_button=&#8221;on&#8221; button_text_size=&#8221;13px&#8221; button_text_color=&#8221;#0965a2&#8243; button_bg_color=&#8221;#FFFFFF&#8221; button_font=&#8221;Montserrat||||||||&#8221; custom_margin=&#8221;-7px|96px||18px|false|false&#8221; button_bg_color_last_edited=&#8221;off|desktop&#8221; global_colors_info=&#8221;{}&#8221; button_bg_color__hover_enabled=&#8221;on|hover&#8221; button_bg_color__hover=&#8221;#4d9cad&#8221; button_bg_enable_color__hover=&#8221;on&#8221; button_text_color__hover_enabled=&#8221;on|hover&#8221; button_text_color__hover=&#8221;#FFFFFF&#8221;][\/et_pb_button][\/et_pb_column][et_pb_column type=&#8221;1_4&#8243; _builder_version=&#8221;4.21.0&#8243; _module_preset=&#8221;default&#8221; global_colors_info=&#8221;{}&#8221;][et_pb_image src=&#8221;https:\/\/informacitta.oristano.studioprogetto2.it\/wp-content\/uploads\/2023\/06\/Schermata-2023-06-27-alle-18.33.00.png&#8221; title_text=&#8221;Schermata 2023-06-27 alle 18.33.00&#8243; _builder_version=&#8221;4.21.0&#8243; _module_preset=&#8221;default&#8221; custom_margin=&#8221;-4px||||false|false&#8221; custom_padding=&#8221;52px|||||&#8221; global_colors_info=&#8221;{}&#8221;][\/et_pb_image][\/et_pb_column][et_pb_column type=&#8221;1_4&#8243; _builder_version=&#8221;4.21.0&#8243; _module_preset=&#8221;default&#8221; global_colors_info=&#8221;{}&#8221;][et_pb_text _builder_version=&#8221;4.21.0&#8243; _module_preset=&#8221;default&#8221; text_font=&#8221;Montserrat|600|||||||&#8221; text_text_color=&#8221;#0965a2&#8243; text_font_size=&#8221;15px&#8221; header_font_size=&#8221;33px&#8221; module_alignment=&#8221;center&#8221; custom_margin=&#8221;25px||||false|false&#8221; custom_padding=&#8221;22px|29px||2px||&#8221; global_colors_info=&#8221;{}&#8221;]<\/p>\n<p>Lazio<\/p>\n<p>[\/et_pb_text][et_pb_icon font_icon=&#8221;&#xf276;||fa||900&#8243; icon_color=&#8221;#0965a2&#8243; icon_width=&#8221;23px&#8221; align=&#8221;left&#8221; _builder_version=&#8221;4.21.0&#8243; _module_preset=&#8221;default&#8221; custom_margin=&#8221;-114px|||-36px|false|false&#8221; custom_padding=&#8221;55px|91px||0px||&#8221; locked=&#8221;off&#8221; global_colors_info=&#8221;{}&#8221;][\/et_pb_icon][et_pb_text _builder_version=&#8221;4.21.0&#8243; _module_preset=&#8221;default&#8221; text_font=&#8221;Montserrat|600|||||||&#8221; text_text_color=&#8221;#0965a2&#8243; text_font_size=&#8221;16px&#8221; header_font=&#8221;Montserrat||||||||&#8221; text_orientation=&#8221;justified&#8221; custom_margin=&#8221;-20px|||-40px||&#8221; custom_padding=&#8221;|0px||||&#8221; link_option_url=&#8221;https:\/\/www.comune.oristano.it\/it\/novita\/news\/Costa-Diadema-Test-riuscito-per-il-turismo-da-crociera-a-Oristano\/#!#:~:text=Oristano%20gioca%20la%20carta%20del,scoperta%20del%20territorio%20di%20Oristano.&#8221; global_colors_info=&#8221;{}&#8221;]<\/p>\n<p><span style=\"color: #02385c;\"><\/span><\/p>\n<p><span style=\"color: #02385c;\">Universit\u00e0 Europea di Roma<\/span><span style=\"color: #02385c;\"><\/span><\/p>\n<p><span style=\"color: #02385c;\"><\/span><\/p>\n<p>[\/et_pb_text][et_pb_button button_url=&#8221;https:\/\/www.universitaeuropeadiroma.it&#8221; button_text=&#8221;Scopri di pi\u00f9&#8221; _builder_version=&#8221;4.21.0&#8243; _module_preset=&#8221;default&#8221; custom_button=&#8221;on&#8221; button_text_size=&#8221;13px&#8221; button_text_color=&#8221;#0965a2&#8243; button_bg_color=&#8221;#FFFFFF&#8221; button_font=&#8221;Montserrat||||||||&#8221; custom_margin=&#8221;-3px|||14px|false|false&#8221; button_bg_color_last_edited=&#8221;off|desktop&#8221; global_colors_info=&#8221;{}&#8221; button_bg_color__hover_enabled=&#8221;on|hover&#8221; button_bg_color__hover=&#8221;#4d9cad&#8221; button_bg_enable_color__hover=&#8221;on&#8221; button_text_color__hover_enabled=&#8221;on|hover&#8221; button_text_color__hover=&#8221;#FFFFFF&#8221;][\/et_pb_button][\/et_pb_column][\/et_pb_row][et_pb_row column_structure=&#8221;1_4,1_4,1_4,1_4&#8243; _builder_version=&#8221;4.21.0&#8243; _module_preset=&#8221;default&#8221; max_width=&#8221;1130px&#8221; custom_margin=&#8221;20px|185px||185px|false|true&#8221; custom_css_before=&#8221;.desktop-onlyalign-content&#8221; global_colors_info=&#8221;{}&#8221; custom_css_before_tablet=&#8221;.desktop-onlyalign-content&#8221; custom_css_before_phone=&#8221;.desktop-onlyalign-content&#8221; custom_css_before_last_edited=&#8221;on|desktop&#8221;][et_pb_column type=&#8221;1_4&#8243; _builder_version=&#8221;4.21.0&#8243; _module_preset=&#8221;default&#8221; global_colors_info=&#8221;{}&#8221;][et_pb_image src=&#8221;https:\/\/informacitta.oristano.studioprogetto2.it\/wp-content\/uploads\/2023\/06\/Schermata-2023-06-27-alle-18.40.28.png&#8221; title_text=&#8221;Schermata 2023-06-27 alle 18.40.28&#8243; _builder_version=&#8221;4.21.0&#8243; _module_preset=&#8221;default&#8221; custom_padding=&#8221;45px|||||&#8221; global_colors_info=&#8221;{}&#8221;][\/et_pb_image][\/et_pb_column][et_pb_column type=&#8221;1_4&#8243; _builder_version=&#8221;4.21.0&#8243; _module_preset=&#8221;default&#8221; global_colors_info=&#8221;{}&#8221;][et_pb_text _builder_version=&#8221;4.21.0&#8243; _module_preset=&#8221;default&#8221; text_font=&#8221;Montserrat|600|||||||&#8221; text_text_color=&#8221;#0965a2&#8243; text_font_size=&#8221;15px&#8221; header_font_size=&#8221;33px&#8221; module_alignment=&#8221;center&#8221; custom_margin=&#8221;25px||||false|false&#8221; custom_padding=&#8221;22px|29px||2px||&#8221; global_colors_info=&#8221;{}&#8221;]<\/p>\n<p>Emilia Romagna<\/p>\n<p>[\/et_pb_text][et_pb_icon font_icon=&#8221;&#xf276;||fa||900&#8243; icon_color=&#8221;#0965a2&#8243; icon_width=&#8221;23px&#8221; align=&#8221;left&#8221; _builder_version=&#8221;4.21.0&#8243; _module_preset=&#8221;default&#8221; custom_margin=&#8221;-114px|||-36px|false|false&#8221; custom_padding=&#8221;55px|91px||0px||&#8221; locked=&#8221;off&#8221; global_colors_info=&#8221;{}&#8221;][\/et_pb_icon][et_pb_text _builder_version=&#8221;4.21.0&#8243; _module_preset=&#8221;default&#8221; text_font=&#8221;Montserrat|600|||||||&#8221; text_text_color=&#8221;#0965a2&#8243; text_font_size=&#8221;16px&#8221; header_font=&#8221;Montserrat||||||||&#8221; text_orientation=&#8221;justified&#8221; custom_margin=&#8221;-20px|||-40px||&#8221; custom_padding=&#8221;|0px||||&#8221; global_colors_info=&#8221;{}&#8221;]<\/p>\n<p><span style=\"color: #02385c;\"><\/span><\/p>\n<p><span style=\"color: #02385c;\">Universit\u00e0 degli Studi di Ferrara<\/span><\/p>\n<p>[\/et_pb_text][et_pb_button button_url=&#8221;https:\/\/www.unife.it\/it&#8221; button_text=&#8221;Scopri di pi\u00f9&#8221; _builder_version=&#8221;4.21.0&#8243; _module_preset=&#8221;default&#8221; custom_button=&#8221;on&#8221; button_text_size=&#8221;13px&#8221; button_text_color=&#8221;#0965a2&#8243; button_bg_color=&#8221;#FFFFFF&#8221; button_font=&#8221;Montserrat||||||||&#8221; custom_margin=&#8221;42px|96px||18px|false|false&#8221; button_bg_color_last_edited=&#8221;off|desktop&#8221; global_colors_info=&#8221;{}&#8221; button_bg_color__hover_enabled=&#8221;on|hover&#8221; button_bg_color__hover=&#8221;#4d9cad&#8221; button_bg_enable_color__hover=&#8221;on&#8221; button_text_color__hover_enabled=&#8221;on|hover&#8221; button_text_color__hover=&#8221;#FFFFFF&#8221;][\/et_pb_button][\/et_pb_column][et_pb_column type=&#8221;1_4&#8243; _builder_version=&#8221;4.21.0&#8243; _module_preset=&#8221;default&#8221; global_colors_info=&#8221;{}&#8221;][et_pb_image src=&#8221;https:\/\/informacitta.oristano.studioprogetto2.it\/wp-content\/uploads\/2023\/06\/Schermata-2023-06-27-alle-18.40.36.png&#8221; title_text=&#8221;Schermata 2023-06-27 alle 18.40.36&#8243; _builder_version=&#8221;4.21.0&#8243; _module_preset=&#8221;default&#8221; custom_margin=&#8221;-4px||||false|false&#8221; custom_padding=&#8221;46px|||||&#8221; global_colors_info=&#8221;{}&#8221;][\/et_pb_image][\/et_pb_column][et_pb_column type=&#8221;1_4&#8243; _builder_version=&#8221;4.21.0&#8243; _module_preset=&#8221;default&#8221; global_colors_info=&#8221;{}&#8221;][et_pb_text _builder_version=&#8221;4.21.0&#8243; _module_preset=&#8221;default&#8221; text_font=&#8221;Montserrat|600|||||||&#8221; text_text_color=&#8221;#0965a2&#8243; text_font_size=&#8221;15px&#8221; header_font_size=&#8221;33px&#8221; module_alignment=&#8221;center&#8221; custom_margin=&#8221;25px||||false|false&#8221; custom_padding=&#8221;22px|29px||2px||&#8221; global_colors_info=&#8221;{}&#8221;]<\/p>\n<p>Puglia<\/p>\n<p>[\/et_pb_text][et_pb_icon font_icon=&#8221;&#xf276;||fa||900&#8243; icon_color=&#8221;#0965a2&#8243; icon_width=&#8221;23px&#8221; align=&#8221;left&#8221; _builder_version=&#8221;4.21.0&#8243; _module_preset=&#8221;default&#8221; custom_margin=&#8221;-114px|||-36px|false|false&#8221; custom_padding=&#8221;55px|91px||0px||&#8221; locked=&#8221;off&#8221; global_colors_info=&#8221;{}&#8221;][\/et_pb_icon][et_pb_text _builder_version=&#8221;4.21.0&#8243; _module_preset=&#8221;default&#8221; text_font=&#8221;Montserrat|600|||||||&#8221; text_text_color=&#8221;#0965a2&#8243; text_font_size=&#8221;16px&#8221; header_font=&#8221;Montserrat||||||||&#8221; text_orientation=&#8221;justified&#8221; custom_margin=&#8221;-6px|7px|2px|-41px|false|false&#8221; custom_padding=&#8221;0px|0px||7px||&#8221; link_option_url=&#8221;https:\/\/www.comune.oristano.it\/it\/novita\/news\/Costa-Diadema-Test-riuscito-per-il-turismo-da-crociera-a-Oristano\/#!#:~:text=Oristano%20gioca%20la%20carta%20del,scoperta%20del%20territorio%20di%20Oristano.&#8221; global_colors_info=&#8221;{}&#8221;]<\/p>\n<p><span style=\"color: #02385c;\">Universit\u00e0 degli Studi di Foggia<\/span><span style=\"color: #02385c;\"><\/span><\/p>\n<p><span style=\"color: #02385c;\"><\/span><\/p>\n<p>[\/et_pb_text][et_pb_button button_url=&#8221;https:\/\/www.comune.oristano.it\/it\/novita\/news\/Costa-Diadema-Test-riuscito-per-il-turismo-da-crociera-a-Oristano\/&#8221; button_text=&#8221;Scopri di pi\u00f9&#8221; _builder_version=&#8221;4.21.0&#8243; _module_preset=&#8221;default&#8221; custom_button=&#8221;on&#8221; button_text_size=&#8221;13px&#8221; button_text_color=&#8221;#0965a2&#8243; button_bg_color=&#8221;#FFFFFF&#8221; button_font=&#8221;Montserrat||||||||&#8221; custom_margin=&#8221;27px|||14px|false|false&#8221; button_bg_color_last_edited=&#8221;off|desktop&#8221; global_colors_info=&#8221;{}&#8221; button_bg_color__hover_enabled=&#8221;on|hover&#8221; button_bg_color__hover=&#8221;#4d9cad&#8221; button_bg_enable_color__hover=&#8221;on&#8221; button_text_color__hover_enabled=&#8221;on|hover&#8221; button_text_color__hover=&#8221;#FFFFFF&#8221;][\/et_pb_button][\/et_pb_column][\/et_pb_row][et_pb_row column_structure=&#8221;1_4,1_4,1_4,1_4&#8243; _builder_version=&#8221;4.21.0&#8243; _module_preset=&#8221;default&#8221; max_width=&#8221;1130px&#8221; custom_margin=&#8221;20px|185px||185px|false|true&#8221; custom_css_before=&#8221;.desktop-onlyalign-content&#8221; global_colors_info=&#8221;{}&#8221; custom_css_before_tablet=&#8221;.desktop-onlyalign-content&#8221; custom_css_before_phone=&#8221;.desktop-onlyalign-content&#8221; custom_css_before_last_edited=&#8221;on|desktop&#8221;][et_pb_column type=&#8221;1_4&#8243; _builder_version=&#8221;4.21.0&#8243; _module_preset=&#8221;default&#8221; global_colors_info=&#8221;{}&#8221;][et_pb_image src=&#8221;https:\/\/informacitta.oristano.studioprogetto2.it\/wp-content\/uploads\/2023\/06\/Schermata-2023-06-27-alle-18.40.49.png&#8221; title_text=&#8221;Schermata 2023-06-27 alle 18.40.49&#8243; _builder_version=&#8221;4.21.0&#8243; _module_preset=&#8221;default&#8221; custom_padding=&#8221;45px|||||&#8221; global_colors_info=&#8221;{}&#8221;][\/et_pb_image][\/et_pb_column][et_pb_column type=&#8221;1_4&#8243; _builder_version=&#8221;4.21.0&#8243; _module_preset=&#8221;default&#8221; global_colors_info=&#8221;{}&#8221;][et_pb_text _builder_version=&#8221;4.21.0&#8243; _module_preset=&#8221;default&#8221; text_font=&#8221;Montserrat|600|||||||&#8221; text_text_color=&#8221;#0965a2&#8243; text_font_size=&#8221;15px&#8221; header_font_size=&#8221;33px&#8221; module_alignment=&#8221;center&#8221; custom_margin=&#8221;25px||||false|false&#8221; custom_padding=&#8221;22px|29px||2px||&#8221; global_colors_info=&#8221;{}&#8221;]<\/p>\n<p>Lazio<\/p>\n<p>[\/et_pb_text][et_pb_icon font_icon=&#8221;&#xf276;||fa||900&#8243; icon_color=&#8221;#0965a2&#8243; icon_width=&#8221;23px&#8221; align=&#8221;left&#8221; _builder_version=&#8221;4.21.0&#8243; _module_preset=&#8221;default&#8221; custom_margin=&#8221;-114px|||-36px|false|false&#8221; custom_padding=&#8221;55px|91px||0px||&#8221; locked=&#8221;off&#8221; global_colors_info=&#8221;{}&#8221;][\/et_pb_icon][et_pb_text _builder_version=&#8221;4.21.0&#8243; _module_preset=&#8221;default&#8221; text_font=&#8221;Montserrat|600|||||||&#8221; text_text_color=&#8221;#0965a2&#8243; text_font_size=&#8221;16px&#8221; header_font=&#8221;Montserrat||||||||&#8221; text_orientation=&#8221;justified&#8221; custom_margin=&#8221;-20px|||-40px||&#8221; custom_padding=&#8221;|0px||||&#8221; global_colors_info=&#8221;{}&#8221;]<\/p>\n<p><span style=\"color: #02385c;\"><\/span><\/p>\n<p><span style=\"color: #02385c;\">Universit\u00e0 degli Studi di Roma &#8220;Foro Italico&#8221;<\/span><\/p>\n<p>[\/et_pb_text][et_pb_button button_url=&#8221;http:\/\/www.uniroma4.it&#8221; button_text=&#8221;Scopri di pi\u00f9&#8221; _builder_version=&#8221;4.21.0&#8243; _module_preset=&#8221;default&#8221; custom_button=&#8221;on&#8221; button_text_size=&#8221;13px&#8221; button_text_color=&#8221;#0965a2&#8243; button_bg_color=&#8221;#FFFFFF&#8221; button_font=&#8221;Montserrat||||||||&#8221; custom_margin=&#8221;-10px|96px||18px|false|false&#8221; button_bg_color_last_edited=&#8221;off|desktop&#8221; global_colors_info=&#8221;{}&#8221; button_bg_color__hover_enabled=&#8221;on|hover&#8221; button_bg_color__hover=&#8221;#4d9cad&#8221; button_bg_enable_color__hover=&#8221;on&#8221; button_text_color__hover_enabled=&#8221;on|hover&#8221; button_text_color__hover=&#8221;#FFFFFF&#8221;][\/et_pb_button][\/et_pb_column][et_pb_column type=&#8221;1_4&#8243; _builder_version=&#8221;4.21.0&#8243; _module_preset=&#8221;default&#8221; global_colors_info=&#8221;{}&#8221;][et_pb_image src=&#8221;https:\/\/informacitta.oristano.studioprogetto2.it\/wp-content\/uploads\/2023\/06\/Schermata-2023-06-27-alle-18.41.00.png&#8221; title_text=&#8221;Schermata 2023-06-27 alle 18.41.00&#8243; _builder_version=&#8221;4.21.0&#8243; _module_preset=&#8221;default&#8221; custom_margin=&#8221;-9px||||false|false&#8221; custom_padding=&#8221;52px|||||&#8221; global_colors_info=&#8221;{}&#8221;][\/et_pb_image][\/et_pb_column][et_pb_column type=&#8221;1_4&#8243; _builder_version=&#8221;4.21.0&#8243; _module_preset=&#8221;default&#8221; global_colors_info=&#8221;{}&#8221;][et_pb_text _builder_version=&#8221;4.21.0&#8243; _module_preset=&#8221;default&#8221; text_font=&#8221;Montserrat|600|||||||&#8221; text_text_color=&#8221;#0965a2&#8243; text_font_size=&#8221;15px&#8221; header_font_size=&#8221;33px&#8221; module_alignment=&#8221;center&#8221; custom_margin=&#8221;25px||||false|false&#8221; custom_padding=&#8221;22px|29px||2px||&#8221; global_colors_info=&#8221;{}&#8221;]<\/p>\n<p>Liguria<\/p>\n<p>[\/et_pb_text][et_pb_icon font_icon=&#8221;&#xf276;||fa||900&#8243; icon_color=&#8221;#0965a2&#8243; icon_width=&#8221;23px&#8221; align=&#8221;left&#8221; _builder_version=&#8221;4.21.0&#8243; _module_preset=&#8221;default&#8221; custom_margin=&#8221;-114px|||-36px|false|false&#8221; custom_padding=&#8221;55px|91px||0px||&#8221; locked=&#8221;off&#8221; global_colors_info=&#8221;{}&#8221;][\/et_pb_icon][et_pb_text _builder_version=&#8221;4.21.0&#8243; _module_preset=&#8221;default&#8221; text_font=&#8221;Montserrat|600|||||||&#8221; text_text_color=&#8221;#0965a2&#8243; text_font_size=&#8221;16px&#8221; header_font=&#8221;Montserrat||||||||&#8221; text_orientation=&#8221;justified&#8221; width=&#8221;113%&#8221; custom_margin=&#8221;-21px|-5px|2px|-46px|false|false&#8221; custom_padding=&#8221;|0px||7px||&#8221; link_option_url=&#8221;https:\/\/www.comune.oristano.it\/it\/novita\/news\/Costa-Diadema-Test-riuscito-per-il-turismo-da-crociera-a-Oristano\/#!#:~:text=Oristano%20gioca%20la%20carta%20del,scoperta%20del%20territorio%20di%20Oristano.&#8221; global_colors_info=&#8221;{}&#8221;]<\/p>\n<p><span style=\"color: #02385c;\"><\/span><\/p>\n<p><span style=\"color: #02385c;\">Universit\u00e0 degli Studi di Genova<\/span><span style=\"color: #02385c;\"><\/span><\/p>\n<p><span style=\"color: #02385c;\"><\/span><\/p>\n<p>[\/et_pb_text][et_pb_button button_url=&#8221;https:\/\/unige.it&#8221; button_text=&#8221;Scopri di pi\u00f9&#8221; _builder_version=&#8221;4.21.0&#8243; _module_preset=&#8221;default&#8221; custom_button=&#8221;on&#8221; button_text_size=&#8221;13px&#8221; button_text_color=&#8221;#0965a2&#8243; button_bg_color=&#8221;#FFFFFF&#8221; button_font=&#8221;Montserrat||||||||&#8221; custom_margin=&#8221;4px|||14px|false|false&#8221; button_bg_color_last_edited=&#8221;off|desktop&#8221; global_colors_info=&#8221;{}&#8221; button_bg_color__hover_enabled=&#8221;on|hover&#8221; button_bg_color__hover=&#8221;#4d9cad&#8221; button_bg_enable_color__hover=&#8221;on&#8221; button_text_color__hover_enabled=&#8221;on|hover&#8221; button_text_color__hover=&#8221;#FFFFFF&#8221;][\/et_pb_button][\/et_pb_column][\/et_pb_row][\/et_pb_section][et_pb_section fb_built=&#8221;1&#8243; disabled_on=&#8221;on|on|off&#8221; _builder_version=&#8221;4.21.0&#8243; _module_preset=&#8221;default&#8221; background_image=&#8221;https:\/\/informacitta.oristano.studioprogetto2.it\/wp-content\/uploads\/2023\/06\/Schermata-2023-06-26-alle-15.53.10.png&#8221; background_size=&#8221;stretch&#8221; custom_margin=&#8221;-30px|-214px||-214px|false|true&#8221; custom_padding=&#8221;0px|||||&#8221; locked=&#8221;off&#8221; global_colors_info=&#8221;{}&#8221;][et_pb_row column_structure=&#8221;1_4,1_4,1_4,1_4&#8243; _builder_version=&#8221;4.21.0&#8243; _module_preset=&#8221;default&#8221; max_width=&#8221;1130px&#8221; custom_margin=&#8221;0px|185px||185px|false|true&#8221; custom_css_before=&#8221;.desktop-onlyalign-content&#8221; global_colors_info=&#8221;{}&#8221; custom_css_before_tablet=&#8221;.desktop-onlyalign-content&#8221; custom_css_before_phone=&#8221;.desktop-onlyalign-content&#8221; custom_css_before_last_edited=&#8221;on|desktop&#8221;][et_pb_column type=&#8221;1_4&#8243; _builder_version=&#8221;4.21.0&#8243; _module_preset=&#8221;default&#8221; global_colors_info=&#8221;{}&#8221;][et_pb_image src=&#8221;https:\/\/informacitta.oristano.studioprogetto2.it\/wp-content\/uploads\/2023\/06\/Schermata-2023-06-27-alle-18.44.42.png&#8221; title_text=&#8221;Schermata 2023-06-27 alle 18.44.42&#8243; _builder_version=&#8221;4.21.0&#8243; _module_preset=&#8221;default&#8221; custom_padding=&#8221;45px|||||&#8221; global_colors_info=&#8221;{}&#8221;][\/et_pb_image][\/et_pb_column][et_pb_column type=&#8221;1_4&#8243; _builder_version=&#8221;4.21.0&#8243; _module_preset=&#8221;default&#8221; global_colors_info=&#8221;{}&#8221;][et_pb_text _builder_version=&#8221;4.21.0&#8243; _module_preset=&#8221;default&#8221; text_font=&#8221;Montserrat|600|||||||&#8221; text_text_color=&#8221;#0965a2&#8243; text_font_size=&#8221;15px&#8221; header_font_size=&#8221;33px&#8221; module_alignment=&#8221;center&#8221; custom_margin=&#8221;25px||||false|false&#8221; custom_padding=&#8221;22px|29px||2px||&#8221; global_colors_info=&#8221;{}&#8221;]<\/p>\n<p>Lombardia<\/p>\n<p>[\/et_pb_text][et_pb_icon font_icon=&#8221;&#xf276;||fa||900&#8243; icon_color=&#8221;#0965a2&#8243; icon_width=&#8221;23px&#8221; align=&#8221;left&#8221; _builder_version=&#8221;4.21.0&#8243; _module_preset=&#8221;default&#8221; custom_margin=&#8221;-114px|||-36px|false|false&#8221; custom_padding=&#8221;55px|91px||0px||&#8221; locked=&#8221;off&#8221; global_colors_info=&#8221;{}&#8221;][\/et_pb_icon][et_pb_text _builder_version=&#8221;4.21.0&#8243; _module_preset=&#8221;default&#8221; text_font=&#8221;Montserrat|600|||||||&#8221; text_text_color=&#8221;#0965a2&#8243; text_font_size=&#8221;16px&#8221; header_font=&#8221;Montserrat||||||||&#8221; text_orientation=&#8221;justified&#8221; custom_margin=&#8221;-20px|7px|26px|-41px|false|false&#8221; custom_padding=&#8221;0px|36px||9px|false|false&#8221; global_colors_info=&#8221;{}&#8221;]<\/p>\n<p><span style=\"color: #02385c;\"><\/span><\/p>\n<p><span style=\"color: #02385c;\">Universit\u00e0 degli Studi\u00a0<\/span><span style=\"color: #02385c;\"><span style=\"caret-color: #02385c;\">dell&#8217;Insubria<\/span><\/span><\/p>\n<p>[\/et_pb_text][et_pb_button button_url=&#8221;https:\/\/www.uninsubria.it&#8221; button_text=&#8221;Scopri di pi\u00f9&#8221; _builder_version=&#8221;4.21.0&#8243; _module_preset=&#8221;default&#8221; custom_button=&#8221;on&#8221; button_text_size=&#8221;13px&#8221; button_text_color=&#8221;#0965a2&#8243; button_bg_color=&#8221;#FFFFFF&#8221; button_font=&#8221;Montserrat||||||||&#8221; custom_margin=&#8221;11px|96px||18px|false|false&#8221; button_bg_color_last_edited=&#8221;off|desktop&#8221; global_colors_info=&#8221;{}&#8221; button_bg_color__hover_enabled=&#8221;on|hover&#8221; button_bg_color__hover=&#8221;#4d9cad&#8221; button_bg_enable_color__hover=&#8221;on&#8221; button_text_color__hover_enabled=&#8221;on|hover&#8221; button_text_color__hover=&#8221;#FFFFFF&#8221;][\/et_pb_button][\/et_pb_column][et_pb_column type=&#8221;1_4&#8243; _builder_version=&#8221;4.21.0&#8243; _module_preset=&#8221;default&#8221; global_colors_info=&#8221;{}&#8221;][et_pb_image src=&#8221;https:\/\/informacitta.oristano.studioprogetto2.it\/wp-content\/uploads\/2023\/06\/Schermata-2023-06-27-alle-18.44.50.png&#8221; title_text=&#8221;Schermata 2023-06-27 alle 18.44.50&#8243; _builder_version=&#8221;4.21.0&#8243; _module_preset=&#8221;default&#8221; custom_margin=&#8221;-5px||||false|false&#8221; custom_padding=&#8221;52px|||||&#8221; global_colors_info=&#8221;{}&#8221;][\/et_pb_image][\/et_pb_column][et_pb_column type=&#8221;1_4&#8243; _builder_version=&#8221;4.21.0&#8243; _module_preset=&#8221;default&#8221; global_colors_info=&#8221;{}&#8221;][et_pb_text _builder_version=&#8221;4.21.0&#8243; _module_preset=&#8221;default&#8221; text_font=&#8221;Montserrat|600|||||||&#8221; text_text_color=&#8221;#0965a2&#8243; text_font_size=&#8221;15px&#8221; header_font_size=&#8221;33px&#8221; module_alignment=&#8221;center&#8221; custom_margin=&#8221;25px||||false|false&#8221; custom_padding=&#8221;22px|29px||2px||&#8221; global_colors_info=&#8221;{}&#8221;]<\/p>\n<p>Campania<\/p>\n<p>[\/et_pb_text][et_pb_icon font_icon=&#8221;&#xf276;||fa||900&#8243; icon_color=&#8221;#0965a2&#8243; icon_width=&#8221;23px&#8221; align=&#8221;left&#8221; _builder_version=&#8221;4.21.0&#8243; _module_preset=&#8221;default&#8221; custom_margin=&#8221;-114px|||-36px|false|false&#8221; custom_padding=&#8221;55px|91px||0px||&#8221; locked=&#8221;off&#8221; global_colors_info=&#8221;{}&#8221;][\/et_pb_icon][et_pb_text _builder_version=&#8221;4.21.0&#8243; _module_preset=&#8221;default&#8221; text_font=&#8221;Montserrat|600|||||||&#8221; text_text_color=&#8221;#0965a2&#8243; text_font_size=&#8221;16px&#8221; header_font=&#8221;Montserrat||||||||&#8221; text_orientation=&#8221;justified&#8221; custom_margin=&#8221;-20px|||-40px||&#8221; custom_padding=&#8221;|0px||||&#8221; link_option_url=&#8221;https:\/\/www.comune.oristano.it\/it\/novita\/news\/Costa-Diadema-Test-riuscito-per-il-turismo-da-crociera-a-Oristano\/#!#:~:text=Oristano%20gioca%20la%20carta%20del,scoperta%20del%20territorio%20di%20Oristano.&#8221; global_colors_info=&#8221;{}&#8221;]<\/p>\n<p><span style=\"color: #02385c;\"><\/span><\/p>\n<p><span style=\"color: #02385c;\">Universit\u00e0 Telematica Giustino Fortunato<\/span><span style=\"color: #02385c;\"><\/span><\/p>\n<p><span style=\"color: #02385c;\"><\/span><\/p>\n<p>[\/et_pb_text][et_pb_button button_url=&#8221;https:\/\/www.unifortunato.eu&#8221; button_text=&#8221;Scopri di pi\u00f9&#8221; _builder_version=&#8221;4.21.0&#8243; _module_preset=&#8221;default&#8221; custom_button=&#8221;on&#8221; button_text_size=&#8221;13px&#8221; button_text_color=&#8221;#0965a2&#8243; button_bg_color=&#8221;#FFFFFF&#8221; button_font=&#8221;Montserrat||||||||&#8221; custom_margin=&#8221;-23px|||14px|false|false&#8221; button_bg_color_last_edited=&#8221;off|desktop&#8221; global_colors_info=&#8221;{}&#8221; button_bg_color__hover_enabled=&#8221;on|hover&#8221; button_bg_color__hover=&#8221;#4d9cad&#8221; button_bg_enable_color__hover=&#8221;on&#8221; button_text_color__hover_enabled=&#8221;on|hover&#8221; button_text_color__hover=&#8221;#FFFFFF&#8221;][\/et_pb_button][\/et_pb_column][\/et_pb_row][et_pb_row column_structure=&#8221;1_4,1_4,1_4,1_4&#8243; _builder_version=&#8221;4.21.0&#8243; _module_preset=&#8221;default&#8221; max_width=&#8221;1130px&#8221; custom_margin=&#8221;20px|185px||185px|false|true&#8221; custom_css_before=&#8221;.desktop-onlyalign-content&#8221; global_colors_info=&#8221;{}&#8221; custom_css_before_tablet=&#8221;.desktop-onlyalign-content&#8221; custom_css_before_phone=&#8221;.desktop-onlyalign-content&#8221; custom_css_before_last_edited=&#8221;on|desktop&#8221;][et_pb_column type=&#8221;1_4&#8243; _builder_version=&#8221;4.21.0&#8243; _module_preset=&#8221;default&#8221; global_colors_info=&#8221;{}&#8221;][et_pb_image src=&#8221;https:\/\/informacitta.oristano.studioprogetto2.it\/wp-content\/uploads\/2023\/06\/Schermata-2023-06-27-alle-18.44.57.png&#8221; title_text=&#8221;Schermata 2023-06-27 alle 18.44.57&#8243; _builder_version=&#8221;4.21.0&#8243; _module_preset=&#8221;default&#8221; custom_padding=&#8221;45px|||||&#8221; global_colors_info=&#8221;{}&#8221;][\/et_pb_image][\/et_pb_column][et_pb_column type=&#8221;1_4&#8243; _builder_version=&#8221;4.21.0&#8243; _module_preset=&#8221;default&#8221; global_colors_info=&#8221;{}&#8221;][et_pb_text _builder_version=&#8221;4.21.0&#8243; _module_preset=&#8221;default&#8221; text_font=&#8221;Montserrat|600|||||||&#8221; text_text_color=&#8221;#0965a2&#8243; text_font_size=&#8221;15px&#8221; header_font_size=&#8221;33px&#8221; module_alignment=&#8221;center&#8221; custom_margin=&#8221;25px||||false|false&#8221; custom_padding=&#8221;22px|29px||2px||&#8221; global_colors_info=&#8221;{}&#8221;]<\/p>\n<p>Toscana<\/p>\n<p>[\/et_pb_text][et_pb_icon font_icon=&#8221;&#xf276;||fa||900&#8243; icon_color=&#8221;#0965a2&#8243; icon_width=&#8221;23px&#8221; align=&#8221;left&#8221; _builder_version=&#8221;4.21.0&#8243; _module_preset=&#8221;default&#8221; custom_margin=&#8221;-114px|||-36px|false|false&#8221; custom_padding=&#8221;55px|91px||0px||&#8221; locked=&#8221;off&#8221; global_colors_info=&#8221;{}&#8221;][\/et_pb_icon][et_pb_text _builder_version=&#8221;4.21.0&#8243; _module_preset=&#8221;default&#8221; text_font=&#8221;Montserrat|600|||||||&#8221; text_text_color=&#8221;#0965a2&#8243; text_font_size=&#8221;16px&#8221; header_font=&#8221;Montserrat||||||||&#8221; text_orientation=&#8221;justified&#8221; custom_margin=&#8221;-6px|7px|2px|-41px|false|false&#8221; custom_padding=&#8221;0px|0px||7px||&#8221; global_colors_info=&#8221;{}&#8221;]<\/p>\n<p><span style=\"color: #02385c;\">Universit\u00e0 Telematica degli Studi IUL<\/span><\/p>\n<p>[\/et_pb_text][et_pb_button button_url=&#8221;https:\/\/www.iuline.it&#8221; button_text=&#8221;Scopri di pi\u00f9&#8221; _builder_version=&#8221;4.21.0&#8243; _module_preset=&#8221;default&#8221; custom_button=&#8221;on&#8221; button_text_size=&#8221;13px&#8221; button_text_color=&#8221;#0965a2&#8243; button_bg_color=&#8221;#FFFFFF&#8221; button_font=&#8221;Montserrat||||||||&#8221; custom_margin=&#8221;25px|96px||18px|false|false&#8221; button_bg_color_last_edited=&#8221;off|desktop&#8221; global_colors_info=&#8221;{}&#8221; button_bg_color__hover_enabled=&#8221;on|hover&#8221; button_bg_color__hover=&#8221;#4d9cad&#8221; button_bg_enable_color__hover=&#8221;on&#8221; button_text_color__hover_enabled=&#8221;on|hover&#8221; button_text_color__hover=&#8221;#FFFFFF&#8221;][\/et_pb_button][\/et_pb_column][et_pb_column type=&#8221;1_4&#8243; _builder_version=&#8221;4.21.0&#8243; _module_preset=&#8221;default&#8221; global_colors_info=&#8221;{}&#8221;][et_pb_image src=&#8221;https:\/\/informacitta.oristano.studioprogetto2.it\/wp-content\/uploads\/2023\/06\/Schermata-2023-06-27-alle-18.50.35.png&#8221; title_text=&#8221;Schermata 2023-06-27 alle 18.50.35&#8243; _builder_version=&#8221;4.21.0&#8243; _module_preset=&#8221;default&#8221; custom_margin=&#8221;-10px||||false|false&#8221; custom_padding=&#8221;52px|||||&#8221; global_colors_info=&#8221;{}&#8221;][\/et_pb_image][\/et_pb_column][et_pb_column type=&#8221;1_4&#8243; _builder_version=&#8221;4.21.0&#8243; _module_preset=&#8221;default&#8221; global_colors_info=&#8221;{}&#8221;][et_pb_text _builder_version=&#8221;4.21.0&#8243; _module_preset=&#8221;default&#8221; text_font=&#8221;Montserrat|600|||||||&#8221; text_text_color=&#8221;#0965a2&#8243; text_font_size=&#8221;15px&#8221; header_font_size=&#8221;33px&#8221; module_alignment=&#8221;center&#8221; custom_margin=&#8221;25px||||false|false&#8221; custom_padding=&#8221;22px|29px||2px||&#8221; global_colors_info=&#8221;{}&#8221;]<\/p>\n<p>Lazio<\/p>\n<p>[\/et_pb_text][et_pb_icon font_icon=&#8221;&#xf276;||fa||900&#8243; icon_color=&#8221;#0965a2&#8243; icon_width=&#8221;23px&#8221; align=&#8221;left&#8221; _builder_version=&#8221;4.21.0&#8243; _module_preset=&#8221;default&#8221; custom_margin=&#8221;-114px|||-36px|false|false&#8221; custom_padding=&#8221;55px|91px||0px||&#8221; locked=&#8221;off&#8221; global_colors_info=&#8221;{}&#8221;][\/et_pb_icon][et_pb_text _builder_version=&#8221;4.21.0&#8243; _module_preset=&#8221;default&#8221; text_font=&#8221;Montserrat|600|||||||&#8221; text_text_color=&#8221;#0965a2&#8243; text_font_size=&#8221;16px&#8221; header_font=&#8221;Montserrat||||||||&#8221; text_orientation=&#8221;justified&#8221; custom_margin=&#8221;-17px|20px|2px|-46px||&#8221; custom_padding=&#8221;|0px||7px||&#8221; link_option_url=&#8221;https:\/\/www.comune.oristano.it\/it\/novita\/news\/Costa-Diadema-Test-riuscito-per-il-turismo-da-crociera-a-Oristano\/#!#:~:text=Oristano%20gioca%20la%20carta%20del,scoperta%20del%20territorio%20di%20Oristano.&#8221; global_colors_info=&#8221;{}&#8221;]<\/p>\n<p><span style=\"color: #02385c;\"><\/span><\/p>\n<p><span style=\"color: #02385c;\">Universit\u00e0 di Roma &#8220;Sapienza&#8221;<\/span><span style=\"color: #02385c;\"><\/span><\/p>\n<p><span style=\"color: #02385c;\"><\/span><\/p>\n<p>[\/et_pb_text][et_pb_button button_url=&#8221;https:\/\/www.uniroma1.it\/it\/&#8221; button_text=&#8221;Scopri di pi\u00f9&#8221; _builder_version=&#8221;4.21.0&#8243; _module_preset=&#8221;default&#8221; custom_button=&#8221;on&#8221; button_text_size=&#8221;13px&#8221; button_text_color=&#8221;#0965a2&#8243; button_bg_color=&#8221;#FFFFFF&#8221; button_font=&#8221;Montserrat||||||||&#8221; custom_margin=&#8221;24px|||14px|false|false&#8221; button_bg_color_last_edited=&#8221;off|desktop&#8221; global_colors_info=&#8221;{}&#8221; button_bg_color__hover_enabled=&#8221;on|hover&#8221; button_bg_color__hover=&#8221;#4d9cad&#8221; button_bg_enable_color__hover=&#8221;on&#8221; button_text_color__hover_enabled=&#8221;on|hover&#8221; button_text_color__hover=&#8221;#FFFFFF&#8221;][\/et_pb_button][\/et_pb_column][\/et_pb_row][et_pb_row column_structure=&#8221;1_4,1_4,1_4,1_4&#8243; _builder_version=&#8221;4.21.0&#8243; _module_preset=&#8221;default&#8221; max_width=&#8221;1130px&#8221; custom_margin=&#8221;20px|185px||185px|false|true&#8221; custom_css_before=&#8221;.desktop-onlyalign-content&#8221; global_colors_info=&#8221;{}&#8221; custom_css_before_tablet=&#8221;.desktop-onlyalign-content&#8221; custom_css_before_phone=&#8221;.desktop-onlyalign-content&#8221; custom_css_before_last_edited=&#8221;on|desktop&#8221;][et_pb_column type=&#8221;1_4&#8243; _builder_version=&#8221;4.21.0&#8243; _module_preset=&#8221;default&#8221; global_colors_info=&#8221;{}&#8221;][et_pb_image src=&#8221;https:\/\/informacitta.oristano.studioprogetto2.it\/wp-content\/uploads\/2023\/06\/Schermata-2023-06-27-alle-18.56.30.png&#8221; title_text=&#8221;Schermata 2023-06-27 alle 18.56.30&#8243; _builder_version=&#8221;4.21.0&#8243; _module_preset=&#8221;default&#8221; custom_padding=&#8221;45px|||||&#8221; global_colors_info=&#8221;{}&#8221;][\/et_pb_image][\/et_pb_column][et_pb_column type=&#8221;1_4&#8243; _builder_version=&#8221;4.21.0&#8243; _module_preset=&#8221;default&#8221; global_colors_info=&#8221;{}&#8221;][et_pb_text _builder_version=&#8221;4.21.0&#8243; _module_preset=&#8221;default&#8221; text_font=&#8221;Montserrat|600|||||||&#8221; text_text_color=&#8221;#0965a2&#8243; text_font_size=&#8221;15px&#8221; header_font_size=&#8221;33px&#8221; module_alignment=&#8221;center&#8221; custom_margin=&#8221;25px||||false|false&#8221; custom_padding=&#8221;22px|29px||2px||&#8221; global_colors_info=&#8221;{}&#8221;]<\/p>\n<p>Abruzzo<\/p>\n<p>[\/et_pb_text][et_pb_icon font_icon=&#8221;&#xf276;||fa||900&#8243; icon_color=&#8221;#0965a2&#8243; icon_width=&#8221;23px&#8221; align=&#8221;left&#8221; _builder_version=&#8221;4.21.0&#8243; _module_preset=&#8221;default&#8221; custom_margin=&#8221;-114px|||-36px|false|false&#8221; custom_padding=&#8221;55px|91px||0px||&#8221; locked=&#8221;off&#8221; global_colors_info=&#8221;{}&#8221;][\/et_pb_icon][et_pb_text _builder_version=&#8221;4.21.0&#8243; _module_preset=&#8221;default&#8221; text_font=&#8221;Montserrat|600|||||||&#8221; text_text_color=&#8221;#0965a2&#8243; text_font_size=&#8221;16px&#8221; header_font=&#8221;Montserrat||||||||&#8221; text_orientation=&#8221;justified&#8221; custom_margin=&#8221;-6px|7px|2px|-41px|false|false&#8221; custom_padding=&#8221;0px|0px||7px||&#8221; global_colors_info=&#8221;{}&#8221;]<\/p>\n<p><span style=\"color: #02385c;\">Universit\u00e0 degli Studi dell&#8217;Aquila<\/span><\/p>\n<p>[\/et_pb_text][et_pb_button button_url=&#8221;https:\/\/www.univaq.it&#8221; button_text=&#8221;Scopri di pi\u00f9&#8221; _builder_version=&#8221;4.21.0&#8243; _module_preset=&#8221;default&#8221; custom_button=&#8221;on&#8221; button_text_size=&#8221;13px&#8221; button_text_color=&#8221;#0965a2&#8243; button_bg_color=&#8221;#FFFFFF&#8221; button_font=&#8221;Montserrat||||||||&#8221; custom_margin=&#8221;27px|96px||18px|false|false&#8221; button_bg_color_last_edited=&#8221;off|desktop&#8221; global_colors_info=&#8221;{}&#8221; button_bg_color__hover_enabled=&#8221;on|hover&#8221; button_bg_color__hover=&#8221;#4d9cad&#8221; button_bg_enable_color__hover=&#8221;on&#8221; button_text_color__hover_enabled=&#8221;on|hover&#8221; button_text_color__hover=&#8221;#FFFFFF&#8221;][\/et_pb_button][\/et_pb_column][et_pb_column type=&#8221;1_4&#8243; _builder_version=&#8221;4.21.0&#8243; _module_preset=&#8221;default&#8221; global_colors_info=&#8221;{}&#8221;][et_pb_image src=&#8221;https:\/\/informacitta.oristano.studioprogetto2.it\/wp-content\/uploads\/2023\/06\/Schermata-2023-06-27-alle-18.56.54.png&#8221; title_text=&#8221;Schermata 2023-06-27 alle 18.56.54&#8243; _builder_version=&#8221;4.21.0&#8243; _module_preset=&#8221;default&#8221; custom_margin=&#8221;-5px||||false|false&#8221; custom_padding=&#8221;52px|||||&#8221; global_colors_info=&#8221;{}&#8221;][\/et_pb_image][\/et_pb_column][et_pb_column type=&#8221;1_4&#8243; _builder_version=&#8221;4.21.0&#8243; _module_preset=&#8221;default&#8221; global_colors_info=&#8221;{}&#8221;][et_pb_text _builder_version=&#8221;4.21.0&#8243; _module_preset=&#8221;default&#8221; text_font=&#8221;Montserrat|600|||||||&#8221; text_text_color=&#8221;#0965a2&#8243; text_font_size=&#8221;15px&#8221; header_font_size=&#8221;33px&#8221; module_alignment=&#8221;center&#8221; custom_margin=&#8221;25px||||false|false&#8221; custom_padding=&#8221;22px|29px||2px||&#8221; global_colors_info=&#8221;{}&#8221;]<\/p>\n<p>Lombardia<\/p>\n<p>[\/et_pb_text][et_pb_icon font_icon=&#8221;&#xf276;||fa||900&#8243; icon_color=&#8221;#0965a2&#8243; icon_width=&#8221;23px&#8221; align=&#8221;left&#8221; _builder_version=&#8221;4.21.0&#8243; _module_preset=&#8221;default&#8221; custom_margin=&#8221;-114px|||-36px|false|false&#8221; custom_padding=&#8221;55px|91px||0px||&#8221; locked=&#8221;off&#8221; global_colors_info=&#8221;{}&#8221;][\/et_pb_icon][et_pb_text _builder_version=&#8221;4.21.0&#8243; _module_preset=&#8221;default&#8221; text_font=&#8221;Montserrat|600|||||||&#8221; text_text_color=&#8221;#0965a2&#8243; text_font_size=&#8221;16px&#8221; header_font=&#8221;Montserrat||||||||&#8221; text_orientation=&#8221;justified&#8221; custom_margin=&#8221;-17px|7px|2px|-41px|false|false&#8221; custom_padding=&#8221;0px|0px||7px||&#8221; link_option_url=&#8221;https:\/\/www.comune.oristano.it\/it\/novita\/news\/Costa-Diadema-Test-riuscito-per-il-turismo-da-crociera-a-Oristano\/#!#:~:text=Oristano%20gioca%20la%20carta%20del,scoperta%20del%20territorio%20di%20Oristano.&#8221; global_colors_info=&#8221;{}&#8221;]<\/p>\n<p><span style=\"color: #02385c;\"><\/span><\/p>\n<p><span style=\"color: #02385c;\">LIUC Universit\u00e0 Cattaneo<\/span><span style=\"color: #02385c;\"><\/span><\/p>\n<p><span style=\"color: #02385c;\"><\/span><\/p>\n<p>[\/et_pb_text][et_pb_button button_url=&#8221;https:\/\/www.liuc.it&#8221; button_text=&#8221;Scopri di pi\u00f9&#8221; _builder_version=&#8221;4.21.0&#8243; _module_preset=&#8221;default&#8221; custom_button=&#8221;on&#8221; button_text_size=&#8221;13px&#8221; button_text_color=&#8221;#0965a2&#8243; button_bg_color=&#8221;#FFFFFF&#8221; button_font=&#8221;Montserrat||||||||&#8221; custom_margin=&#8221;26px|||14px|false|false&#8221; button_bg_color_last_edited=&#8221;off|desktop&#8221; global_colors_info=&#8221;{}&#8221; button_bg_color__hover_enabled=&#8221;on|hover&#8221; button_bg_color__hover=&#8221;#4d9cad&#8221; button_bg_enable_color__hover=&#8221;on&#8221; button_text_color__hover_enabled=&#8221;on|hover&#8221; button_text_color__hover=&#8221;#FFFFFF&#8221;][\/et_pb_button][\/et_pb_column][\/et_pb_row][et_pb_row column_structure=&#8221;1_4,1_4,1_4,1_4&#8243; _builder_version=&#8221;4.21.0&#8243; _module_preset=&#8221;default&#8221; max_width=&#8221;1130px&#8221; custom_margin=&#8221;20px|185px||185px|false|true&#8221; custom_css_before=&#8221;.desktop-onlyalign-content&#8221; global_colors_info=&#8221;{}&#8221; custom_css_before_tablet=&#8221;.desktop-onlyalign-content&#8221; custom_css_before_phone=&#8221;.desktop-onlyalign-content&#8221; custom_css_before_last_edited=&#8221;on|desktop&#8221;][et_pb_column type=&#8221;1_4&#8243; _builder_version=&#8221;4.21.0&#8243; _module_preset=&#8221;default&#8221; global_colors_info=&#8221;{}&#8221;][et_pb_image src=&#8221;https:\/\/informacitta.oristano.studioprogetto2.it\/wp-content\/uploads\/2023\/06\/Schermata-2023-06-27-alle-18.57.30.png&#8221; title_text=&#8221;Schermata 2023-06-27 alle 18.57.30&#8243; _builder_version=&#8221;4.21.0&#8243; _module_preset=&#8221;default&#8221; custom_padding=&#8221;45px|||||&#8221; global_colors_info=&#8221;{}&#8221;][\/et_pb_image][\/et_pb_column][et_pb_column type=&#8221;1_4&#8243; _builder_version=&#8221;4.21.0&#8243; _module_preset=&#8221;default&#8221; global_colors_info=&#8221;{}&#8221;][et_pb_text _builder_version=&#8221;4.21.0&#8243; _module_preset=&#8221;default&#8221; text_font=&#8221;Montserrat|600|||||||&#8221; text_text_color=&#8221;#0965a2&#8243; text_font_size=&#8221;15px&#8221; header_font_size=&#8221;33px&#8221; module_alignment=&#8221;center&#8221; custom_margin=&#8221;25px||||false|false&#8221; custom_padding=&#8221;22px|29px||2px||&#8221; global_colors_info=&#8221;{}&#8221;]<\/p>\n<p>Toscana<\/p>\n<p>[\/et_pb_text][et_pb_icon font_icon=&#8221;&#xf276;||fa||900&#8243; icon_color=&#8221;#0965a2&#8243; icon_width=&#8221;23px&#8221; align=&#8221;left&#8221; _builder_version=&#8221;4.21.0&#8243; _module_preset=&#8221;default&#8221; custom_margin=&#8221;-114px|||-36px|false|false&#8221; custom_padding=&#8221;55px|91px||0px||&#8221; locked=&#8221;off&#8221; global_colors_info=&#8221;{}&#8221;][\/et_pb_icon][et_pb_text _builder_version=&#8221;4.21.0&#8243; _module_preset=&#8221;default&#8221; text_font=&#8221;Montserrat|600|||||||&#8221; text_text_color=&#8221;#0965a2&#8243; text_font_size=&#8221;16px&#8221; header_font=&#8221;Montserrat||||||||&#8221; text_orientation=&#8221;justified&#8221; custom_margin=&#8221;-6px|7px|47px|-41px|false|false&#8221; custom_padding=&#8221;0px|0px||7px||&#8221; global_colors_info=&#8221;{}&#8221;]<\/p>\n<p><span style=\"color: #02385c;\">Scuola Alti Studi di Lucca<\/span><\/p>\n<p>[\/et_pb_text][et_pb_button button_url=&#8221;https:\/\/www.imtlucca.it&#8221; button_text=&#8221;Scopri di pi\u00f9&#8221; _builder_version=&#8221;4.21.0&#8243; _module_preset=&#8221;default&#8221; custom_button=&#8221;on&#8221; button_text_size=&#8221;13px&#8221; button_text_color=&#8221;#0965a2&#8243; button_bg_color=&#8221;#FFFFFF&#8221; button_font=&#8221;Montserrat||||||||&#8221; custom_margin=&#8221;43px|96px||18px|false|false&#8221; button_bg_color_last_edited=&#8221;off|desktop&#8221; global_colors_info=&#8221;{}&#8221; button_bg_color__hover_enabled=&#8221;on|hover&#8221; button_bg_color__hover=&#8221;#4d9cad&#8221; button_bg_enable_color__hover=&#8221;on&#8221; button_text_color__hover_enabled=&#8221;on|hover&#8221; button_text_color__hover=&#8221;#FFFFFF&#8221;][\/et_pb_button][\/et_pb_column][et_pb_column type=&#8221;1_4&#8243; _builder_version=&#8221;4.21.0&#8243; _module_preset=&#8221;default&#8221; global_colors_info=&#8221;{}&#8221;][et_pb_image src=&#8221;https:\/\/informacitta.oristano.studioprogetto2.it\/wp-content\/uploads\/2023\/06\/Schermata-2023-06-27-alle-18.57.42.png&#8221; title_text=&#8221;Schermata 2023-06-27 alle 18.57.42&#8243; _builder_version=&#8221;4.21.0&#8243; _module_preset=&#8221;default&#8221; custom_margin=&#8221;-7px||||false|false&#8221; custom_padding=&#8221;52px|||||&#8221; global_colors_info=&#8221;{}&#8221;][\/et_pb_image][\/et_pb_column][et_pb_column type=&#8221;1_4&#8243; _builder_version=&#8221;4.21.0&#8243; _module_preset=&#8221;default&#8221; global_colors_info=&#8221;{}&#8221;][et_pb_text _builder_version=&#8221;4.21.0&#8243; _module_preset=&#8221;default&#8221; text_font=&#8221;Montserrat|600|||||||&#8221; text_text_color=&#8221;#0965a2&#8243; text_font_size=&#8221;15px&#8221; header_font_size=&#8221;33px&#8221; module_alignment=&#8221;center&#8221; custom_margin=&#8221;25px||||false|false&#8221; custom_padding=&#8221;22px|29px||2px||&#8221; global_colors_info=&#8221;{}&#8221;]<\/p>\n<p>Puglia<\/p>\n<p>[\/et_pb_text][et_pb_icon font_icon=&#8221;&#xf276;||fa||900&#8243; icon_color=&#8221;#0965a2&#8243; icon_width=&#8221;23px&#8221; align=&#8221;left&#8221; _builder_version=&#8221;4.21.0&#8243; _module_preset=&#8221;default&#8221; custom_margin=&#8221;-114px|||-36px|false|false&#8221; custom_padding=&#8221;55px|91px||0px||&#8221; locked=&#8221;off&#8221; global_colors_info=&#8221;{}&#8221;][\/et_pb_icon][et_pb_text _builder_version=&#8221;4.21.0&#8243; _module_preset=&#8221;default&#8221; text_font=&#8221;Montserrat|600|||||||&#8221; text_text_color=&#8221;#0965a2&#8243; text_font_size=&#8221;16px&#8221; header_font=&#8221;Montserrat||||||||&#8221; text_orientation=&#8221;justified&#8221; custom_margin=&#8221;-6px|7px|10px|-41px|false|false&#8221; custom_padding=&#8221;0px|0px||7px||&#8221; link_option_url=&#8221;https:\/\/www.comune.oristano.it\/it\/novita\/news\/Costa-Diadema-Test-riuscito-per-il-turismo-da-crociera-a-Oristano\/#!#:~:text=Oristano%20gioca%20la%20carta%20del,scoperta%20del%20territorio%20di%20Oristano.&#8221; global_colors_info=&#8221;{}&#8221;]<\/p>\n<p><span style=\"color: #000b21;\">Libera Universit\u00e0 Mediterranea &#8220;Giuseppe De Gennaro&#8221;<\/span><\/p>\n<p><span style=\"color: #02385c;\"><\/span><\/p>\n<p>[\/et_pb_text][et_pb_button button_url=&#8221;https:\/\/www.salonedellostudente.it\/atenei\/universita-lum-giuseppe-degennaro\/&#8221; button_text=&#8221;Scopri di pi\u00f9&#8221; _builder_version=&#8221;4.21.0&#8243; _module_preset=&#8221;default&#8221; custom_button=&#8221;on&#8221; button_text_size=&#8221;13px&#8221; button_text_color=&#8221;#0965a2&#8243; button_bg_color=&#8221;#FFFFFF&#8221; button_font=&#8221;Montserrat||||||||&#8221; custom_margin=&#8221;5px|||14px|false|false&#8221; button_bg_color_last_edited=&#8221;off|desktop&#8221; global_colors_info=&#8221;{}&#8221; button_bg_color__hover_enabled=&#8221;on|hover&#8221; button_bg_color__hover=&#8221;#4d9cad&#8221; button_bg_enable_color__hover=&#8221;on&#8221; button_text_color__hover_enabled=&#8221;on|hover&#8221; button_text_color__hover=&#8221;#FFFFFF&#8221;][\/et_pb_button][\/et_pb_column][\/et_pb_row][et_pb_row column_structure=&#8221;1_4,1_4,1_4,1_4&#8243; _builder_version=&#8221;4.21.0&#8243; _module_preset=&#8221;default&#8221; max_width=&#8221;1130px&#8221; custom_margin=&#8221;20px|185px||185px|false|true&#8221; custom_css_before=&#8221;.desktop-onlyalign-content&#8221; global_colors_info=&#8221;{}&#8221; custom_css_before_tablet=&#8221;.desktop-onlyalign-content&#8221; custom_css_before_phone=&#8221;.desktop-onlyalign-content&#8221; custom_css_before_last_edited=&#8221;on|desktop&#8221;][et_pb_column type=&#8221;1_4&#8243; _builder_version=&#8221;4.21.0&#8243; _module_preset=&#8221;default&#8221; global_colors_info=&#8221;{}&#8221;][et_pb_image src=&#8221;https:\/\/informacitta.oristano.studioprogetto2.it\/wp-content\/uploads\/2023\/06\/Schermata-2023-06-27-alle-19.13.30.png&#8221; title_text=&#8221;Schermata 2023-06-27 alle 19.13.30&#8243; _builder_version=&#8221;4.21.0&#8243; _module_preset=&#8221;default&#8221; custom_padding=&#8221;45px|||||&#8221; global_colors_info=&#8221;{}&#8221;][\/et_pb_image][\/et_pb_column][et_pb_column type=&#8221;1_4&#8243; _builder_version=&#8221;4.21.0&#8243; _module_preset=&#8221;default&#8221; global_colors_info=&#8221;{}&#8221;][et_pb_text _builder_version=&#8221;4.21.0&#8243; _module_preset=&#8221;default&#8221; text_font=&#8221;Montserrat|600|||||||&#8221; text_text_color=&#8221;#0965a2&#8243; text_font_size=&#8221;15px&#8221; header_font_size=&#8221;33px&#8221; module_alignment=&#8221;center&#8221; custom_margin=&#8221;25px||||false|false&#8221; custom_padding=&#8221;22px|29px||2px||&#8221; global_colors_info=&#8221;{}&#8221;]<\/p>\n<p>Marche<\/p>\n<p>[\/et_pb_text][et_pb_icon font_icon=&#8221;&#xf276;||fa||900&#8243; icon_color=&#8221;#0965a2&#8243; icon_width=&#8221;23px&#8221; align=&#8221;left&#8221; _builder_version=&#8221;4.21.0&#8243; _module_preset=&#8221;default&#8221; custom_margin=&#8221;-114px|||-36px|false|false&#8221; custom_padding=&#8221;55px|91px||0px||&#8221; locked=&#8221;off&#8221; global_colors_info=&#8221;{}&#8221;][\/et_pb_icon][et_pb_text _builder_version=&#8221;4.21.0&#8243; _module_preset=&#8221;default&#8221; text_font=&#8221;Montserrat|600|||||||&#8221; text_text_color=&#8221;#0965a2&#8243; text_font_size=&#8221;16px&#8221; header_font=&#8221;Montserrat||||||||&#8221; text_orientation=&#8221;justified&#8221; custom_margin=&#8221;-20px|12px||-38px||&#8221; custom_padding=&#8221;|0px||||&#8221; global_colors_info=&#8221;{}&#8221;]<\/p>\n<p><span style=\"color: #02385c;\"><\/span><\/p>\n<p><span style=\"color: #02385c;\">Universit\u00e0 degli Studi di Macerata<\/span><\/p>\n<p>[\/et_pb_text][et_pb_button button_url=&#8221;https:\/\/www.unimc.it\/it&#8221; button_text=&#8221;Scopri di pi\u00f9&#8221; _builder_version=&#8221;4.21.0&#8243; _module_preset=&#8221;default&#8221; custom_button=&#8221;on&#8221; button_text_size=&#8221;13px&#8221; button_text_color=&#8221;#0965a2&#8243; button_bg_color=&#8221;#FFFFFF&#8221; button_font=&#8221;Montserrat||||||||&#8221; custom_margin=&#8221;-5px|96px||18px|false|false&#8221; button_bg_color_last_edited=&#8221;off|desktop&#8221; global_colors_info=&#8221;{}&#8221; button_bg_color__hover_enabled=&#8221;on|hover&#8221; button_bg_color__hover=&#8221;#4d9cad&#8221; button_bg_enable_color__hover=&#8221;on&#8221; button_text_color__hover_enabled=&#8221;on|hover&#8221; button_text_color__hover=&#8221;#FFFFFF&#8221;][\/et_pb_button][\/et_pb_column][et_pb_column type=&#8221;1_4&#8243; _builder_version=&#8221;4.21.0&#8243; _module_preset=&#8221;default&#8221; global_colors_info=&#8221;{}&#8221;][et_pb_image src=&#8221;https:\/\/informacitta.oristano.studioprogetto2.it\/wp-content\/uploads\/2023\/06\/Schermata-2023-06-27-alle-19.05.38.png&#8221; title_text=&#8221;Schermata 2023-06-27 alle 19.05.38&#8243; _builder_version=&#8221;4.21.0&#8243; _module_preset=&#8221;default&#8221; custom_margin=&#8221;-6px||||false|false&#8221; custom_padding=&#8221;52px|||||&#8221; global_colors_info=&#8221;{}&#8221;][\/et_pb_image][\/et_pb_column][et_pb_column type=&#8221;1_4&#8243; _builder_version=&#8221;4.21.0&#8243; _module_preset=&#8221;default&#8221; global_colors_info=&#8221;{}&#8221;][et_pb_text _builder_version=&#8221;4.21.0&#8243; _module_preset=&#8221;default&#8221; text_font=&#8221;Montserrat|600|||||||&#8221; text_text_color=&#8221;#0965a2&#8243; text_font_size=&#8221;15px&#8221; header_font_size=&#8221;33px&#8221; module_alignment=&#8221;center&#8221; custom_margin=&#8221;25px||||false|false&#8221; custom_padding=&#8221;22px|29px||2px||&#8221; global_colors_info=&#8221;{}&#8221;]<\/p>\n<p>Marche<\/p>\n<p>[\/et_pb_text][et_pb_icon font_icon=&#8221;&#xf276;||fa||900&#8243; icon_color=&#8221;#0965a2&#8243; icon_width=&#8221;23px&#8221; align=&#8221;left&#8221; _builder_version=&#8221;4.21.0&#8243; _module_preset=&#8221;default&#8221; custom_margin=&#8221;-114px|||-36px|false|false&#8221; custom_padding=&#8221;55px|91px||0px||&#8221; locked=&#8221;off&#8221; global_colors_info=&#8221;{}&#8221;][\/et_pb_icon][et_pb_text _builder_version=&#8221;4.21.0&#8243; _module_preset=&#8221;default&#8221; text_font=&#8221;Montserrat|600|||||||&#8221; text_text_color=&#8221;#0965a2&#8243; text_font_size=&#8221;16px&#8221; header_font=&#8221;Montserrat||||||||&#8221; text_orientation=&#8221;justified&#8221; custom_margin=&#8221;-6px|7px|2px|-41px|false|false&#8221; custom_padding=&#8221;0px|0px||7px||&#8221; link_option_url=&#8221;https:\/\/www.comune.oristano.it\/it\/novita\/news\/Costa-Diadema-Test-riuscito-per-il-turismo-da-crociera-a-Oristano\/#!#:~:text=Oristano%20gioca%20la%20carta%20del,scoperta%20del%20territorio%20di%20Oristano.&#8221; global_colors_info=&#8221;{}&#8221;]<\/p>\n<p style=\"text-align: justify;\"><span style=\"color: #02385c;\">Universit\u00e0 Politecnica delle Marche<\/span><span style=\"color: #02385c;\"><\/span><\/p>\n<p><span style=\"color: #02385c;\"><\/span><\/p>\n<p>[\/et_pb_text][et_pb_button button_url=&#8221;https:\/\/www.univpm.it\/Entra\/&#8221; button_text=&#8221;Scopri di pi\u00f9&#8221; _builder_version=&#8221;4.21.0&#8243; _module_preset=&#8221;default&#8221; custom_button=&#8221;on&#8221; button_text_size=&#8221;13px&#8221; button_text_color=&#8221;#0965a2&#8243; button_bg_color=&#8221;#FFFFFF&#8221; button_font=&#8221;Montserrat||||||||&#8221; custom_margin=&#8221;5px|||14px|false|false&#8221; button_bg_color_last_edited=&#8221;off|desktop&#8221; global_colors_info=&#8221;{}&#8221; button_bg_color__hover_enabled=&#8221;on|hover&#8221; button_bg_color__hover=&#8221;#4d9cad&#8221; button_bg_enable_color__hover=&#8221;on&#8221; button_text_color__hover_enabled=&#8221;on|hover&#8221; button_text_color__hover=&#8221;#FFFFFF&#8221;][\/et_pb_button][\/et_pb_column][\/et_pb_row][et_pb_row column_structure=&#8221;1_4,1_4,1_4,1_4&#8243; _builder_version=&#8221;4.21.0&#8243; _module_preset=&#8221;default&#8221; max_width=&#8221;1130px&#8221; custom_margin=&#8221;20px|185px||185px|false|true&#8221; custom_css_before=&#8221;.desktop-onlyalign-content&#8221; global_colors_info=&#8221;{}&#8221; custom_css_before_tablet=&#8221;.desktop-onlyalign-content&#8221; custom_css_before_phone=&#8221;.desktop-onlyalign-content&#8221; custom_css_before_last_edited=&#8221;on|desktop&#8221;][et_pb_column type=&#8221;1_4&#8243; _builder_version=&#8221;4.21.0&#8243; _module_preset=&#8221;default&#8221; global_colors_info=&#8221;{}&#8221;][et_pb_image src=&#8221;https:\/\/informacitta.oristano.studioprogetto2.it\/wp-content\/uploads\/2023\/06\/Schermata-2023-06-27-alle-19.05.10.png&#8221; title_text=&#8221;Schermata 2023-06-27 alle 19.05.10&#8243; _builder_version=&#8221;4.21.0&#8243; _module_preset=&#8221;default&#8221; custom_padding=&#8221;45px|||||&#8221; global_colors_info=&#8221;{}&#8221;][\/et_pb_image][\/et_pb_column][et_pb_column type=&#8221;1_4&#8243; _builder_version=&#8221;4.21.0&#8243; _module_preset=&#8221;default&#8221; global_colors_info=&#8221;{}&#8221;][et_pb_text _builder_version=&#8221;4.21.0&#8243; _module_preset=&#8221;default&#8221; text_font=&#8221;Montserrat|600|||||||&#8221; text_text_color=&#8221;#0965a2&#8243; text_font_size=&#8221;15px&#8221; header_font_size=&#8221;33px&#8221; module_alignment=&#8221;center&#8221; custom_margin=&#8221;25px||||false|false&#8221; custom_padding=&#8221;22px|29px||2px||&#8221; global_colors_info=&#8221;{}&#8221;]<\/p>\n<p>Lazio<\/p>\n<p>[\/et_pb_text][et_pb_icon font_icon=&#8221;&#xf276;||fa||900&#8243; icon_color=&#8221;#0965a2&#8243; icon_width=&#8221;23px&#8221; align=&#8221;left&#8221; _builder_version=&#8221;4.21.0&#8243; _module_preset=&#8221;default&#8221; custom_margin=&#8221;-114px|||-36px|false|false&#8221; custom_padding=&#8221;55px|91px||0px||&#8221; locked=&#8221;off&#8221; global_colors_info=&#8221;{}&#8221;][\/et_pb_icon][et_pb_text _builder_version=&#8221;4.21.0&#8243; _module_preset=&#8221;default&#8221; text_font=&#8221;Montserrat|600|||||||&#8221; text_text_color=&#8221;#0965a2&#8243; text_font_size=&#8221;16px&#8221; header_font=&#8221;Montserrat||||||||&#8221; text_orientation=&#8221;justified&#8221; custom_margin=&#8221;-6px|7px|2px|-41px|false|false&#8221; custom_padding=&#8221;0px|0px||7px||&#8221; global_colors_info=&#8221;{}&#8221;]<\/p>\n<p><span style=\"color: #02385c;\">Libera Universit\u00e0 Interazione degli Studi Sociali \u201cGuido Carli\u201d<\/span><\/p>\n<p>[\/et_pb_text][et_pb_button button_url=&#8221;https:\/\/www.google.com\/search?client=safari&#038;rls=en&#038;q=luiss+guido+carli&#038;ie=UTF-8&#038;oe=UTF-8&#8243; button_text=&#8221;Scopri di pi\u00f9&#8221; _builder_version=&#8221;4.21.0&#8243; _module_preset=&#8221;default&#8221; custom_button=&#8221;on&#8221; button_text_size=&#8221;13px&#8221; button_text_color=&#8221;#0965a2&#8243; button_bg_color=&#8221;#FFFFFF&#8221; button_font=&#8221;Montserrat||||||||&#8221; custom_margin=&#8221;25px|96px||18px|false|false&#8221; button_bg_color_last_edited=&#8221;off|desktop&#8221; global_colors_info=&#8221;{}&#8221; button_bg_color__hover_enabled=&#8221;on|hover&#8221; button_bg_color__hover=&#8221;#4d9cad&#8221; button_bg_enable_color__hover=&#8221;on&#8221; button_text_color__hover_enabled=&#8221;on|hover&#8221; button_text_color__hover=&#8221;#FFFFFF&#8221;][\/et_pb_button][\/et_pb_column][et_pb_column type=&#8221;1_4&#8243; _builder_version=&#8221;4.21.0&#8243; _module_preset=&#8221;default&#8221; global_colors_info=&#8221;{}&#8221;][et_pb_image src=&#8221;https:\/\/informacitta.oristano.studioprogetto2.it\/wp-content\/uploads\/2023\/06\/Schermata-2023-06-27-alle-19.05.21.png&#8221; title_text=&#8221;Schermata 2023-06-27 alle 19.05.21&#8243; _builder_version=&#8221;4.21.0&#8243; _module_preset=&#8221;default&#8221; custom_margin=&#8221;-11px||||false|false&#8221; custom_padding=&#8221;52px|||||&#8221; global_colors_info=&#8221;{}&#8221;][\/et_pb_image][\/et_pb_column][et_pb_column type=&#8221;1_4&#8243; _builder_version=&#8221;4.21.0&#8243; _module_preset=&#8221;default&#8221; global_colors_info=&#8221;{}&#8221;][et_pb_text _builder_version=&#8221;4.21.0&#8243; _module_preset=&#8221;default&#8221; text_font=&#8221;Montserrat|600|||||||&#8221; text_text_color=&#8221;#0965a2&#8243; text_font_size=&#8221;15px&#8221; header_font_size=&#8221;33px&#8221; module_alignment=&#8221;center&#8221; custom_margin=&#8221;25px||||false|false&#8221; custom_padding=&#8221;22px|29px||2px||&#8221; global_colors_info=&#8221;{}&#8221;]<\/p>\n<p>Lazio<\/p>\n<p>[\/et_pb_text][et_pb_icon font_icon=&#8221;&#xf276;||fa||900&#8243; icon_color=&#8221;#0965a2&#8243; icon_width=&#8221;23px&#8221; align=&#8221;left&#8221; _builder_version=&#8221;4.21.0&#8243; _module_preset=&#8221;default&#8221; custom_margin=&#8221;-114px|||-36px|false|false&#8221; custom_padding=&#8221;55px|91px||0px||&#8221; locked=&#8221;off&#8221; global_colors_info=&#8221;{}&#8221;][\/et_pb_icon][et_pb_text _builder_version=&#8221;4.21.0&#8243; _module_preset=&#8221;default&#8221; text_font=&#8221;Montserrat|600|||||||&#8221; text_text_color=&#8221;#0965a2&#8243; text_font_size=&#8221;16px&#8221; header_font=&#8221;Montserrat||||||||&#8221; text_orientation=&#8221;justified&#8221; custom_margin=&#8221;-6px|7px|2px|-41px|false|false&#8221; custom_padding=&#8221;0px|0px||7px||&#8221; link_option_url=&#8221;https:\/\/www.comune.oristano.it\/it\/novita\/news\/Costa-Diadema-Test-riuscito-per-il-turismo-da-crociera-a-Oristano\/#!#:~:text=Oristano%20gioca%20la%20carta%20del,scoperta%20del%20territorio%20di%20Oristano.&#8221; global_colors_info=&#8221;{}&#8221;]<\/p>\n<p><span style=\"color: #02385c;\">Libera Universit\u00e0 Maria Santissima Assunta\u00a0<\/span><span style=\"color: #02385c;\"><\/span><\/p>\n<p><span style=\"color: #02385c;\"><\/span><\/p>\n<p>[\/et_pb_text][et_pb_button button_url=&#8221;https:\/\/www.lumsa.it&#8221; button_text=&#8221;Scopri di pi\u00f9&#8221; _builder_version=&#8221;4.21.0&#8243; _module_preset=&#8221;default&#8221; custom_button=&#8221;on&#8221; button_text_size=&#8221;13px&#8221; button_text_color=&#8221;#0965a2&#8243; button_bg_color=&#8221;#FFFFFF&#8221; button_font=&#8221;Montserrat||||||||&#8221; custom_margin=&#8221;6px|||14px|false|false&#8221; button_bg_color_last_edited=&#8221;off|desktop&#8221; global_colors_info=&#8221;{}&#8221; button_bg_color__hover_enabled=&#8221;on|hover&#8221; button_bg_color__hover=&#8221;#4d9cad&#8221; button_bg_enable_color__hover=&#8221;on&#8221; button_text_color__hover_enabled=&#8221;on|hover&#8221; button_text_color__hover=&#8221;#FFFFFF&#8221;][\/et_pb_button][\/et_pb_column][\/et_pb_row][et_pb_row column_structure=&#8221;1_4,1_4,1_4,1_4&#8243; _builder_version=&#8221;4.21.0&#8243; _module_preset=&#8221;default&#8221; max_width=&#8221;1130px&#8221; custom_margin=&#8221;20px|185px||185px|false|true&#8221; custom_css_before=&#8221;.desktop-onlyalign-content&#8221; global_colors_info=&#8221;{}&#8221; custom_css_before_tablet=&#8221;.desktop-onlyalign-content&#8221; custom_css_before_phone=&#8221;.desktop-onlyalign-content&#8221; custom_css_before_last_edited=&#8221;on|desktop&#8221;][et_pb_column type=&#8221;1_4&#8243; _builder_version=&#8221;4.21.0&#8243; _module_preset=&#8221;default&#8221; global_colors_info=&#8221;{}&#8221;][et_pb_image src=&#8221;https:\/\/informacitta.oristano.studioprogetto2.it\/wp-content\/uploads\/2023\/06\/Schermata-2023-06-28-alle-10.02.43.png&#8221; title_text=&#8221;Schermata 2023-06-28 alle 10.02.43&#8243; _builder_version=&#8221;4.21.0&#8243; _module_preset=&#8221;default&#8221; custom_padding=&#8221;45px|||||&#8221; global_colors_info=&#8221;{}&#8221;][\/et_pb_image][\/et_pb_column][et_pb_column type=&#8221;1_4&#8243; _builder_version=&#8221;4.21.0&#8243; _module_preset=&#8221;default&#8221; global_colors_info=&#8221;{}&#8221;][et_pb_text _builder_version=&#8221;4.21.0&#8243; _module_preset=&#8221;default&#8221; text_font=&#8221;Montserrat|600|||||||&#8221; text_text_color=&#8221;#0965a2&#8243; text_font_size=&#8221;15px&#8221; header_font_size=&#8221;33px&#8221; module_alignment=&#8221;center&#8221; custom_margin=&#8221;25px||||false|false&#8221; custom_padding=&#8221;22px|29px||2px||&#8221; global_colors_info=&#8221;{}&#8221;]<\/p>\n<p>Lazio<\/p>\n<p>[\/et_pb_text][et_pb_icon font_icon=&#8221;&#xf276;||fa||900&#8243; icon_color=&#8221;#0965a2&#8243; icon_width=&#8221;23px&#8221; align=&#8221;left&#8221; _builder_version=&#8221;4.21.0&#8243; _module_preset=&#8221;default&#8221; custom_margin=&#8221;-114px|||-36px|false|false&#8221; custom_padding=&#8221;55px|91px||0px||&#8221; locked=&#8221;off&#8221; global_colors_info=&#8221;{}&#8221;][\/et_pb_icon][et_pb_text _builder_version=&#8221;4.21.0&#8243; _module_preset=&#8221;default&#8221; text_font=&#8221;Montserrat|600|||||||&#8221; text_text_color=&#8221;#0965a2&#8243; text_font_size=&#8221;16px&#8221; header_font=&#8221;Montserrat||||||||&#8221; text_orientation=&#8221;justified&#8221; custom_margin=&#8221;-6px|7px|27px|-41px|false|false&#8221; custom_padding=&#8221;0px|0px||7px||&#8221; global_colors_info=&#8221;{}&#8221;]<\/p>\n<p style=\"text-align: justify;\"><span style=\"color: #02385c;\">Universit\u00e0 Telematica delle Camere di Commercio Italiane<\/span><\/p>\n<p>[\/et_pb_text][et_pb_button button_url=&#8221;https:\/\/www.unimercatorum.it&#8221; button_text=&#8221;Scopri di pi\u00f9&#8221; _builder_version=&#8221;4.21.0&#8243; _module_preset=&#8221;default&#8221; custom_button=&#8221;on&#8221; button_text_size=&#8221;13px&#8221; button_text_color=&#8221;#0965a2&#8243; button_bg_color=&#8221;#FFFFFF&#8221; button_font=&#8221;Montserrat||||||||&#8221; custom_margin=&#8221;22px|96px||18px|false|false&#8221; button_bg_color_last_edited=&#8221;off|desktop&#8221; global_colors_info=&#8221;{}&#8221; button_bg_color__hover_enabled=&#8221;on|hover&#8221; button_bg_color__hover=&#8221;#4d9cad&#8221; button_bg_enable_color__hover=&#8221;on&#8221; button_text_color__hover_enabled=&#8221;on|hover&#8221; button_text_color__hover=&#8221;#FFFFFF&#8221;][\/et_pb_button][\/et_pb_column][et_pb_column type=&#8221;1_4&#8243; _builder_version=&#8221;4.21.0&#8243; _module_preset=&#8221;default&#8221; global_colors_info=&#8221;{}&#8221;][et_pb_image src=&#8221;https:\/\/informacitta.oristano.studioprogetto2.it\/wp-content\/uploads\/2023\/06\/Schermata-2023-06-28-alle-10.02.56.png&#8221; title_text=&#8221;Schermata 2023-06-28 alle 10.02.56&#8243; _builder_version=&#8221;4.21.0&#8243; _module_preset=&#8221;default&#8221; custom_margin=&#8221;-5px||||false|false&#8221; custom_padding=&#8221;52px|||||&#8221; global_colors_info=&#8221;{}&#8221;][\/et_pb_image][\/et_pb_column][et_pb_column type=&#8221;1_4&#8243; _builder_version=&#8221;4.21.0&#8243; _module_preset=&#8221;default&#8221; global_colors_info=&#8221;{}&#8221;][et_pb_text _builder_version=&#8221;4.21.0&#8243; _module_preset=&#8221;default&#8221; text_font=&#8221;Montserrat|600|||||||&#8221; text_text_color=&#8221;#0965a2&#8243; text_font_size=&#8221;15px&#8221; header_font_size=&#8221;33px&#8221; module_alignment=&#8221;center&#8221; custom_margin=&#8221;25px||||false|false&#8221; custom_padding=&#8221;22px|29px||2px||&#8221; global_colors_info=&#8221;{}&#8221;]<\/p>\n<p>Sicilia<\/p>\n<p>[\/et_pb_text][et_pb_icon font_icon=&#8221;&#xf276;||fa||900&#8243; icon_color=&#8221;#0965a2&#8243; icon_width=&#8221;23px&#8221; align=&#8221;left&#8221; _builder_version=&#8221;4.21.0&#8243; _module_preset=&#8221;default&#8221; custom_margin=&#8221;-114px|||-36px|false|false&#8221; custom_padding=&#8221;55px|91px||0px||&#8221; locked=&#8221;off&#8221; global_colors_info=&#8221;{}&#8221;][\/et_pb_icon][et_pb_text _builder_version=&#8221;4.21.0&#8243; _module_preset=&#8221;default&#8221; text_font=&#8221;Montserrat|600|||||||&#8221; text_text_color=&#8221;#0965a2&#8243; text_font_size=&#8221;16px&#8221; header_font=&#8221;Montserrat||||||||&#8221; text_orientation=&#8221;justified&#8221; custom_margin=&#8221;-17px|20px|-22px|-46px|false|false&#8221; custom_padding=&#8221;|0px||7px||&#8221; link_option_url=&#8221;https:\/\/www.comune.oristano.it\/it\/novita\/news\/Costa-Diadema-Test-riuscito-per-il-turismo-da-crociera-a-Oristano\/#!#:~:text=Oristano%20gioca%20la%20carta%20del,scoperta%20del%20territorio%20di%20Oristano.&#8221; global_colors_info=&#8221;{}&#8221;]<\/p>\n<p><span style=\"color: #02385c;\"><\/span><\/p>\n<p><span style=\"color: #02385c;\">Universit\u00e0 degli Studi di Messina \u00a0<\/span><span style=\"color: #02385c;\"><\/span><\/p>\n<p><span style=\"color: #02385c;\"><\/span><\/p>\n<p>[\/et_pb_text][et_pb_button button_url=&#8221;https:\/\/www.unime.it&#8221; button_text=&#8221;Scopri di pi\u00f9&#8221; _builder_version=&#8221;4.21.0&#8243; _module_preset=&#8221;default&#8221; custom_button=&#8221;on&#8221; button_text_size=&#8221;13px&#8221; button_text_color=&#8221;#0965a2&#8243; button_bg_color=&#8221;#FFFFFF&#8221; button_font=&#8221;Montserrat||||||||&#8221; custom_margin=&#8221;28px|||14px|false|false&#8221; button_bg_color_last_edited=&#8221;off|desktop&#8221; global_colors_info=&#8221;{}&#8221; button_bg_color__hover_enabled=&#8221;on|hover&#8221; button_bg_color__hover=&#8221;#4d9cad&#8221; button_bg_enable_color__hover=&#8221;on&#8221; button_text_color__hover_enabled=&#8221;on|hover&#8221; button_text_color__hover=&#8221;#FFFFFF&#8221;][\/et_pb_button][\/et_pb_column][\/et_pb_row][et_pb_row column_structure=&#8221;1_4,1_4,1_4,1_4&#8243; _builder_version=&#8221;4.21.0&#8243; _module_preset=&#8221;default&#8221; max_width=&#8221;1130px&#8221; custom_margin=&#8221;20px|185px||185px|false|true&#8221; custom_css_before=&#8221;.desktop-onlyalign-content&#8221; global_colors_info=&#8221;{}&#8221; custom_css_before_tablet=&#8221;.desktop-onlyalign-content&#8221; custom_css_before_phone=&#8221;.desktop-onlyalign-content&#8221; custom_css_before_last_edited=&#8221;on|desktop&#8221;][et_pb_column type=&#8221;1_4&#8243; _builder_version=&#8221;4.21.0&#8243; _module_preset=&#8221;default&#8221; global_colors_info=&#8221;{}&#8221;][et_pb_image src=&#8221;https:\/\/informacitta.oristano.studioprogetto2.it\/wp-content\/uploads\/2023\/06\/Schermata-2023-06-28-alle-10.03.12.png&#8221; title_text=&#8221;Schermata 2023-06-28 alle 10.03.12&#8243; _builder_version=&#8221;4.21.0&#8243; _module_preset=&#8221;default&#8221; custom_padding=&#8221;45px|||||&#8221; global_colors_info=&#8221;{}&#8221;][\/et_pb_image][\/et_pb_column][et_pb_column type=&#8221;1_4&#8243; _builder_version=&#8221;4.21.0&#8243; _module_preset=&#8221;default&#8221; global_colors_info=&#8221;{}&#8221;][et_pb_text _builder_version=&#8221;4.21.0&#8243; _module_preset=&#8221;default&#8221; text_font=&#8221;Montserrat|600|||||||&#8221; text_text_color=&#8221;#0965a2&#8243; text_font_size=&#8221;15px&#8221; header_font_size=&#8221;33px&#8221; module_alignment=&#8221;center&#8221; custom_margin=&#8221;25px||||false|false&#8221; custom_padding=&#8221;22px|29px||2px||&#8221; global_colors_info=&#8221;{}&#8221;]<\/p>\n<p>Lombardia<\/p>\n<p>[\/et_pb_text][et_pb_icon font_icon=&#8221;&#xf276;||fa||900&#8243; icon_color=&#8221;#0965a2&#8243; icon_width=&#8221;23px&#8221; align=&#8221;left&#8221; _builder_version=&#8221;4.21.0&#8243; _module_preset=&#8221;default&#8221; custom_margin=&#8221;-114px|||-36px|false|false&#8221; custom_padding=&#8221;55px|91px||0px||&#8221; locked=&#8221;off&#8221; global_colors_info=&#8221;{}&#8221;][\/et_pb_icon][et_pb_text _builder_version=&#8221;4.21.0&#8243; _module_preset=&#8221;default&#8221; text_font=&#8221;Montserrat|600|||||||&#8221; text_text_color=&#8221;#0965a2&#8243; text_font_size=&#8221;16px&#8221; header_font=&#8221;Montserrat||||||||&#8221; text_orientation=&#8221;justified&#8221; custom_margin=&#8221;-6px|7px|2px|-41px|false|false&#8221; custom_padding=&#8221;0px|0px||7px||&#8221; global_colors_info=&#8221;{}&#8221;]<\/p>\n<p><span style=\"color: #02385c;\">Universit\u00e0 degli Studi di Milano<\/span><\/p>\n<p>[\/et_pb_text][et_pb_button button_url=&#8221;https:\/\/www.unimi.it\/it&#8221; button_text=&#8221;Scopri di pi\u00f9&#8221; _builder_version=&#8221;4.21.0&#8243; _module_preset=&#8221;default&#8221; custom_button=&#8221;on&#8221; button_text_size=&#8221;13px&#8221; button_text_color=&#8221;#0965a2&#8243; button_bg_color=&#8221;#FFFFFF&#8221; button_font=&#8221;Montserrat||||||||&#8221; custom_margin=&#8221;47px|96px||18px|false|false&#8221; button_bg_color_last_edited=&#8221;off|desktop&#8221; global_colors_info=&#8221;{}&#8221; button_bg_color__hover_enabled=&#8221;on|hover&#8221; button_bg_color__hover=&#8221;#4d9cad&#8221; button_bg_enable_color__hover=&#8221;on&#8221; button_text_color__hover_enabled=&#8221;on|hover&#8221; button_text_color__hover=&#8221;#FFFFFF&#8221;][\/et_pb_button][\/et_pb_column][et_pb_column type=&#8221;1_4&#8243; _builder_version=&#8221;4.21.0&#8243; _module_preset=&#8221;default&#8221; global_colors_info=&#8221;{}&#8221;][et_pb_image src=&#8221;https:\/\/informacitta.oristano.studioprogetto2.it\/wp-content\/uploads\/2023\/06\/Schermata-2023-06-28-alle-10.03.23.png&#8221; title_text=&#8221;Schermata 2023-06-28 alle 10.03.23&#8243; _builder_version=&#8221;4.21.0&#8243; _module_preset=&#8221;default&#8221; custom_margin=&#8221;-9px||||false|false&#8221; custom_padding=&#8221;52px|||||&#8221; global_colors_info=&#8221;{}&#8221;][\/et_pb_image][\/et_pb_column][et_pb_column type=&#8221;1_4&#8243; _builder_version=&#8221;4.21.0&#8243; _module_preset=&#8221;default&#8221; global_colors_info=&#8221;{}&#8221;][et_pb_text _builder_version=&#8221;4.21.0&#8243; _module_preset=&#8221;default&#8221; text_font=&#8221;Montserrat|600|||||||&#8221; text_text_color=&#8221;#0965a2&#8243; text_font_size=&#8221;15px&#8221; header_font_size=&#8221;33px&#8221; module_alignment=&#8221;center&#8221; custom_margin=&#8221;25px||||false|false&#8221; custom_padding=&#8221;22px|29px||2px||&#8221; global_colors_info=&#8221;{}&#8221;]<\/p>\n<p>Lombardia<\/p>\n<p>[\/et_pb_text][et_pb_icon font_icon=&#8221;&#xf276;||fa||900&#8243; icon_color=&#8221;#0965a2&#8243; icon_width=&#8221;23px&#8221; align=&#8221;left&#8221; _builder_version=&#8221;4.21.0&#8243; _module_preset=&#8221;default&#8221; custom_margin=&#8221;-114px|||-36px|false|false&#8221; custom_padding=&#8221;55px|91px||0px||&#8221; locked=&#8221;off&#8221; global_colors_info=&#8221;{}&#8221;][\/et_pb_icon][et_pb_text _builder_version=&#8221;4.21.0&#8243; _module_preset=&#8221;default&#8221; text_font=&#8221;Montserrat|600|||||||&#8221; text_text_color=&#8221;#0965a2&#8243; text_font_size=&#8221;16px&#8221; header_font=&#8221;Montserrat||||||||&#8221; text_orientation=&#8221;justified&#8221; custom_margin=&#8221;-6px|7px|2px|-41px|false|false&#8221; custom_padding=&#8221;0px|0px||7px||&#8221; link_option_url=&#8221;https:\/\/www.comune.oristano.it\/it\/novita\/news\/Costa-Diadema-Test-riuscito-per-il-turismo-da-crociera-a-Oristano\/#!#:~:text=Oristano%20gioca%20la%20carta%20del,scoperta%20del%20territorio%20di%20Oristano.&#8221; global_colors_info=&#8221;{}&#8221;]<\/p>\n<p><span style=\"color: #02385c;\">Universit\u00e0\u00a0<span style=\"caret-color: #02385c;\">degli Studi di Milano Bicocca<\/span><\/span><span style=\"color: #02385c;\"><\/span><\/p>\n<p><span style=\"color: #02385c;\"><\/span><\/p>\n<p>[\/et_pb_text][et_pb_button button_url=&#8221;https:\/\/www.unimib.it&#8221; button_text=&#8221;Scopri di pi\u00f9&#8221; _builder_version=&#8221;4.21.0&#8243; _module_preset=&#8221;default&#8221; custom_button=&#8221;on&#8221; button_text_size=&#8221;13px&#8221; button_text_color=&#8221;#0965a2&#8243; button_bg_color=&#8221;#FFFFFF&#8221; button_font=&#8221;Montserrat||||||||&#8221; custom_margin=&#8221;10px|||14px|false|false&#8221; button_bg_color_last_edited=&#8221;off|desktop&#8221; global_colors_info=&#8221;{}&#8221; button_bg_color__hover_enabled=&#8221;on|hover&#8221; button_bg_color__hover=&#8221;#4d9cad&#8221; button_bg_enable_color__hover=&#8221;on&#8221; button_text_color__hover_enabled=&#8221;on|hover&#8221; button_text_color__hover=&#8221;#FFFFFF&#8221;][\/et_pb_button][\/et_pb_column][\/et_pb_row][\/et_pb_section][et_pb_section fb_built=&#8221;1&#8243; disabled_on=&#8221;on|on|off&#8221; _builder_version=&#8221;4.21.0&#8243; _module_preset=&#8221;default&#8221; background_image=&#8221;https:\/\/informacitta.oristano.studioprogetto2.it\/wp-content\/uploads\/2023\/06\/Schermata-2023-06-26-alle-15.53.10.png&#8221; background_size=&#8221;stretch&#8221; custom_margin=&#8221;-28px|-215px||-215px|false|true&#8221; custom_padding=&#8221;0px|||||&#8221; global_colors_info=&#8221;{}&#8221;][et_pb_row column_structure=&#8221;1_4,1_4,1_4,1_4&#8243; _builder_version=&#8221;4.21.0&#8243; _module_preset=&#8221;default&#8221; max_width=&#8221;1130px&#8221; custom_margin=&#8221;0px|185px||185px|false|true&#8221; custom_css_before=&#8221;.desktop-onlyalign-content&#8221; global_colors_info=&#8221;{}&#8221; custom_css_before_tablet=&#8221;.desktop-onlyalign-content&#8221; custom_css_before_phone=&#8221;.desktop-onlyalign-content&#8221; custom_css_before_last_edited=&#8221;on|desktop&#8221;][et_pb_column type=&#8221;1_4&#8243; _builder_version=&#8221;4.21.0&#8243; _module_preset=&#8221;default&#8221; global_colors_info=&#8221;{}&#8221;][et_pb_image src=&#8221;https:\/\/informacitta.oristano.studioprogetto2.it\/wp-content\/uploads\/2023\/06\/Schermata-2023-06-28-alle-10.09.16.png&#8221; title_text=&#8221;Schermata 2023-06-28 alle 10.09.16&#8243; _builder_version=&#8221;4.21.0&#8243; _module_preset=&#8221;default&#8221; custom_padding=&#8221;45px|||||&#8221; global_colors_info=&#8221;{}&#8221;][\/et_pb_image][\/et_pb_column][et_pb_column type=&#8221;1_4&#8243; _builder_version=&#8221;4.21.0&#8243; _module_preset=&#8221;default&#8221; global_colors_info=&#8221;{}&#8221;][et_pb_text _builder_version=&#8221;4.21.0&#8243; _module_preset=&#8221;default&#8221; text_font=&#8221;Montserrat|600|||||||&#8221; text_text_color=&#8221;#0965a2&#8243; text_font_size=&#8221;15px&#8221; header_font_size=&#8221;33px&#8221; module_alignment=&#8221;center&#8221; custom_margin=&#8221;25px||||false|false&#8221; custom_padding=&#8221;22px|29px||2px||&#8221; global_colors_info=&#8221;{}&#8221;]<\/p>\n<p>Lombardia<\/p>\n<p>[\/et_pb_text][et_pb_icon font_icon=&#8221;&#xf276;||fa||900&#8243; icon_color=&#8221;#0965a2&#8243; icon_width=&#8221;23px&#8221; align=&#8221;left&#8221; _builder_version=&#8221;4.21.0&#8243; _module_preset=&#8221;default&#8221; custom_margin=&#8221;-114px|||-36px|false|false&#8221; custom_padding=&#8221;55px|91px||0px||&#8221; locked=&#8221;off&#8221; global_colors_info=&#8221;{}&#8221;][\/et_pb_icon][et_pb_text _builder_version=&#8221;4.21.0&#8243; _module_preset=&#8221;default&#8221; text_font=&#8221;Montserrat|600|||||||&#8221; text_text_color=&#8221;#0965a2&#8243; text_font_size=&#8221;16px&#8221; header_font=&#8221;Montserrat||||||||&#8221; text_orientation=&#8221;justified&#8221; custom_margin=&#8221;-20px|12px|3px|-32px||&#8221; custom_padding=&#8221;|0px|0px|||&#8221; global_colors_info=&#8221;{}&#8221;]<\/p>\n<p><span style=\"color: #02385c;\"><\/span><\/p>\n<p><span style=\"color: #02385c;\">Universit\u00e0 Bocconi di Milano<\/span><\/p>\n<p>[\/et_pb_text][et_pb_button button_url=&#8221;https:\/\/www.unibocconi.it\/wps\/wcm\/connect\/bocconi\/sitopubblico_it\/albero+di+navigazione\/home&#8221; button_text=&#8221;Scopri di pi\u00f9&#8221; _builder_version=&#8221;4.21.0&#8243; _module_preset=&#8221;default&#8221; custom_button=&#8221;on&#8221; button_text_size=&#8221;13px&#8221; button_text_color=&#8221;#0965a2&#8243; button_bg_color=&#8221;#FFFFFF&#8221; button_font=&#8221;Montserrat||||||||&#8221; custom_margin=&#8221;42px|96px||18px|false|false&#8221; button_bg_color_last_edited=&#8221;off|desktop&#8221; global_colors_info=&#8221;{}&#8221; button_bg_color__hover_enabled=&#8221;on|hover&#8221; button_bg_color__hover=&#8221;#4d9cad&#8221; button_bg_enable_color__hover=&#8221;on&#8221; button_text_color__hover_enabled=&#8221;on|hover&#8221; button_text_color__hover=&#8221;#FFFFFF&#8221;][\/et_pb_button][\/et_pb_column][et_pb_column type=&#8221;1_4&#8243; _builder_version=&#8221;4.21.0&#8243; _module_preset=&#8221;default&#8221; global_colors_info=&#8221;{}&#8221;][et_pb_image src=&#8221;https:\/\/informacitta.oristano.studioprogetto2.it\/wp-content\/uploads\/2023\/06\/Schermata-2023-06-28-alle-10.09.23.png&#8221; title_text=&#8221;Schermata 2023-06-28 alle 10.09.23&#8243; _builder_version=&#8221;4.21.0&#8243; _module_preset=&#8221;default&#8221; custom_margin=&#8221;-7px||||false|false&#8221; custom_padding=&#8221;52px|||||&#8221; global_colors_info=&#8221;{}&#8221;][\/et_pb_image][\/et_pb_column][et_pb_column type=&#8221;1_4&#8243; _builder_version=&#8221;4.21.0&#8243; _module_preset=&#8221;default&#8221; global_colors_info=&#8221;{}&#8221;][et_pb_text _builder_version=&#8221;4.21.0&#8243; _module_preset=&#8221;default&#8221; text_font=&#8221;Montserrat|600|||||||&#8221; text_text_color=&#8221;#0965a2&#8243; text_font_size=&#8221;15px&#8221; header_font_size=&#8221;33px&#8221; module_alignment=&#8221;center&#8221; custom_margin=&#8221;25px||||false|false&#8221; custom_padding=&#8221;22px|29px||2px||&#8221; global_colors_info=&#8221;{}&#8221;]<\/p>\n<p>Lombardia<\/p>\n<p>[\/et_pb_text][et_pb_icon font_icon=&#8221;&#xf276;||fa||900&#8243; icon_color=&#8221;#0965a2&#8243; icon_width=&#8221;23px&#8221; align=&#8221;left&#8221; _builder_version=&#8221;4.21.0&#8243; _module_preset=&#8221;default&#8221; custom_margin=&#8221;-114px|||-36px|false|false&#8221; custom_padding=&#8221;55px|91px||0px||&#8221; locked=&#8221;off&#8221; global_colors_info=&#8221;{}&#8221;][\/et_pb_icon][et_pb_text _builder_version=&#8221;4.21.0&#8243; _module_preset=&#8221;default&#8221; text_font=&#8221;Montserrat|600|||||||&#8221; text_text_color=&#8221;#0965a2&#8243; text_font_size=&#8221;16px&#8221; header_font=&#8221;Montserrat||||||||&#8221; text_orientation=&#8221;justified&#8221; custom_margin=&#8221;-17px|23px|2px|-46px|false|false&#8221; custom_padding=&#8221;|0px||7px|false|false&#8221; link_option_url=&#8221;https:\/\/www.comune.oristano.it\/it\/novita\/news\/Costa-Diadema-Test-riuscito-per-il-turismo-da-crociera-a-Oristano\/#!#:~:text=Oristano%20gioca%20la%20carta%20del,scoperta%20del%20territorio%20di%20Oristano.&#8221; global_colors_info=&#8221;{}&#8221;]<\/p>\n<p><span style=\"color: #02385c;\">Universit\u00e0 IULM &#8211; Libera Universit\u00e0 di Lingue e Comunicazione<\/span><\/p>\n<p><span style=\"color: #02385c;\"><\/span><\/p>\n<p><span style=\"color: #02385c;\"><\/span><\/p>\n<p>[\/et_pb_text][et_pb_button button_url=&#8221;https:\/\/www.iulm.it\/it\/home&#8221; button_text=&#8221;Scopri di pi\u00f9&#8221; _builder_version=&#8221;4.21.0&#8243; _module_preset=&#8221;default&#8221; custom_button=&#8221;on&#8221; button_text_size=&#8221;13px&#8221; button_text_color=&#8221;#0965a2&#8243; button_bg_color=&#8221;#FFFFFF&#8221; button_font=&#8221;Montserrat||||||||&#8221; custom_margin=&#8221;-18px|||14px|false|false&#8221; button_bg_color_last_edited=&#8221;off|desktop&#8221; global_colors_info=&#8221;{}&#8221; button_bg_color__hover_enabled=&#8221;on|hover&#8221; button_bg_color__hover=&#8221;#4d9cad&#8221; button_bg_enable_color__hover=&#8221;on&#8221; button_text_color__hover_enabled=&#8221;on|hover&#8221; button_text_color__hover=&#8221;#FFFFFF&#8221;][\/et_pb_button][\/et_pb_column][\/et_pb_row][et_pb_row column_structure=&#8221;1_4,1_4,1_4,1_4&#8243; _builder_version=&#8221;4.21.0&#8243; _module_preset=&#8221;default&#8221; max_width=&#8221;1130px&#8221; custom_margin=&#8221;20px|185px||185px|false|true&#8221; custom_css_before=&#8221;.desktop-onlyalign-content&#8221; global_colors_info=&#8221;{}&#8221; custom_css_before_tablet=&#8221;.desktop-onlyalign-content&#8221; custom_css_before_phone=&#8221;.desktop-onlyalign-content&#8221; custom_css_before_last_edited=&#8221;on|desktop&#8221;][et_pb_column type=&#8221;1_4&#8243; _builder_version=&#8221;4.21.0&#8243; _module_preset=&#8221;default&#8221; global_colors_info=&#8221;{}&#8221;][et_pb_image src=&#8221;https:\/\/informacitta.oristano.studioprogetto2.it\/wp-content\/uploads\/2023\/06\/Schermata-2023-06-28-alle-10.09.35.png&#8221; title_text=&#8221;Schermata 2023-06-28 alle 10.09.35&#8243; _builder_version=&#8221;4.21.0&#8243; _module_preset=&#8221;default&#8221; custom_padding=&#8221;45px|||||&#8221; global_colors_info=&#8221;{}&#8221;][\/et_pb_image][\/et_pb_column][et_pb_column type=&#8221;1_4&#8243; _builder_version=&#8221;4.21.0&#8243; _module_preset=&#8221;default&#8221; global_colors_info=&#8221;{}&#8221;][et_pb_text _builder_version=&#8221;4.21.0&#8243; _module_preset=&#8221;default&#8221; text_font=&#8221;Montserrat|600|||||||&#8221; text_text_color=&#8221;#0965a2&#8243; text_font_size=&#8221;15px&#8221; header_font_size=&#8221;33px&#8221; module_alignment=&#8221;center&#8221; custom_margin=&#8221;25px||||false|false&#8221; custom_padding=&#8221;22px|29px||2px||&#8221; global_colors_info=&#8221;{}&#8221;]<\/p>\n<p>Lombardia<\/p>\n<p>[\/et_pb_text][et_pb_icon font_icon=&#8221;&#xf276;||fa||900&#8243; icon_color=&#8221;#0965a2&#8243; icon_width=&#8221;23px&#8221; align=&#8221;left&#8221; _builder_version=&#8221;4.21.0&#8243; _module_preset=&#8221;default&#8221; custom_margin=&#8221;-114px|||-36px|false|false&#8221; custom_padding=&#8221;55px|91px||0px||&#8221; locked=&#8221;off&#8221; global_colors_info=&#8221;{}&#8221;][\/et_pb_icon][et_pb_text _builder_version=&#8221;4.21.0&#8243; _module_preset=&#8221;default&#8221; text_font=&#8221;Montserrat|600|||||||&#8221; text_text_color=&#8221;#0965a2&#8243; text_font_size=&#8221;16px&#8221; header_font=&#8221;Montserrat||||||||&#8221; text_orientation=&#8221;justified&#8221; custom_margin=&#8221;-6px|12px|3px|-38px|false|false&#8221; custom_padding=&#8221;|0px|0px|||&#8221; global_colors_info=&#8221;{}&#8221;]<\/p>\n<p><span style=\"color: #02385c;\">Politecnico di Milano (PoliMI)<\/span><\/p>\n<p>[\/et_pb_text][et_pb_button button_url=&#8221;https:\/\/www.polimi.it&#8221; button_text=&#8221;Scopri di pi\u00f9&#8221; _builder_version=&#8221;4.21.0&#8243; _module_preset=&#8221;default&#8221; custom_button=&#8221;on&#8221; button_text_size=&#8221;13px&#8221; button_text_color=&#8221;#0965a2&#8243; button_bg_color=&#8221;#FFFFFF&#8221; button_font=&#8221;Montserrat||||||||&#8221; custom_margin=&#8221;47px|96px||18px|false|false&#8221; button_bg_color_last_edited=&#8221;off|desktop&#8221; global_colors_info=&#8221;{}&#8221; button_bg_color__hover_enabled=&#8221;on|hover&#8221; button_bg_color__hover=&#8221;#4d9cad&#8221; button_bg_enable_color__hover=&#8221;on&#8221; button_text_color__hover_enabled=&#8221;on|hover&#8221; button_text_color__hover=&#8221;#FFFFFF&#8221;][\/et_pb_button][\/et_pb_column][et_pb_column type=&#8221;1_4&#8243; _builder_version=&#8221;4.21.0&#8243; _module_preset=&#8221;default&#8221; global_colors_info=&#8221;{}&#8221;][et_pb_image src=&#8221;https:\/\/informacitta.oristano.studioprogetto2.it\/wp-content\/uploads\/2023\/06\/Schermata-2023-06-28-alle-10.09.46.png&#8221; title_text=&#8221;Schermata 2023-06-28 alle 10.09.46&#8243; _builder_version=&#8221;4.21.0&#8243; _module_preset=&#8221;default&#8221; custom_margin=&#8221;-6px||||false|false&#8221; custom_padding=&#8221;52px|||||&#8221; global_colors_info=&#8221;{}&#8221;][\/et_pb_image][\/et_pb_column][et_pb_column type=&#8221;1_4&#8243; _builder_version=&#8221;4.21.0&#8243; _module_preset=&#8221;default&#8221; global_colors_info=&#8221;{}&#8221;][et_pb_text _builder_version=&#8221;4.21.0&#8243; _module_preset=&#8221;default&#8221; text_font=&#8221;Montserrat|600|||||||&#8221; text_text_color=&#8221;#0965a2&#8243; text_font_size=&#8221;15px&#8221; header_font_size=&#8221;33px&#8221; module_alignment=&#8221;center&#8221; custom_margin=&#8221;25px||||false|false&#8221; custom_padding=&#8221;22px|29px||2px||&#8221; global_colors_info=&#8221;{}&#8221;]<\/p>\n<p>Lombardia<\/p>\n<p>[\/et_pb_text][et_pb_icon font_icon=&#8221;&#xf276;||fa||900&#8243; icon_color=&#8221;#0965a2&#8243; icon_width=&#8221;23px&#8221; align=&#8221;left&#8221; _builder_version=&#8221;4.21.0&#8243; _module_preset=&#8221;default&#8221; custom_margin=&#8221;-114px|||-36px|false|false&#8221; custom_padding=&#8221;55px|91px||0px||&#8221; locked=&#8221;off&#8221; global_colors_info=&#8221;{}&#8221;][\/et_pb_icon][et_pb_text _builder_version=&#8221;4.21.0&#8243; _module_preset=&#8221;default&#8221; text_font=&#8221;Montserrat|600|||||||&#8221; text_text_color=&#8221;#0965a2&#8243; text_font_size=&#8221;16px&#8221; header_font=&#8221;Montserrat||||||||&#8221; text_orientation=&#8221;justified&#8221; custom_margin=&#8221;-25px|20px|-19px|-39px|false|false&#8221; custom_padding=&#8221;|0px||7px||&#8221; link_option_url=&#8221;https:\/\/www.comune.oristano.it\/it\/novita\/news\/Costa-Diadema-Test-riuscito-per-il-turismo-da-crociera-a-Oristano\/#!#:~:text=Oristano%20gioca%20la%20carta%20del,scoperta%20del%20territorio%20di%20Oristano.&#8221; global_colors_info=&#8221;{}&#8221;]<\/p>\n<p><span style=\"color: #02385c;\"><\/span><\/p>\n<p><span style=\"color: #02385c;\"><span style=\"caret-color: #02385c;\">Universit\u00e0 Vita-Salute San Raffaele<\/span><\/span><\/p>\n<p><span style=\"color: #02385c;\"><\/span><\/p>\n<p><span style=\"color: #02385c;\"><\/span><\/p>\n<p>[\/et_pb_text][et_pb_button button_url=&#8221;https:\/\/www.unisr.it&#8221; button_text=&#8221;Scopri di pi\u00f9&#8221; _builder_version=&#8221;4.21.0&#8243; _module_preset=&#8221;default&#8221; custom_button=&#8221;on&#8221; button_text_size=&#8221;13px&#8221; button_text_color=&#8221;#0965a2&#8243; button_bg_color=&#8221;#FFFFFF&#8221; button_font=&#8221;Montserrat||||||||&#8221; custom_margin=&#8221;16px|||14px|false|false&#8221; button_bg_color_last_edited=&#8221;off|desktop&#8221; global_colors_info=&#8221;{}&#8221; button_bg_color__hover_enabled=&#8221;on|hover&#8221; button_bg_color__hover=&#8221;#4d9cad&#8221; button_bg_enable_color__hover=&#8221;on&#8221; button_text_color__hover_enabled=&#8221;on|hover&#8221; button_text_color__hover=&#8221;#FFFFFF&#8221;][\/et_pb_button][\/et_pb_column][\/et_pb_row][et_pb_row column_structure=&#8221;1_4,1_4,1_4,1_4&#8243; _builder_version=&#8221;4.21.0&#8243; _module_preset=&#8221;default&#8221; max_width=&#8221;1130px&#8221; custom_margin=&#8221;20px|185px||185px|false|true&#8221; custom_css_before=&#8221;.desktop-onlyalign-content&#8221; global_colors_info=&#8221;{}&#8221; custom_css_before_tablet=&#8221;.desktop-onlyalign-content&#8221; custom_css_before_phone=&#8221;.desktop-onlyalign-content&#8221; custom_css_before_last_edited=&#8221;on|desktop&#8221;][et_pb_column type=&#8221;1_4&#8243; _builder_version=&#8221;4.21.0&#8243; _module_preset=&#8221;default&#8221; global_colors_info=&#8221;{}&#8221;][et_pb_image src=&#8221;https:\/\/informacitta.oristano.studioprogetto2.it\/wp-content\/uploads\/2023\/06\/Schermata-2023-06-28-alle-10.16.41.png&#8221; title_text=&#8221;Schermata 2023-06-28 alle 10.16.41&#8243; _builder_version=&#8221;4.21.0&#8243; _module_preset=&#8221;default&#8221; custom_padding=&#8221;45px|||||&#8221; global_colors_info=&#8221;{}&#8221;][\/et_pb_image][\/et_pb_column][et_pb_column type=&#8221;1_4&#8243; _builder_version=&#8221;4.21.0&#8243; _module_preset=&#8221;default&#8221; global_colors_info=&#8221;{}&#8221;][et_pb_text _builder_version=&#8221;4.21.0&#8243; _module_preset=&#8221;default&#8221; text_font=&#8221;Montserrat|600|||||||&#8221; text_text_color=&#8221;#0965a2&#8243; text_font_size=&#8221;15px&#8221; header_font_size=&#8221;33px&#8221; module_alignment=&#8221;center&#8221; custom_margin=&#8221;25px||||false|false&#8221; custom_padding=&#8221;22px|29px||2px||&#8221; global_colors_info=&#8221;{}&#8221;]<\/p>\n<p>Emilia Romagna<\/p>\n<p>[\/et_pb_text][et_pb_icon font_icon=&#8221;&#xf276;||fa||900&#8243; icon_color=&#8221;#0965a2&#8243; icon_width=&#8221;23px&#8221; align=&#8221;left&#8221; _builder_version=&#8221;4.21.0&#8243; _module_preset=&#8221;default&#8221; custom_margin=&#8221;-114px|||-36px|false|false&#8221; custom_padding=&#8221;55px|91px||0px||&#8221; locked=&#8221;off&#8221; global_colors_info=&#8221;{}&#8221;][\/et_pb_icon][et_pb_text _builder_version=&#8221;4.21.0&#8243; _module_preset=&#8221;default&#8221; text_font=&#8221;Montserrat|600|||||||&#8221; text_text_color=&#8221;#0965a2&#8243; text_font_size=&#8221;16px&#8221; header_font=&#8221;Montserrat||||||||&#8221; text_orientation=&#8221;justified&#8221; custom_margin=&#8221;-6px|7px|2px|-41px|false|false&#8221; custom_padding=&#8221;0px|0px||7px||&#8221; global_colors_info=&#8221;{}&#8221;]<\/p>\n<p><span style=\"color: #02385c;\">Universit\u00e0 degli Studi di Modena e Reggio Emilia<\/span><\/p>\n<p>[\/et_pb_text][et_pb_button button_url=&#8221;https:\/\/www.unimore.it&#8221; button_text=&#8221;Scopri di pi\u00f9&#8221; _builder_version=&#8221;4.21.0&#8243; _module_preset=&#8221;default&#8221; custom_button=&#8221;on&#8221; button_text_size=&#8221;13px&#8221; button_text_color=&#8221;#0965a2&#8243; button_bg_color=&#8221;#FFFFFF&#8221; button_font=&#8221;Montserrat||||||||&#8221; custom_margin=&#8221;21px|96px||18px|false|false&#8221; button_bg_color_last_edited=&#8221;off|desktop&#8221; global_colors_info=&#8221;{}&#8221; button_bg_color__hover_enabled=&#8221;on|hover&#8221; button_bg_color__hover=&#8221;#4d9cad&#8221; button_bg_enable_color__hover=&#8221;on&#8221; button_text_color__hover_enabled=&#8221;on|hover&#8221; button_text_color__hover=&#8221;#FFFFFF&#8221;][\/et_pb_button][\/et_pb_column][et_pb_column type=&#8221;1_4&#8243; _builder_version=&#8221;4.21.0&#8243; _module_preset=&#8221;default&#8221; global_colors_info=&#8221;{}&#8221;][et_pb_image src=&#8221;https:\/\/informacitta.oristano.studioprogetto2.it\/wp-content\/uploads\/2023\/06\/Schermata-2023-06-28-alle-10.16.48.png&#8221; title_text=&#8221;Schermata 2023-06-28 alle 10.16.48&#8243; _builder_version=&#8221;4.21.0&#8243; _module_preset=&#8221;default&#8221; custom_margin=&#8221;-11px||||false|false&#8221; custom_padding=&#8221;52px|||||&#8221; global_colors_info=&#8221;{}&#8221;][\/et_pb_image][\/et_pb_column][et_pb_column type=&#8221;1_4&#8243; _builder_version=&#8221;4.21.0&#8243; _module_preset=&#8221;default&#8221; global_colors_info=&#8221;{}&#8221;][et_pb_text _builder_version=&#8221;4.21.0&#8243; _module_preset=&#8221;default&#8221; text_font=&#8221;Montserrat|600|||||||&#8221; text_text_color=&#8221;#0965a2&#8243; text_font_size=&#8221;15px&#8221; header_font_size=&#8221;33px&#8221; module_alignment=&#8221;center&#8221; custom_margin=&#8221;25px||||false|false&#8221; custom_padding=&#8221;22px|29px||2px||&#8221; global_colors_info=&#8221;{}&#8221;]<\/p>\n<p>Molise<\/p>\n<p>[\/et_pb_text][et_pb_icon font_icon=&#8221;&#xf276;||fa||900&#8243; icon_color=&#8221;#0965a2&#8243; icon_width=&#8221;23px&#8221; align=&#8221;left&#8221; _builder_version=&#8221;4.21.0&#8243; _module_preset=&#8221;default&#8221; custom_margin=&#8221;-114px|||-36px|false|false&#8221; custom_padding=&#8221;55px|91px||0px||&#8221; locked=&#8221;off&#8221; global_colors_info=&#8221;{}&#8221;][\/et_pb_icon][et_pb_text _builder_version=&#8221;4.21.0&#8243; _module_preset=&#8221;default&#8221; text_font=&#8221;Montserrat|600|||||||&#8221; text_text_color=&#8221;#0965a2&#8243; text_font_size=&#8221;16px&#8221; header_font=&#8221;Montserrat||||||||&#8221; text_orientation=&#8221;justified&#8221; custom_margin=&#8221;-11px|20px|-17px|-45px|false|false&#8221; custom_padding=&#8221;|0px||7px||&#8221; link_option_url=&#8221;https:\/\/www.comune.oristano.it\/it\/novita\/news\/Costa-Diadema-Test-riuscito-per-il-turismo-da-crociera-a-Oristano\/#!#:~:text=Oristano%20gioca%20la%20carta%20del,scoperta%20del%20territorio%20di%20Oristano.&#8221; global_colors_info=&#8221;{}&#8221;]<\/p>\n<p><span style=\"color: #02385c;\"><span style=\"caret-color: #02385c;\">Universit\u00e0 degli Studi del Molise<\/span><\/span><\/p>\n<p><span style=\"color: #02385c;\"><\/span><\/p>\n<p><span style=\"color: #02385c;\"><\/span><\/p>\n<p>[\/et_pb_text][et_pb_button button_url=&#8221;https:\/\/www2.unimol.it&#8221; button_text=&#8221;Scopri di pi\u00f9&#8221; _builder_version=&#8221;4.21.0&#8243; _module_preset=&#8221;default&#8221; custom_button=&#8221;on&#8221; button_text_size=&#8221;13px&#8221; button_text_color=&#8221;#0965a2&#8243; button_bg_color=&#8221;#FFFFFF&#8221; button_font=&#8221;Montserrat||||||||&#8221; custom_margin=&#8221;13px|||14px|false|false&#8221; button_bg_color_last_edited=&#8221;off|desktop&#8221; global_colors_info=&#8221;{}&#8221; button_bg_color__hover_enabled=&#8221;on|hover&#8221; button_bg_color__hover=&#8221;#4d9cad&#8221; button_bg_enable_color__hover=&#8221;on&#8221; button_text_color__hover_enabled=&#8221;on|hover&#8221; button_text_color__hover=&#8221;#FFFFFF&#8221;][\/et_pb_button][\/et_pb_column][\/et_pb_row][et_pb_row column_structure=&#8221;1_4,1_4,1_4,1_4&#8243; _builder_version=&#8221;4.21.0&#8243; _module_preset=&#8221;default&#8221; max_width=&#8221;1130px&#8221; custom_margin=&#8221;20px|185px||185px|false|true&#8221; custom_css_before=&#8221;.desktop-onlyalign-content&#8221; global_colors_info=&#8221;{}&#8221; custom_css_before_tablet=&#8221;.desktop-onlyalign-content&#8221; custom_css_before_phone=&#8221;.desktop-onlyalign-content&#8221; custom_css_before_last_edited=&#8221;on|desktop&#8221;][et_pb_column type=&#8221;1_4&#8243; _builder_version=&#8221;4.21.0&#8243; _module_preset=&#8221;default&#8221; global_colors_info=&#8221;{}&#8221;][et_pb_image src=&#8221;https:\/\/informacitta.oristano.studioprogetto2.it\/wp-content\/uploads\/2023\/06\/Schermata-2023-06-28-alle-10.16.58.png&#8221; title_text=&#8221;Schermata 2023-06-28 alle 10.16.58&#8243; _builder_version=&#8221;4.21.0&#8243; _module_preset=&#8221;default&#8221; custom_padding=&#8221;45px|||||&#8221; global_colors_info=&#8221;{}&#8221;][\/et_pb_image][\/et_pb_column][et_pb_column type=&#8221;1_4&#8243; _builder_version=&#8221;4.21.0&#8243; _module_preset=&#8221;default&#8221; global_colors_info=&#8221;{}&#8221;][et_pb_text _builder_version=&#8221;4.21.0&#8243; _module_preset=&#8221;default&#8221; text_font=&#8221;Montserrat|600|||||||&#8221; text_text_color=&#8221;#0965a2&#8243; text_font_size=&#8221;15px&#8221; header_font_size=&#8221;33px&#8221; module_alignment=&#8221;center&#8221; custom_margin=&#8221;25px||||false|false&#8221; custom_padding=&#8221;22px|29px||2px||&#8221; global_colors_info=&#8221;{}&#8221;]<\/p>\n<p>Campania<\/p>\n<p>[\/et_pb_text][et_pb_icon font_icon=&#8221;&#xf276;||fa||900&#8243; icon_color=&#8221;#0965a2&#8243; icon_width=&#8221;23px&#8221; align=&#8221;left&#8221; _builder_version=&#8221;4.21.0&#8243; _module_preset=&#8221;default&#8221; custom_margin=&#8221;-114px|||-36px|false|false&#8221; custom_padding=&#8221;55px|91px||0px||&#8221; locked=&#8221;off&#8221; global_colors_info=&#8221;{}&#8221;][\/et_pb_icon][et_pb_text _builder_version=&#8221;4.21.0&#8243; _module_preset=&#8221;default&#8221; text_font=&#8221;Montserrat|600|||||||&#8221; text_text_color=&#8221;#0965a2&#8243; text_font_size=&#8221;16px&#8221; header_font=&#8221;Montserrat||||||||&#8221; text_orientation=&#8221;justified&#8221; custom_margin=&#8221;-6px|7px|4px|-41px|false|false&#8221; custom_padding=&#8221;0px|0px||7px||&#8221; global_colors_info=&#8221;{}&#8221;]<\/p>\n<p><span style=\"color: #02385c;\">Universit\u00e0 degli Studi di Napoli Federico II<\/span><\/p>\n<p>[\/et_pb_text][et_pb_button button_url=&#8221;https:\/\/www.unior.it\/it&#8221; button_text=&#8221;Scopri di pi\u00f9&#8221; _builder_version=&#8221;4.21.0&#8243; _module_preset=&#8221;default&#8221; custom_button=&#8221;on&#8221; button_text_size=&#8221;13px&#8221; button_text_color=&#8221;#0965a2&#8243; button_bg_color=&#8221;#FFFFFF&#8221; button_font=&#8221;Montserrat||||||||&#8221; custom_margin=&#8221;23px|96px||18px|false|false&#8221; button_bg_color_last_edited=&#8221;off|desktop&#8221; global_colors_info=&#8221;{}&#8221; button_bg_color__hover_enabled=&#8221;on|hover&#8221; button_bg_color__hover=&#8221;#4d9cad&#8221; button_bg_enable_color__hover=&#8221;on&#8221; button_text_color__hover_enabled=&#8221;on|hover&#8221; button_text_color__hover=&#8221;#FFFFFF&#8221;][\/et_pb_button][\/et_pb_column][et_pb_column type=&#8221;1_4&#8243; _builder_version=&#8221;4.21.0&#8243; _module_preset=&#8221;default&#8221; global_colors_info=&#8221;{}&#8221;][et_pb_image src=&#8221;https:\/\/informacitta.oristano.studioprogetto2.it\/wp-content\/uploads\/2023\/06\/Schermata-2023-06-28-alle-10.17.09.png&#8221; title_text=&#8221;Schermata 2023-06-28 alle 10.17.09&#8243; _builder_version=&#8221;4.21.0&#8243; _module_preset=&#8221;default&#8221; custom_margin=&#8221;-7px||||false|false&#8221; custom_padding=&#8221;52px|||||&#8221; global_colors_info=&#8221;{}&#8221;][\/et_pb_image][\/et_pb_column][et_pb_column type=&#8221;1_4&#8243; _builder_version=&#8221;4.21.0&#8243; _module_preset=&#8221;default&#8221; global_colors_info=&#8221;{}&#8221;][et_pb_text _builder_version=&#8221;4.21.0&#8243; _module_preset=&#8221;default&#8221; text_font=&#8221;Montserrat|600|||||||&#8221; text_text_color=&#8221;#0965a2&#8243; text_font_size=&#8221;15px&#8221; header_font_size=&#8221;33px&#8221; module_alignment=&#8221;center&#8221; custom_margin=&#8221;25px||||false|false&#8221; custom_padding=&#8221;22px|29px||2px||&#8221; global_colors_info=&#8221;{}&#8221;]<\/p>\n<p>Campania<\/p>\n<p>[\/et_pb_text][et_pb_icon font_icon=&#8221;&#xf276;||fa||900&#8243; icon_color=&#8221;#0965a2&#8243; icon_width=&#8221;23px&#8221; align=&#8221;left&#8221; _builder_version=&#8221;4.21.0&#8243; _module_preset=&#8221;default&#8221; custom_margin=&#8221;-114px|||-36px|false|false&#8221; custom_padding=&#8221;55px|91px||0px||&#8221; locked=&#8221;off&#8221; global_colors_info=&#8221;{}&#8221;][\/et_pb_icon][et_pb_text _builder_version=&#8221;4.21.0&#8243; _module_preset=&#8221;default&#8221; text_font=&#8221;Montserrat|600|||||||&#8221; text_text_color=&#8221;#0965a2&#8243; text_font_size=&#8221;16px&#8221; header_font=&#8221;Montserrat||||||||&#8221; text_orientation=&#8221;justified&#8221; custom_margin=&#8221;-6px|7px|2px|-41px|false|false&#8221; custom_padding=&#8221;0px|0px||7px||&#8221; link_option_url=&#8221;https:\/\/www.comune.oristano.it\/it\/novita\/news\/Costa-Diadema-Test-riuscito-per-il-turismo-da-crociera-a-Oristano\/#!#:~:text=Oristano%20gioca%20la%20carta%20del,scoperta%20del%20territorio%20di%20Oristano.&#8221; global_colors_info=&#8221;{}&#8221;]<\/p>\n<p><span style=\"color: #02385c;\">SUN &#8211; Seconda Universit\u00e0 degli Studi di Napoli<\/span><span style=\"color: #02385c;\"><\/span><\/p>\n<p><span style=\"color: #02385c;\"><\/span><\/p>\n<p>[\/et_pb_text][et_pb_button button_url=&#8221;https:\/\/www.universita.it\/seconda-universita-degli-studi-di-napoli\/&#8221; button_text=&#8221;Scopri di pi\u00f9&#8221; _builder_version=&#8221;4.21.0&#8243; _module_preset=&#8221;default&#8221; custom_button=&#8221;on&#8221; button_text_size=&#8221;13px&#8221; button_text_color=&#8221;#0965a2&#8243; button_bg_color=&#8221;#FFFFFF&#8221; button_font=&#8221;Montserrat||||||||&#8221; custom_margin=&#8221;6px|||14px|false|false&#8221; button_bg_color_last_edited=&#8221;off|desktop&#8221; global_colors_info=&#8221;{}&#8221; button_bg_color__hover_enabled=&#8221;on|hover&#8221; button_bg_color__hover=&#8221;#4d9cad&#8221; button_bg_enable_color__hover=&#8221;on&#8221; button_text_color__hover_enabled=&#8221;on|hover&#8221; button_text_color__hover=&#8221;#FFFFFF&#8221;][\/et_pb_button][\/et_pb_column][\/et_pb_row][et_pb_row column_structure=&#8221;1_4,1_4,1_4,1_4&#8243; _builder_version=&#8221;4.21.0&#8243; _module_preset=&#8221;default&#8221; max_width=&#8221;1130px&#8221; custom_margin=&#8221;20px|185px||185px|false|true&#8221; custom_css_before=&#8221;.desktop-onlyalign-content&#8221; global_colors_info=&#8221;{}&#8221; custom_css_before_tablet=&#8221;.desktop-onlyalign-content&#8221; custom_css_before_phone=&#8221;.desktop-onlyalign-content&#8221; custom_css_before_last_edited=&#8221;on|desktop&#8221;][et_pb_column type=&#8221;1_4&#8243; _builder_version=&#8221;4.21.0&#8243; _module_preset=&#8221;default&#8221; global_colors_info=&#8221;{}&#8221;][et_pb_image src=&#8221;https:\/\/informacitta.oristano.studioprogetto2.it\/wp-content\/uploads\/2023\/06\/Schermata-2023-06-28-alle-10.23.16.png&#8221; title_text=&#8221;Schermata 2023-06-28 alle 10.23.16&#8243; _builder_version=&#8221;4.21.0&#8243; _module_preset=&#8221;default&#8221; custom_padding=&#8221;45px|||||&#8221; global_colors_info=&#8221;{}&#8221;][\/et_pb_image][\/et_pb_column][et_pb_column type=&#8221;1_4&#8243; _builder_version=&#8221;4.21.0&#8243; _module_preset=&#8221;default&#8221; global_colors_info=&#8221;{}&#8221;][et_pb_text _builder_version=&#8221;4.21.0&#8243; _module_preset=&#8221;default&#8221; text_font=&#8221;Montserrat|600|||||||&#8221; text_text_color=&#8221;#0965a2&#8243; text_font_size=&#8221;15px&#8221; header_font_size=&#8221;33px&#8221; module_alignment=&#8221;center&#8221; custom_margin=&#8221;25px||||false|false&#8221; custom_padding=&#8221;22px|29px||2px||&#8221; global_colors_info=&#8221;{}&#8221;]<\/p>\n<p>Campania<\/p>\n<p>[\/et_pb_text][et_pb_icon font_icon=&#8221;&#xf276;||fa||900&#8243; icon_color=&#8221;#0965a2&#8243; icon_width=&#8221;23px&#8221; align=&#8221;left&#8221; _builder_version=&#8221;4.21.0&#8243; _module_preset=&#8221;default&#8221; custom_margin=&#8221;-114px|||-36px|false|false&#8221; custom_padding=&#8221;55px|91px||0px||&#8221; locked=&#8221;off&#8221; global_colors_info=&#8221;{}&#8221;][\/et_pb_icon][et_pb_text _builder_version=&#8221;4.21.0&#8243; _module_preset=&#8221;default&#8221; text_font=&#8221;Montserrat|600|||||||&#8221; text_text_color=&#8221;#0965a2&#8243; text_font_size=&#8221;16px&#8221; header_font=&#8221;Montserrat||||||||&#8221; text_orientation=&#8221;justified&#8221; custom_margin=&#8221;-9px|12px|29px|-46px|false|false&#8221; custom_padding=&#8221;|0px|0px|||&#8221; global_colors_info=&#8221;{}&#8221;]<\/p>\n<p><span style=\"color: #02385c;\">Universit\u00e0\u00a0<span style=\"caret-color: #02385c;\">degli<\/span>\u00a0Studi &#8220;L&#8217;Orientale&#8221; di Napoli<\/span><\/p>\n<p>[\/et_pb_text][et_pb_button button_url=&#8221;https:\/\/www.unior.it\/it&#8221; button_text=&#8221;Scopri di pi\u00f9&#8221; _builder_version=&#8221;4.21.0&#8243; _module_preset=&#8221;default&#8221; custom_button=&#8221;on&#8221; button_text_size=&#8221;13px&#8221; button_text_color=&#8221;#0965a2&#8243; button_bg_color=&#8221;#FFFFFF&#8221; button_font=&#8221;Montserrat||||||||&#8221; custom_margin=&#8221;22px|96px||18px|false|false&#8221; button_bg_color_last_edited=&#8221;off|desktop&#8221; global_colors_info=&#8221;{}&#8221; button_bg_color__hover_enabled=&#8221;on|hover&#8221; button_bg_color__hover=&#8221;#4d9cad&#8221; button_bg_enable_color__hover=&#8221;on&#8221; button_text_color__hover_enabled=&#8221;on|hover&#8221; button_text_color__hover=&#8221;#FFFFFF&#8221;][\/et_pb_button][\/et_pb_column][et_pb_column type=&#8221;1_4&#8243; _builder_version=&#8221;4.21.0&#8243; _module_preset=&#8221;default&#8221; global_colors_info=&#8221;{}&#8221;][et_pb_image src=&#8221;https:\/\/informacitta.oristano.studioprogetto2.it\/wp-content\/uploads\/2023\/06\/Schermata-2023-06-28-alle-10.28.06.png&#8221; title_text=&#8221;Schermata 2023-06-28 alle 10.28.06&#8243; _builder_version=&#8221;4.21.0&#8243; _module_preset=&#8221;default&#8221; custom_padding=&#8221;52px|||||&#8221; global_colors_info=&#8221;{}&#8221;][\/et_pb_image][\/et_pb_column][et_pb_column type=&#8221;1_4&#8243; _builder_version=&#8221;4.21.0&#8243; _module_preset=&#8221;default&#8221; global_colors_info=&#8221;{}&#8221;][et_pb_text _builder_version=&#8221;4.21.0&#8243; _module_preset=&#8221;default&#8221; text_font=&#8221;Montserrat|600|||||||&#8221; text_text_color=&#8221;#0965a2&#8243; text_font_size=&#8221;15px&#8221; header_font_size=&#8221;33px&#8221; module_alignment=&#8221;center&#8221; custom_margin=&#8221;25px||||false|false&#8221; custom_padding=&#8221;22px|29px||2px||&#8221; global_colors_info=&#8221;{}&#8221;]<\/p>\n<p>Campania<\/p>\n<p>[\/et_pb_text][et_pb_icon font_icon=&#8221;&#xf276;||fa||900&#8243; icon_color=&#8221;#0965a2&#8243; icon_width=&#8221;23px&#8221; align=&#8221;left&#8221; _builder_version=&#8221;4.21.0&#8243; _module_preset=&#8221;default&#8221; custom_margin=&#8221;-114px|||-36px|false|false&#8221; custom_padding=&#8221;55px|91px||0px||&#8221; locked=&#8221;off&#8221; global_colors_info=&#8221;{}&#8221;][\/et_pb_icon][et_pb_text _builder_version=&#8221;4.21.0&#8243; _module_preset=&#8221;default&#8221; text_font=&#8221;Montserrat|600|||||||&#8221; text_text_color=&#8221;#0965a2&#8243; text_font_size=&#8221;16px&#8221; header_font=&#8221;Montserrat||||||||&#8221; text_orientation=&#8221;justified&#8221; custom_margin=&#8221;-7px|20px|2px|-46px|false|false&#8221; custom_padding=&#8221;|0px||7px||&#8221; link_option_url=&#8221;https:\/\/www.comune.oristano.it\/it\/novita\/news\/Costa-Diadema-Test-riuscito-per-il-turismo-da-crociera-a-Oristano\/#!#:~:text=Oristano%20gioca%20la%20carta%20del,scoperta%20del%20territorio%20di%20Oristano.&#8221; global_colors_info=&#8221;{}&#8221;]<\/p>\n<p style=\"text-align: justify;\"><span style=\"color: #000d1e;\">Universit\u00e0 degli Studi Suor Orsola <\/span><span style=\"color: #000d1e;\">Benincasa di Napoli<\/span><\/p>\n<p><span style=\"color: #02385c;\"><\/span><\/p>\n<p><span style=\"color: #02385c;\"><\/span><\/p>\n<p>[\/et_pb_text][et_pb_button button_url=&#8221;https:\/\/www.unisob.na.it&#8221; button_text=&#8221;Scopri di pi\u00f9&#8221; _builder_version=&#8221;4.21.0&#8243; _module_preset=&#8221;default&#8221; custom_button=&#8221;on&#8221; button_text_size=&#8221;13px&#8221; button_text_color=&#8221;#0965a2&#8243; button_bg_color=&#8221;#FFFFFF&#8221; button_font=&#8221;Montserrat||||||||&#8221; custom_margin=&#8221;-5px|||14px|false|false&#8221; button_bg_color_last_edited=&#8221;off|desktop&#8221; global_colors_info=&#8221;{}&#8221; button_bg_color__hover_enabled=&#8221;on|hover&#8221; button_bg_color__hover=&#8221;#4d9cad&#8221; button_bg_enable_color__hover=&#8221;on&#8221; button_text_color__hover_enabled=&#8221;on|hover&#8221; button_text_color__hover=&#8221;#FFFFFF&#8221;][\/et_pb_button][\/et_pb_column][\/et_pb_row][et_pb_row column_structure=&#8221;1_4,1_4,1_4,1_4&#8243; disabled_on=&#8221;on|off|on&#8221; _builder_version=&#8221;4.21.0&#8243; _module_preset=&#8221;default&#8221; width=&#8221;100%&#8221; max_width=&#8221;1092px&#8221; custom_margin=&#8221;|200px||200px|false|true&#8221; global_colors_info=&#8221;{}&#8221;][et_pb_column type=&#8221;1_4&#8243; _builder_version=&#8221;4.21.0&#8243; _module_preset=&#8221;default&#8221; global_colors_info=&#8221;{}&#8221;][et_pb_image src=&#8221;https:\/\/informacitta.oristano.studioprogetto2.it\/wp-content\/uploads\/2023\/06\/Schermata-2023-06-28-alle-10.23.16.png&#8221; title_text=&#8221;Schermata 2023-06-28 alle 10.23.16&#8243; _builder_version=&#8221;4.21.0&#8243; _module_preset=&#8221;default&#8221; custom_padding=&#8221;45px|||||&#8221; global_colors_info=&#8221;{}&#8221;][\/et_pb_image][\/et_pb_column][et_pb_column type=&#8221;1_4&#8243; _builder_version=&#8221;4.21.0&#8243; _module_preset=&#8221;default&#8221; global_colors_info=&#8221;{}&#8221;][et_pb_text _builder_version=&#8221;4.21.0&#8243; _module_preset=&#8221;default&#8221; text_font=&#8221;Montserrat|600|||||||&#8221; text_text_color=&#8221;#0965a2&#8243; text_font_size=&#8221;15px&#8221; header_font_size=&#8221;33px&#8221; module_alignment=&#8221;center&#8221; custom_margin=&#8221;25px||||false|false&#8221; custom_padding=&#8221;22px|29px||2px||&#8221; global_colors_info=&#8221;{}&#8221;]<\/p>\n<p>Campania<\/p>\n<p>[\/et_pb_text][et_pb_icon font_icon=&#8221;&#xf276;||fa||900&#8243; icon_color=&#8221;#0965a2&#8243; icon_width=&#8221;23px&#8221; align=&#8221;left&#8221; _builder_version=&#8221;4.21.0&#8243; _module_preset=&#8221;default&#8221; custom_margin=&#8221;-114px|||-36px|false|false&#8221; custom_padding=&#8221;55px|91px||0px||&#8221; locked=&#8221;off&#8221; global_colors_info=&#8221;{}&#8221;][\/et_pb_icon][et_pb_text _builder_version=&#8221;4.21.0&#8243; _module_preset=&#8221;default&#8221; text_font=&#8221;Montserrat|600|||||||&#8221; text_text_color=&#8221;#0965a2&#8243; header_font=&#8221;Montserrat||||||||&#8221; text_orientation=&#8221;justified&#8221; custom_margin=&#8221;-20px|12px|3px|-46px||&#8221; custom_padding=&#8221;|0px|0px|||&#8221; global_colors_info=&#8221;{}&#8221;]<\/p>\n<p><span style=\"color: #02385c;\"><\/span><\/p>\n<p><span style=\"color: #02385c;\">Universit\u00e0\u00a0<span style=\"caret-color: #02385c;\">degli<\/span>\u00a0Studi &#8220;L&#8217;Orientale&#8221; di Napoli<\/span><\/p>\n<p>[\/et_pb_text][et_pb_button button_url=&#8221;https:\/\/www.unior.it\/it&#8221; button_text=&#8221;Scopri di pi\u00f9&#8221; _builder_version=&#8221;4.21.0&#8243; _module_preset=&#8221;default&#8221; custom_button=&#8221;on&#8221; button_text_size=&#8221;13px&#8221; button_text_color=&#8221;#0965a2&#8243; button_bg_color=&#8221;#FFFFFF&#8221; button_font=&#8221;Montserrat||||||||&#8221; custom_margin=&#8221;22px|96px||18px|false|false&#8221; button_bg_color_last_edited=&#8221;off|desktop&#8221; global_colors_info=&#8221;{}&#8221; button_bg_color__hover_enabled=&#8221;on|hover&#8221; button_bg_color__hover=&#8221;#4d9cad&#8221; button_bg_enable_color__hover=&#8221;on&#8221; button_text_color__hover_enabled=&#8221;on|hover&#8221; button_text_color__hover=&#8221;#FFFFFF&#8221;][\/et_pb_button][\/et_pb_column][et_pb_column type=&#8221;1_4&#8243; _builder_version=&#8221;4.21.0&#8243; _module_preset=&#8221;default&#8221; global_colors_info=&#8221;{}&#8221;][et_pb_image src=&#8221;https:\/\/informacitta.oristano.studioprogetto2.it\/wp-content\/uploads\/2023\/06\/Schermata-2023-06-28-alle-10.28.06.png&#8221; title_text=&#8221;Schermata 2023-06-28 alle 10.28.06&#8243; _builder_version=&#8221;4.21.0&#8243; _module_preset=&#8221;default&#8221; custom_padding=&#8221;52px|||||&#8221; global_colors_info=&#8221;{}&#8221;][\/et_pb_image][\/et_pb_column][et_pb_column type=&#8221;1_4&#8243; _builder_version=&#8221;4.21.0&#8243; _module_preset=&#8221;default&#8221; global_colors_info=&#8221;{}&#8221;][et_pb_text _builder_version=&#8221;4.21.0&#8243; _module_preset=&#8221;default&#8221; text_font=&#8221;Montserrat|600|||||||&#8221; text_text_color=&#8221;#0965a2&#8243; text_font_size=&#8221;15px&#8221; header_font_size=&#8221;33px&#8221; module_alignment=&#8221;center&#8221; custom_margin=&#8221;25px||||false|false&#8221; custom_padding=&#8221;22px|29px||2px||&#8221; global_colors_info=&#8221;{}&#8221;]<\/p>\n<p>Campania<\/p>\n<p>[\/et_pb_text][et_pb_icon font_icon=&#8221;&#xf276;||fa||900&#8243; icon_color=&#8221;#0965a2&#8243; icon_width=&#8221;23px&#8221; align=&#8221;left&#8221; _builder_version=&#8221;4.21.0&#8243; _module_preset=&#8221;default&#8221; custom_margin=&#8221;-114px|||-36px|false|false&#8221; custom_padding=&#8221;55px|91px||0px||&#8221; locked=&#8221;off&#8221; global_colors_info=&#8221;{}&#8221;][\/et_pb_icon][et_pb_text _builder_version=&#8221;4.21.0&#8243; _module_preset=&#8221;default&#8221; text_font=&#8221;Montserrat|600|||||||&#8221; text_text_color=&#8221;#0965a2&#8243; header_font=&#8221;Montserrat||||||||&#8221; text_orientation=&#8221;justified&#8221; custom_margin=&#8221;-17px|20px|2px|-46px||&#8221; custom_padding=&#8221;|0px||7px||&#8221; link_option_url=&#8221;https:\/\/www.comune.oristano.it\/it\/novita\/news\/Costa-Diadema-Test-riuscito-per-il-turismo-da-crociera-a-Oristano\/#!#:~:text=Oristano%20gioca%20la%20carta%20del,scoperta%20del%20territorio%20di%20Oristano.&#8221; global_colors_info=&#8221;{}&#8221;]<\/p>\n<p><span style=\"color: #02385c;\"><\/span><\/p>\n<p><span style=\"color: #000d1e;\">Universit\u00e0 degli Studi Suor Orsola <\/span><br \/><span style=\"color: #000d1e;\">Benincasa di Napoli<\/span><\/p>\n<p><span style=\"color: #02385c;\"><\/span><\/p>\n<p><span style=\"color: #02385c;\"><\/span><\/p>\n<p>[\/et_pb_text][et_pb_button button_url=&#8221;https:\/\/www.unisob.na.it&#8221; button_text=&#8221;Scopri di pi\u00f9&#8221; _builder_version=&#8221;4.21.0&#8243; _module_preset=&#8221;default&#8221; custom_button=&#8221;on&#8221; button_text_size=&#8221;13px&#8221; button_text_color=&#8221;#0965a2&#8243; button_bg_color=&#8221;#FFFFFF&#8221; button_font=&#8221;Montserrat||||||||&#8221; custom_margin=&#8221;-5px|||14px|false|false&#8221; button_bg_color_last_edited=&#8221;off|desktop&#8221; global_colors_info=&#8221;{}&#8221; button_bg_color__hover_enabled=&#8221;on|hover&#8221; button_bg_color__hover=&#8221;#4d9cad&#8221; button_bg_enable_color__hover=&#8221;on&#8221; button_text_color__hover_enabled=&#8221;on|hover&#8221; button_text_color__hover=&#8221;#FFFFFF&#8221;][\/et_pb_button][\/et_pb_column][\/et_pb_row][et_pb_row column_structure=&#8221;1_4,1_4,1_4,1_4&#8243; _builder_version=&#8221;4.21.0&#8243; _module_preset=&#8221;default&#8221; max_width=&#8221;1130px&#8221; custom_margin=&#8221;20px|185px||185px|false|true&#8221; custom_css_before=&#8221;.desktop-onlyalign-content&#8221; global_colors_info=&#8221;{}&#8221; custom_css_before_tablet=&#8221;.desktop-onlyalign-content&#8221; custom_css_before_phone=&#8221;.desktop-onlyalign-content&#8221; custom_css_before_last_edited=&#8221;on|desktop&#8221;][et_pb_column type=&#8221;1_4&#8243; _builder_version=&#8221;4.21.0&#8243; _module_preset=&#8221;default&#8221; global_colors_info=&#8221;{}&#8221;][et_pb_image src=&#8221;https:\/\/informacitta.oristano.studioprogetto2.it\/wp-content\/uploads\/2023\/06\/Schermata-2023-06-28-alle-10.28.16.png&#8221; title_text=&#8221;Schermata 2023-06-28 alle 10.28.16&#8243; _builder_version=&#8221;4.21.0&#8243; _module_preset=&#8221;default&#8221; custom_padding=&#8221;45px|||||&#8221; global_colors_info=&#8221;{}&#8221;][\/et_pb_image][\/et_pb_column][et_pb_column type=&#8221;1_4&#8243; _builder_version=&#8221;4.21.0&#8243; _module_preset=&#8221;default&#8221; global_colors_info=&#8221;{}&#8221;][et_pb_text _builder_version=&#8221;4.21.0&#8243; _module_preset=&#8221;default&#8221; text_font=&#8221;Montserrat|600|||||||&#8221; text_text_color=&#8221;#0965a2&#8243; text_font_size=&#8221;15px&#8221; header_font_size=&#8221;33px&#8221; module_alignment=&#8221;center&#8221; custom_margin=&#8221;25px||||false|false&#8221; custom_padding=&#8221;22px|29px||2px||&#8221; global_colors_info=&#8221;{}&#8221;]<\/p>\n<p>Veneto<\/p>\n<p>[\/et_pb_text][et_pb_icon font_icon=&#8221;&#xf276;||fa||900&#8243; icon_color=&#8221;#0965a2&#8243; icon_width=&#8221;23px&#8221; align=&#8221;left&#8221; _builder_version=&#8221;4.21.0&#8243; _module_preset=&#8221;default&#8221; custom_margin=&#8221;-114px|||-36px|false|false&#8221; custom_padding=&#8221;55px|91px||0px||&#8221; locked=&#8221;off&#8221; global_colors_info=&#8221;{}&#8221;][\/et_pb_icon][et_pb_text _builder_version=&#8221;4.21.0&#8243; _module_preset=&#8221;default&#8221; text_font=&#8221;Montserrat|600|||||||&#8221; text_text_color=&#8221;#0965a2&#8243; text_font_size=&#8221;16px&#8221; header_font=&#8221;Montserrat||||||||&#8221; text_orientation=&#8221;justified&#8221; custom_margin=&#8221;-22px|12px|-18px|-36px|false|false&#8221; custom_padding=&#8221;|0px|0px|||&#8221; global_colors_info=&#8221;{}&#8221;]<\/p>\n<p><span style=\"color: #02385c;\"><\/span><\/p>\n<p><span style=\"color: #02385c;\">Universit\u00e0 degli Studi di Padova<\/span><\/p>\n<p>[\/et_pb_text][et_pb_button button_url=&#8221;https:\/\/www.unipd.it&#8221; button_text=&#8221;Scopri di pi\u00f9&#8221; _builder_version=&#8221;4.21.0&#8243; _module_preset=&#8221;default&#8221; custom_button=&#8221;on&#8221; button_text_size=&#8221;13px&#8221; button_text_color=&#8221;#0965a2&#8243; button_bg_color=&#8221;#FFFFFF&#8221; button_font=&#8221;Montserrat||||||||&#8221; custom_margin=&#8221;44px|96px||18px|false|false&#8221; button_bg_color_last_edited=&#8221;off|desktop&#8221; global_colors_info=&#8221;{}&#8221; button_bg_color__hover_enabled=&#8221;on|hover&#8221; button_bg_color__hover=&#8221;#4d9cad&#8221; button_bg_enable_color__hover=&#8221;on&#8221; button_text_color__hover_enabled=&#8221;on|hover&#8221; button_text_color__hover=&#8221;#FFFFFF&#8221;][\/et_pb_button][\/et_pb_column][et_pb_column type=&#8221;1_4&#8243; _builder_version=&#8221;4.21.0&#8243; _module_preset=&#8221;default&#8221; global_colors_info=&#8221;{}&#8221;][et_pb_image src=&#8221;https:\/\/informacitta.oristano.studioprogetto2.it\/wp-content\/uploads\/2023\/06\/Schermata-2023-06-28-alle-10.28.28.png&#8221; title_text=&#8221;Schermata 2023-06-28 alle 10.28.28&#8243; _builder_version=&#8221;4.21.0&#8243; _module_preset=&#8221;default&#8221; custom_padding=&#8221;52px|||||&#8221; global_colors_info=&#8221;{}&#8221;][\/et_pb_image][\/et_pb_column][et_pb_column type=&#8221;1_4&#8243; _builder_version=&#8221;4.21.0&#8243; _module_preset=&#8221;default&#8221; global_colors_info=&#8221;{}&#8221;][et_pb_text _builder_version=&#8221;4.21.0&#8243; _module_preset=&#8221;default&#8221; text_font=&#8221;Montserrat|600|||||||&#8221; text_text_color=&#8221;#0965a2&#8243; text_font_size=&#8221;15px&#8221; header_font_size=&#8221;33px&#8221; module_alignment=&#8221;center&#8221; custom_margin=&#8221;25px||||false|false&#8221; custom_padding=&#8221;22px|29px||2px||&#8221; global_colors_info=&#8221;{}&#8221;]<\/p>\n<p>Sicilia<\/p>\n<p>[\/et_pb_text][et_pb_icon font_icon=&#8221;&#xf276;||fa||900&#8243; icon_color=&#8221;#0965a2&#8243; icon_width=&#8221;23px&#8221; align=&#8221;left&#8221; _builder_version=&#8221;4.21.0&#8243; _module_preset=&#8221;default&#8221; custom_margin=&#8221;-114px|||-36px|false|false&#8221; custom_padding=&#8221;55px|91px||0px||&#8221; locked=&#8221;off&#8221; global_colors_info=&#8221;{}&#8221;][\/et_pb_icon][et_pb_text _builder_version=&#8221;4.21.0&#8243; _module_preset=&#8221;default&#8221; text_font=&#8221;Montserrat|600|||||||&#8221; text_text_color=&#8221;#0965a2&#8243; text_font_size=&#8221;16px&#8221; header_font=&#8221;Montserrat||||||||&#8221; text_orientation=&#8221;justified&#8221; custom_margin=&#8221;-24px|20px|-20px|-46px|false|false&#8221; custom_padding=&#8221;|0px||7px||&#8221; link_option_url=&#8221;https:\/\/www.comune.oristano.it\/it\/novita\/news\/Costa-Diadema-Test-riuscito-per-il-turismo-da-crociera-a-Oristano\/#!#:~:text=Oristano%20gioca%20la%20carta%20del,scoperta%20del%20territorio%20di%20Oristano.&#8221; global_colors_info=&#8221;{}&#8221;]<\/p>\n<p><span style=\"color: #02385c;\"><\/span><\/p>\n<p><span style=\"color: #02385c;\">Universit\u00e0 degli Studi di Palermo<\/span><span style=\"color: #02385c;\"><\/span><\/p>\n<p><span style=\"color: #02385c;\"><\/span><\/p>\n<p>[\/et_pb_text][et_pb_button button_url=&#8221;https:\/\/www.unipa.it&#8221; button_text=&#8221;Scopri di pi\u00f9&#8221; _builder_version=&#8221;4.21.0&#8243; _module_preset=&#8221;default&#8221; custom_button=&#8221;on&#8221; button_text_size=&#8221;13px&#8221; button_text_color=&#8221;#0965a2&#8243; button_bg_color=&#8221;#FFFFFF&#8221; button_font=&#8221;Montserrat||||||||&#8221; custom_margin=&#8221;35px|||14px|false|false&#8221; button_bg_color_last_edited=&#8221;off|desktop&#8221; global_colors_info=&#8221;{}&#8221; button_bg_color__hover_enabled=&#8221;on|hover&#8221; button_bg_color__hover=&#8221;#4d9cad&#8221; button_bg_enable_color__hover=&#8221;on&#8221; button_text_color__hover_enabled=&#8221;on|hover&#8221; button_text_color__hover=&#8221;#FFFFFF&#8221;][\/et_pb_button][\/et_pb_column][\/et_pb_row][et_pb_row column_structure=&#8221;1_4,1_4,1_4,1_4&#8243; _builder_version=&#8221;4.21.0&#8243; _module_preset=&#8221;default&#8221; max_width=&#8221;1130px&#8221; custom_margin=&#8221;15px|180px||180px|false|true&#8221; custom_css_before=&#8221;.desktop-onlyalign-content&#8221; global_colors_info=&#8221;{}&#8221; custom_css_before_tablet=&#8221;.desktop-onlyalign-content&#8221; custom_css_before_phone=&#8221;.desktop-onlyalign-content&#8221; custom_css_before_last_edited=&#8221;on|desktop&#8221;][et_pb_column type=&#8221;1_4&#8243; _builder_version=&#8221;4.21.0&#8243; _module_preset=&#8221;default&#8221; global_colors_info=&#8221;{}&#8221;][et_pb_image src=&#8221;https:\/\/informacitta.oristano.studioprogetto2.it\/wp-content\/uploads\/2023\/06\/Schermata-2023-06-28-alle-10.32.59.png&#8221; title_text=&#8221;Schermata 2023-06-28 alle 10.32.59&#8243; _builder_version=&#8221;4.21.0&#8243; _module_preset=&#8221;default&#8221; custom_padding=&#8221;45px|||||&#8221; global_colors_info=&#8221;{}&#8221;][\/et_pb_image][\/et_pb_column][et_pb_column type=&#8221;1_4&#8243; _builder_version=&#8221;4.21.0&#8243; _module_preset=&#8221;default&#8221; global_colors_info=&#8221;{}&#8221;][et_pb_text _builder_version=&#8221;4.21.0&#8243; _module_preset=&#8221;default&#8221; text_font=&#8221;Montserrat|600|||||||&#8221; text_text_color=&#8221;#0965a2&#8243; text_font_size=&#8221;15px&#8221; header_font_size=&#8221;33px&#8221; module_alignment=&#8221;center&#8221; custom_margin=&#8221;25px||||false|false&#8221; custom_padding=&#8221;22px|29px||2px||&#8221; global_colors_info=&#8221;{}&#8221;]<\/p>\n<p>Emilia Romagna<\/p>\n<p>[\/et_pb_text][et_pb_icon font_icon=&#8221;&#xf276;||fa||900&#8243; icon_color=&#8221;#0965a2&#8243; icon_width=&#8221;23px&#8221; align=&#8221;left&#8221; _builder_version=&#8221;4.21.0&#8243; _module_preset=&#8221;default&#8221; custom_margin=&#8221;-114px|||-36px|false|false&#8221; custom_padding=&#8221;55px|91px||0px||&#8221; locked=&#8221;off&#8221; global_colors_info=&#8221;{}&#8221;][\/et_pb_icon][et_pb_text _builder_version=&#8221;4.21.0&#8243; _module_preset=&#8221;default&#8221; text_font=&#8221;Montserrat|600|||||||&#8221; text_text_color=&#8221;#0965a2&#8243; text_font_size=&#8221;16px&#8221; header_font=&#8221;Montserrat||||||||&#8221; text_orientation=&#8221;justified&#8221; custom_margin=&#8221;-6px|7px|-4px|-41px|false|false&#8221; custom_padding=&#8221;0px|0px||7px||&#8221; global_colors_info=&#8221;{}&#8221;]<\/p>\n<p><span style=\"color: #02385c;\">Universit\u00e0 degli Studi di Parma<\/span><\/p>\n<p>[\/et_pb_text][et_pb_button button_url=&#8221;https:\/\/www.unipr.it&#8221; button_text=&#8221;Scopri di pi\u00f9&#8221; _builder_version=&#8221;4.21.0&#8243; _module_preset=&#8221;default&#8221; custom_button=&#8221;on&#8221; button_text_size=&#8221;13px&#8221; button_text_color=&#8221;#0965a2&#8243; button_bg_color=&#8221;#FFFFFF&#8221; button_font=&#8221;Montserrat||||||||&#8221; custom_margin=&#8221;47px|96px||18px|false|false&#8221; button_bg_color_last_edited=&#8221;off|desktop&#8221; global_colors_info=&#8221;{}&#8221; button_bg_color__hover_enabled=&#8221;on|hover&#8221; button_bg_color__hover=&#8221;#4d9cad&#8221; button_bg_enable_color__hover=&#8221;on&#8221; button_text_color__hover_enabled=&#8221;on|hover&#8221; button_text_color__hover=&#8221;#FFFFFF&#8221;][\/et_pb_button][\/et_pb_column][et_pb_column type=&#8221;1_4&#8243; _builder_version=&#8221;4.21.0&#8243; _module_preset=&#8221;default&#8221; global_colors_info=&#8221;{}&#8221;][et_pb_image src=&#8221;https:\/\/informacitta.oristano.studioprogetto2.it\/wp-content\/uploads\/2023\/06\/Schermata-2023-06-28-alle-10.33.09.png&#8221; title_text=&#8221;Schermata 2023-06-28 alle 10.33.09&#8243; _builder_version=&#8221;4.21.0&#8243; _module_preset=&#8221;default&#8221; custom_padding=&#8221;52px|||||&#8221; global_colors_info=&#8221;{}&#8221;][\/et_pb_image][\/et_pb_column][et_pb_column type=&#8221;1_4&#8243; _builder_version=&#8221;4.21.0&#8243; _module_preset=&#8221;default&#8221; global_colors_info=&#8221;{}&#8221;][et_pb_text _builder_version=&#8221;4.21.0&#8243; _module_preset=&#8221;default&#8221; text_font=&#8221;Montserrat|600|||||||&#8221; text_text_color=&#8221;#0965a2&#8243; text_font_size=&#8221;15px&#8221; header_font_size=&#8221;33px&#8221; module_alignment=&#8221;center&#8221; custom_margin=&#8221;25px||||false|false&#8221; custom_padding=&#8221;22px|29px||2px||&#8221; global_colors_info=&#8221;{}&#8221;]<\/p>\n<p>Lombardia<\/p>\n<p>[\/et_pb_text][et_pb_icon font_icon=&#8221;&#xf276;||fa||900&#8243; icon_color=&#8221;#0965a2&#8243; icon_width=&#8221;23px&#8221; align=&#8221;left&#8221; _builder_version=&#8221;4.21.0&#8243; _module_preset=&#8221;default&#8221; custom_margin=&#8221;-114px|||-36px|false|false&#8221; custom_padding=&#8221;55px|91px||0px||&#8221; locked=&#8221;off&#8221; global_colors_info=&#8221;{}&#8221;][\/et_pb_icon][et_pb_text _builder_version=&#8221;4.21.0&#8243; _module_preset=&#8221;default&#8221; text_font=&#8221;Montserrat|600|||||||&#8221; text_text_color=&#8221;#0965a2&#8243; text_font_size=&#8221;16px&#8221; header_font=&#8221;Montserrat||||||||&#8221; text_orientation=&#8221;justified&#8221; custom_margin=&#8221;-6px|7px|23px|-41px|false|false&#8221; custom_padding=&#8221;0px|0px||7px||&#8221; link_option_url=&#8221;https:\/\/www.comune.oristano.it\/it\/novita\/news\/Costa-Diadema-Test-riuscito-per-il-turismo-da-crociera-a-Oristano\/#!#:~:text=Oristano%20gioca%20la%20carta%20del,scoperta%20del%20territorio%20di%20Oristano.&#8221; global_colors_info=&#8221;{}&#8221;]<\/p>\n<p><span style=\"color: #02385c;\">Universit\u00e0 degli Studi di Pavia<\/span><span style=\"color: #02385c;\"><\/span><\/p>\n<p><span style=\"color: #02385c;\"><\/span><\/p>\n<p>[\/et_pb_text][et_pb_button button_url=&#8221;https:\/\/web.unipv.it&#8221; button_text=&#8221;Scopri di pi\u00f9&#8221; _builder_version=&#8221;4.21.0&#8243; _module_preset=&#8221;default&#8221; custom_button=&#8221;on&#8221; button_text_size=&#8221;13px&#8221; button_text_color=&#8221;#0965a2&#8243; button_bg_color=&#8221;#FFFFFF&#8221; button_font=&#8221;Montserrat||||||||&#8221; custom_margin=&#8221;31px|||14px|false|false&#8221; button_bg_color_last_edited=&#8221;off|desktop&#8221; global_colors_info=&#8221;{}&#8221; button_bg_color__hover_enabled=&#8221;on|hover&#8221; button_bg_color__hover=&#8221;#4d9cad&#8221; button_bg_enable_color__hover=&#8221;on&#8221; button_text_color__hover_enabled=&#8221;on|hover&#8221; button_text_color__hover=&#8221;#FFFFFF&#8221;][\/et_pb_button][\/et_pb_column][\/et_pb_row][et_pb_row column_structure=&#8221;1_4,1_4,1_4,1_4&#8243; _builder_version=&#8221;4.21.0&#8243; _module_preset=&#8221;default&#8221; max_width=&#8221;1130px&#8221; custom_margin=&#8221;20px|185px||185px|false|true&#8221; custom_css_before=&#8221;.desktop-onlyalign-content&#8221; global_colors_info=&#8221;{}&#8221; custom_css_before_tablet=&#8221;.desktop-onlyalign-content&#8221; custom_css_before_phone=&#8221;.desktop-onlyalign-content&#8221; custom_css_before_last_edited=&#8221;on|desktop&#8221;][et_pb_column type=&#8221;1_4&#8243; _builder_version=&#8221;4.21.0&#8243; _module_preset=&#8221;default&#8221; global_colors_info=&#8221;{}&#8221;][et_pb_image src=&#8221;https:\/\/informacitta.oristano.studioprogetto2.it\/wp-content\/uploads\/2023\/06\/Schermata-2023-06-28-alle-10.33.18.png&#8221; title_text=&#8221;Schermata 2023-06-28 alle 10.33.18&#8243; _builder_version=&#8221;4.21.0&#8243; _module_preset=&#8221;default&#8221; custom_padding=&#8221;45px|||||&#8221; global_colors_info=&#8221;{}&#8221;][\/et_pb_image][\/et_pb_column][et_pb_column type=&#8221;1_4&#8243; _builder_version=&#8221;4.21.0&#8243; _module_preset=&#8221;default&#8221; global_colors_info=&#8221;{}&#8221;][et_pb_text _builder_version=&#8221;4.21.0&#8243; _module_preset=&#8221;default&#8221; text_font=&#8221;Montserrat|600|||||||&#8221; text_text_color=&#8221;#0965a2&#8243; text_font_size=&#8221;15px&#8221; header_font_size=&#8221;33px&#8221; module_alignment=&#8221;center&#8221; custom_margin=&#8221;25px||||false|false&#8221; custom_padding=&#8221;22px|29px||2px||&#8221; global_colors_info=&#8221;{}&#8221;]<\/p>\n<p>Toscana<\/p>\n<p>[\/et_pb_text][et_pb_icon font_icon=&#8221;&#xf276;||fa||900&#8243; icon_color=&#8221;#0965a2&#8243; icon_width=&#8221;23px&#8221; align=&#8221;left&#8221; _builder_version=&#8221;4.21.0&#8243; _module_preset=&#8221;default&#8221; custom_margin=&#8221;-114px|||-36px|false|false&#8221; custom_padding=&#8221;55px|91px||0px||&#8221; locked=&#8221;off&#8221; global_colors_info=&#8221;{}&#8221;][\/et_pb_icon][et_pb_text _builder_version=&#8221;4.21.0&#8243; _module_preset=&#8221;default&#8221; text_font=&#8221;Montserrat|600|||||||&#8221; text_text_color=&#8221;#0965a2&#8243; text_font_size=&#8221;16px&#8221; header_font=&#8221;Montserrat||||||||&#8221; text_orientation=&#8221;justified&#8221; custom_margin=&#8221;-6px|7px|2px|-41px|false|false&#8221; custom_padding=&#8221;0px|0px||7px||&#8221; global_colors_info=&#8221;{}&#8221;]<\/p>\n<p><span style=\"color: #02385c;\">Scuola Universitaria Superiore di Pisa &#8220;Sant&#8217;Anna&#8221;<\/span><\/p>\n<p>[\/et_pb_text][et_pb_button button_url=&#8221;https:\/\/www.santannapisa.it\/it&#8221; button_text=&#8221;Scopri di pi\u00f9&#8221; _builder_version=&#8221;4.21.0&#8243; _module_preset=&#8221;default&#8221; custom_button=&#8221;on&#8221; button_text_size=&#8221;13px&#8221; button_text_color=&#8221;#0965a2&#8243; button_bg_color=&#8221;#FFFFFF&#8221; button_font=&#8221;Montserrat||||||||&#8221; custom_margin=&#8221;23px|96px||18px|false|false&#8221; button_bg_color_last_edited=&#8221;off|desktop&#8221; global_colors_info=&#8221;{}&#8221; button_bg_color__hover_enabled=&#8221;on|hover&#8221; button_bg_color__hover=&#8221;#4d9cad&#8221; button_bg_enable_color__hover=&#8221;on&#8221; button_text_color__hover_enabled=&#8221;on|hover&#8221; button_text_color__hover=&#8221;#FFFFFF&#8221;][\/et_pb_button][\/et_pb_column][et_pb_column type=&#8221;1_4&#8243; _builder_version=&#8221;4.21.0&#8243; _module_preset=&#8221;default&#8221; global_colors_info=&#8221;{}&#8221;][et_pb_image src=&#8221;https:\/\/informacitta.oristano.studioprogetto2.it\/wp-content\/uploads\/2023\/06\/Schermata-2023-06-28-alle-10.33.25.png&#8221; title_text=&#8221;Schermata 2023-06-28 alle 10.33.25&#8243; _builder_version=&#8221;4.21.0&#8243; _module_preset=&#8221;default&#8221; custom_padding=&#8221;52px|||||&#8221; global_colors_info=&#8221;{}&#8221;][\/et_pb_image][\/et_pb_column][et_pb_column type=&#8221;1_4&#8243; _builder_version=&#8221;4.21.0&#8243; _module_preset=&#8221;default&#8221; global_colors_info=&#8221;{}&#8221;][et_pb_text _builder_version=&#8221;4.21.0&#8243; _module_preset=&#8221;default&#8221; text_font=&#8221;Montserrat|600|||||||&#8221; text_text_color=&#8221;#0965a2&#8243; text_font_size=&#8221;15px&#8221; header_font_size=&#8221;33px&#8221; module_alignment=&#8221;center&#8221; custom_margin=&#8221;25px||||false|false&#8221; custom_padding=&#8221;22px|29px||2px||&#8221; global_colors_info=&#8221;{}&#8221;]<\/p>\n<p>Toscana<\/p>\n<p>[\/et_pb_text][et_pb_icon font_icon=&#8221;&#xf276;||fa||900&#8243; icon_color=&#8221;#0965a2&#8243; icon_width=&#8221;23px&#8221; align=&#8221;left&#8221; _builder_version=&#8221;4.21.0&#8243; _module_preset=&#8221;default&#8221; custom_margin=&#8221;-114px|||-36px|false|false&#8221; custom_padding=&#8221;55px|91px||0px||&#8221; locked=&#8221;off&#8221; global_colors_info=&#8221;{}&#8221;][\/et_pb_icon][et_pb_text _builder_version=&#8221;4.21.0&#8243; _module_preset=&#8221;default&#8221; text_font=&#8221;Montserrat|600|||||||&#8221; text_text_color=&#8221;#0965a2&#8243; text_font_size=&#8221;16px&#8221; header_font=&#8221;Montserrat||||||||&#8221; text_orientation=&#8221;justified&#8221; custom_margin=&#8221;-6px|7px|2px|-41px|false|false&#8221; custom_padding=&#8221;0px|0px||7px||&#8221; link_option_url=&#8221;https:\/\/www.comune.oristano.it\/it\/novita\/news\/Costa-Diadema-Test-riuscito-per-il-turismo-da-crociera-a-Oristano\/#!#:~:text=Oristano%20gioca%20la%20carta%20del,scoperta%20del%20territorio%20di%20Oristano.&#8221; global_colors_info=&#8221;{}&#8221;]<\/p>\n<p><span style=\"color: #02385c;\">Scuola Normale Superiore\u00a0<\/span><span style=\"color: #02385c;\"><\/span><\/p>\n<p><span style=\"color: #02385c;\"><\/span><\/p>\n<p>[\/et_pb_text][et_pb_button button_url=&#8221;https:\/\/www.sns.it\/it&#8221; button_text=&#8221;Scopri di pi\u00f9&#8221; _builder_version=&#8221;4.21.0&#8243; _module_preset=&#8221;default&#8221; custom_button=&#8221;on&#8221; button_text_size=&#8221;13px&#8221; button_text_color=&#8221;#0965a2&#8243; button_bg_color=&#8221;#FFFFFF&#8221; button_font=&#8221;Montserrat||||||||&#8221; custom_margin=&#8221;33px|||14px|false|false&#8221; button_bg_color_last_edited=&#8221;off|desktop&#8221; global_colors_info=&#8221;{}&#8221; button_bg_color__hover_enabled=&#8221;on|hover&#8221; button_bg_color__hover=&#8221;#4d9cad&#8221; button_bg_enable_color__hover=&#8221;on&#8221; button_text_color__hover_enabled=&#8221;on|hover&#8221; button_text_color__hover=&#8221;#FFFFFF&#8221;][\/et_pb_button][\/et_pb_column][\/et_pb_row][et_pb_row column_structure=&#8221;1_4,1_4,1_4,1_4&#8243; _builder_version=&#8221;4.21.0&#8243; _module_preset=&#8221;default&#8221; max_width=&#8221;1130px&#8221; custom_margin=&#8221;20px|185px||185px|false|true&#8221; custom_css_before=&#8221;.desktop-onlyalign-content&#8221; global_colors_info=&#8221;{}&#8221; custom_css_before_tablet=&#8221;.desktop-onlyalign-content&#8221; custom_css_before_phone=&#8221;.desktop-onlyalign-content&#8221; custom_css_before_last_edited=&#8221;on|desktop&#8221;][et_pb_column type=&#8221;1_4&#8243; _builder_version=&#8221;4.21.0&#8243; _module_preset=&#8221;default&#8221; global_colors_info=&#8221;{}&#8221;][et_pb_image src=&#8221;https:\/\/informacitta.oristano.studioprogetto2.it\/wp-content\/uploads\/2023\/06\/Schermata-2023-06-28-alle-10.41.06.png&#8221; title_text=&#8221;Schermata 2023-06-28 alle 10.41.06&#8243; _builder_version=&#8221;4.21.0&#8243; _module_preset=&#8221;default&#8221; custom_padding=&#8221;45px|||||&#8221; global_colors_info=&#8221;{}&#8221;][\/et_pb_image][\/et_pb_column][et_pb_column type=&#8221;1_4&#8243; _builder_version=&#8221;4.21.0&#8243; _module_preset=&#8221;default&#8221; global_colors_info=&#8221;{}&#8221;][et_pb_text _builder_version=&#8221;4.21.0&#8243; _module_preset=&#8221;default&#8221; text_font=&#8221;Montserrat|600|||||||&#8221; text_text_color=&#8221;#0965a2&#8243; text_font_size=&#8221;15px&#8221; header_font_size=&#8221;33px&#8221; module_alignment=&#8221;center&#8221; custom_margin=&#8221;25px||||false|false&#8221; custom_padding=&#8221;22px|29px||2px||&#8221; global_colors_info=&#8221;{}&#8221;]<\/p>\n<p>Calabria<\/p>\n<p>[\/et_pb_text][et_pb_icon font_icon=&#8221;&#xf276;||fa||900&#8243; icon_color=&#8221;#0965a2&#8243; icon_width=&#8221;23px&#8221; align=&#8221;left&#8221; _builder_version=&#8221;4.21.0&#8243; _module_preset=&#8221;default&#8221; custom_margin=&#8221;-114px|||-36px|false|false&#8221; custom_padding=&#8221;55px|91px||0px||&#8221; locked=&#8221;off&#8221; global_colors_info=&#8221;{}&#8221;][\/et_pb_icon][et_pb_text _builder_version=&#8221;4.21.0&#8243; _module_preset=&#8221;default&#8221; text_font=&#8221;Montserrat|600|||||||&#8221; text_text_color=&#8221;#0965a2&#8243; text_font_size=&#8221;16px&#8221; header_font=&#8221;Montserrat||||||||&#8221; text_orientation=&#8221;justified&#8221; custom_margin=&#8221;-24px|12px|26px|-46px|false|false&#8221; custom_padding=&#8221;|0px|0px|||&#8221; global_colors_info=&#8221;{}&#8221;]<\/p>\n<p><span style=\"color: #02385c;\"><\/span><\/p>\n<p style=\"text-align: justify;\"><span style=\"color: #02385c;\">Universit\u00e0 degli Studi Mediterranea di Reggio Calabria<\/span><\/p>\n<p>[\/et_pb_text][et_pb_button button_url=&#8221;https:\/\/www.unirc.it&#8221; button_text=&#8221;Scopri di pi\u00f9&#8221; _builder_version=&#8221;4.21.0&#8243; _module_preset=&#8221;default&#8221; custom_button=&#8221;on&#8221; button_text_size=&#8221;13px&#8221; button_text_color=&#8221;#0965a2&#8243; button_bg_color=&#8221;#FFFFFF&#8221; button_font=&#8221;Montserrat||||||||&#8221; custom_margin=&#8221;23px|96px||18px|false|false&#8221; button_bg_color_last_edited=&#8221;off|desktop&#8221; global_colors_info=&#8221;{}&#8221; button_bg_color__hover_enabled=&#8221;on|hover&#8221; button_bg_color__hover=&#8221;#4d9cad&#8221; button_bg_enable_color__hover=&#8221;on&#8221; button_text_color__hover_enabled=&#8221;on|hover&#8221; button_text_color__hover=&#8221;#FFFFFF&#8221;][\/et_pb_button][\/et_pb_column][et_pb_column type=&#8221;1_4&#8243; _builder_version=&#8221;4.21.0&#8243; _module_preset=&#8221;default&#8221; global_colors_info=&#8221;{}&#8221;][et_pb_image src=&#8221;https:\/\/informacitta.oristano.studioprogetto2.it\/wp-content\/uploads\/2023\/06\/Schermata-2023-06-28-alle-10.41.15.png&#8221; title_text=&#8221;Schermata 2023-06-28 alle 10.41.15&#8243; _builder_version=&#8221;4.21.0&#8243; _module_preset=&#8221;default&#8221; custom_margin=&#8221;-10px||||false|false&#8221; custom_padding=&#8221;52px|||||&#8221; global_colors_info=&#8221;{}&#8221;][\/et_pb_image][\/et_pb_column][et_pb_column type=&#8221;1_4&#8243; _builder_version=&#8221;4.21.0&#8243; _module_preset=&#8221;default&#8221; global_colors_info=&#8221;{}&#8221;][et_pb_text _builder_version=&#8221;4.21.0&#8243; _module_preset=&#8221;default&#8221; text_font=&#8221;Montserrat|600|||||||&#8221; text_text_color=&#8221;#0965a2&#8243; text_font_size=&#8221;15px&#8221; header_font_size=&#8221;33px&#8221; module_alignment=&#8221;center&#8221; custom_margin=&#8221;25px||||false|false&#8221; custom_padding=&#8221;22px|29px||2px||&#8221; global_colors_info=&#8221;{}&#8221;]<\/p>\n<p>Calabria<\/p>\n<p>[\/et_pb_text][et_pb_icon font_icon=&#8221;&#xf276;||fa||900&#8243; icon_color=&#8221;#0965a2&#8243; icon_width=&#8221;23px&#8221; align=&#8221;left&#8221; _builder_version=&#8221;4.21.0&#8243; _module_preset=&#8221;default&#8221; custom_margin=&#8221;-114px|||-36px|false|false&#8221; custom_padding=&#8221;55px|91px||0px||&#8221; locked=&#8221;off&#8221; global_colors_info=&#8221;{}&#8221;][\/et_pb_icon][et_pb_text _builder_version=&#8221;4.21.0&#8243; _module_preset=&#8221;default&#8221; text_font=&#8221;Montserrat|600|||||||&#8221; text_text_color=&#8221;#0965a2&#8243; text_font_size=&#8221;16px&#8221; header_font=&#8221;Montserrat||||||||&#8221; text_orientation=&#8221;justified&#8221; custom_margin=&#8221;-11px|7px|-2px|-41px|false|false&#8221; custom_padding=&#8221;0px|0px||7px||&#8221; link_option_url=&#8221;https:\/\/www.comune.oristano.it\/it\/novita\/news\/Costa-Diadema-Test-riuscito-per-il-turismo-da-crociera-a-Oristano\/#!#:~:text=Oristano%20gioca%20la%20carta%20del,scoperta%20del%20territorio%20di%20Oristano.&#8221; global_colors_info=&#8221;{}&#8221;]<\/p>\n<p style=\"text-align: justify;\"><span style=\"color: #02385c;\">Universit\u00e0 per Stranieri di Reggio Calabria \u201cDante Alighieri\u201d\u00a0<\/span><span style=\"color: #02385c;\"><\/span><\/p>\n<p><span style=\"color: #02385c;\"><\/span><\/p>\n<p>[\/et_pb_text][et_pb_button button_url=&#8221;https:\/\/www.unidarc.it&#8221; button_text=&#8221;Scopri di pi\u00f9&#8221; _builder_version=&#8221;4.21.0&#8243; _module_preset=&#8221;default&#8221; custom_button=&#8221;on&#8221; button_text_size=&#8221;13px&#8221; button_text_color=&#8221;#0965a2&#8243; button_bg_color=&#8221;#FFFFFF&#8221; button_font=&#8221;Montserrat||||||||&#8221; custom_margin=&#8221;6px|||14px|false|false&#8221; button_bg_color_last_edited=&#8221;off|desktop&#8221; global_colors_info=&#8221;{}&#8221; button_bg_color__hover_enabled=&#8221;on|hover&#8221; button_bg_color__hover=&#8221;#4d9cad&#8221; button_bg_enable_color__hover=&#8221;on&#8221; button_text_color__hover_enabled=&#8221;on|hover&#8221; button_text_color__hover=&#8221;#FFFFFF&#8221;][\/et_pb_button][\/et_pb_column][\/et_pb_row][\/et_pb_section][et_pb_section fb_built=&#8221;1&#8243; disabled_on=&#8221;on|on|off&#8221; _builder_version=&#8221;4.21.0&#8243; _module_preset=&#8221;default&#8221; background_image=&#8221;https:\/\/informacitta.oristano.studioprogetto2.it\/wp-content\/uploads\/2023\/06\/Schermata-2023-06-26-alle-15.53.10.png&#8221; background_size=&#8221;stretch&#8221; custom_margin=&#8221;-31px|-215px||-215px|false|true&#8221; custom_padding=&#8221;0px||245px|||&#8221; global_colors_info=&#8221;{}&#8221;][et_pb_row column_structure=&#8221;1_4,1_4,1_4,1_4&#8243; _builder_version=&#8221;4.21.0&#8243; _module_preset=&#8221;default&#8221; max_width=&#8221;1130px&#8221; custom_margin=&#8221;0px|185px||185px|false|true&#8221; custom_css_before=&#8221;.desktop-onlyalign-content&#8221; global_colors_info=&#8221;{}&#8221; custom_css_before_tablet=&#8221;.desktop-onlyalign-content&#8221; custom_css_before_phone=&#8221;.desktop-onlyalign-content&#8221; custom_css_before_last_edited=&#8221;on|desktop&#8221;][et_pb_column type=&#8221;1_4&#8243; _builder_version=&#8221;4.21.0&#8243; _module_preset=&#8221;default&#8221; global_colors_info=&#8221;{}&#8221;][et_pb_image src=&#8221;https:\/\/informacitta.oristano.studioprogetto2.it\/wp-content\/uploads\/2023\/06\/Schermata-2023-06-28-alle-10.41.25.png&#8221; title_text=&#8221;Schermata 2023-06-28 alle 10.41.25&#8243; _builder_version=&#8221;4.21.0&#8243; _module_preset=&#8221;default&#8221; custom_padding=&#8221;45px|||||&#8221; global_colors_info=&#8221;{}&#8221;][\/et_pb_image][\/et_pb_column][et_pb_column type=&#8221;1_4&#8243; _builder_version=&#8221;4.21.0&#8243; _module_preset=&#8221;default&#8221; global_colors_info=&#8221;{}&#8221;][et_pb_text _builder_version=&#8221;4.21.0&#8243; _module_preset=&#8221;default&#8221; text_font=&#8221;Montserrat|600|||||||&#8221; text_text_color=&#8221;#0965a2&#8243; text_font_size=&#8221;15px&#8221; header_font_size=&#8221;33px&#8221; module_alignment=&#8221;center&#8221; custom_margin=&#8221;25px||||false|false&#8221; custom_padding=&#8221;22px|29px||2px||&#8221; global_colors_info=&#8221;{}&#8221;]<\/p>\n<p>Lazio<\/p>\n<p>[\/et_pb_text][et_pb_icon font_icon=&#8221;&#xf276;||fa||900&#8243; icon_color=&#8221;#0965a2&#8243; icon_width=&#8221;23px&#8221; align=&#8221;left&#8221; _builder_version=&#8221;4.21.0&#8243; _module_preset=&#8221;default&#8221; custom_margin=&#8221;-114px|||-36px|false|false&#8221; custom_padding=&#8221;55px|91px||0px||&#8221; locked=&#8221;off&#8221; global_colors_info=&#8221;{}&#8221;][\/et_pb_icon][et_pb_text _builder_version=&#8221;4.21.0&#8243; _module_preset=&#8221;default&#8221; text_font=&#8221;Montserrat|600|||||||&#8221; text_text_color=&#8221;#0965a2&#8243; text_font_size=&#8221;16px&#8221; header_font=&#8221;Montserrat||||||||&#8221; text_orientation=&#8221;justified&#8221; custom_margin=&#8221;-6px|7px|23px|-41px|false|false&#8221; custom_padding=&#8221;0px|0px||7px||&#8221; global_colors_info=&#8221;{}&#8221;]<\/p>\n<p style=\"text-align: justify;\"><span style=\"color: #02385c;\">Universit\u00e0 degli Studi di Roma Tor Vergata<\/span><\/p>\n<p>[\/et_pb_text][et_pb_button button_url=&#8221;http:\/\/web.uniroma2.it&#8221; button_text=&#8221;Scopri di pi\u00f9&#8221; _builder_version=&#8221;4.21.0&#8243; _module_preset=&#8221;default&#8221; custom_button=&#8221;on&#8221; button_text_size=&#8221;13px&#8221; button_text_color=&#8221;#0965a2&#8243; button_bg_color=&#8221;#FFFFFF&#8221; button_font=&#8221;Montserrat||||||||&#8221; custom_margin=&#8221;21px|96px||18px|false|false&#8221; button_bg_color_last_edited=&#8221;off|desktop&#8221; global_colors_info=&#8221;{}&#8221; button_bg_color__hover_enabled=&#8221;on|hover&#8221; button_bg_color__hover=&#8221;#4d9cad&#8221; button_bg_enable_color__hover=&#8221;on&#8221; button_text_color__hover_enabled=&#8221;on|hover&#8221; button_text_color__hover=&#8221;#FFFFFF&#8221;][\/et_pb_button][\/et_pb_column][et_pb_column type=&#8221;1_4&#8243; _builder_version=&#8221;4.21.0&#8243; _module_preset=&#8221;default&#8221; global_colors_info=&#8221;{}&#8221;][et_pb_image src=&#8221;https:\/\/informacitta.oristano.studioprogetto2.it\/wp-content\/uploads\/2023\/06\/Schermata-2023-06-28-alle-10.41.32.png&#8221; title_text=&#8221;Schermata 2023-06-28 alle 10.41.32&#8243; _builder_version=&#8221;4.21.0&#8243; _module_preset=&#8221;default&#8221; custom_margin=&#8221;-7px||||false|false&#8221; custom_padding=&#8221;52px|||||&#8221; global_colors_info=&#8221;{}&#8221;][\/et_pb_image][\/et_pb_column][et_pb_column type=&#8221;1_4&#8243; _builder_version=&#8221;4.21.0&#8243; _module_preset=&#8221;default&#8221; global_colors_info=&#8221;{}&#8221;][et_pb_text _builder_version=&#8221;4.21.0&#8243; _module_preset=&#8221;default&#8221; text_font=&#8221;Montserrat|600|||||||&#8221; text_text_color=&#8221;#0965a2&#8243; text_font_size=&#8221;15px&#8221; header_font_size=&#8221;33px&#8221; module_alignment=&#8221;center&#8221; custom_margin=&#8221;25px||||false|false&#8221; custom_padding=&#8221;22px|29px||2px||&#8221; global_colors_info=&#8221;{}&#8221;]<\/p>\n<p>Lazio<\/p>\n<p>[\/et_pb_text][et_pb_icon font_icon=&#8221;&#xf276;||fa||900&#8243; icon_color=&#8221;#0965a2&#8243; icon_width=&#8221;23px&#8221; align=&#8221;left&#8221; _builder_version=&#8221;4.21.0&#8243; _module_preset=&#8221;default&#8221; custom_margin=&#8221;-114px|||-36px|false|false&#8221; custom_padding=&#8221;55px|91px||0px||&#8221; locked=&#8221;off&#8221; global_colors_info=&#8221;{}&#8221;][\/et_pb_icon][et_pb_text _builder_version=&#8221;4.21.0&#8243; _module_preset=&#8221;default&#8221; text_font=&#8221;Montserrat|600|||||||&#8221; text_text_color=&#8221;#0965a2&#8243; text_font_size=&#8221;16px&#8221; header_font=&#8221;Montserrat||||||||&#8221; text_orientation=&#8221;justified&#8221; custom_margin=&#8221;-12px|20px|-14px|-46px|false|false&#8221; custom_padding=&#8221;|0px||7px||&#8221; link_option_url=&#8221;https:\/\/www.comune.oristano.it\/it\/novita\/news\/Costa-Diadema-Test-riuscito-per-il-turismo-da-crociera-a-Oristano\/#!#:~:text=Oristano%20gioca%20la%20carta%20del,scoperta%20del%20territorio%20di%20Oristano.&#8221; global_colors_info=&#8221;{}&#8221;]<\/p>\n<p><span style=\"color: #02385c;\">Universit\u00e0 degli Studi Roma Tre<\/span><span style=\"color: #02385c;\"><\/span><\/p>\n<p>[\/et_pb_text][et_pb_button button_url=&#8221;https:\/\/www.uniroma3.it&#8221; button_text=&#8221;Scopri di pi\u00f9&#8221; _builder_version=&#8221;4.21.0&#8243; _module_preset=&#8221;default&#8221; custom_button=&#8221;on&#8221; button_text_size=&#8221;13px&#8221; button_text_color=&#8221;#0965a2&#8243; button_bg_color=&#8221;#FFFFFF&#8221; button_font=&#8221;Montserrat||||||||&#8221; custom_margin=&#8221;41px|||14px|false|false&#8221; button_bg_color_last_edited=&#8221;off|desktop&#8221; global_colors_info=&#8221;{}&#8221; button_bg_color__hover_enabled=&#8221;on|hover&#8221; button_bg_color__hover=&#8221;#4d9cad&#8221; button_bg_enable_color__hover=&#8221;on&#8221; button_text_color__hover_enabled=&#8221;on|hover&#8221; button_text_color__hover=&#8221;#FFFFFF&#8221;][\/et_pb_button][\/et_pb_column][\/et_pb_row][et_pb_row column_structure=&#8221;1_4,1_4,1_4,1_4&#8243; _builder_version=&#8221;4.21.0&#8243; _module_preset=&#8221;default&#8221; max_width=&#8221;1130px&#8221; custom_margin=&#8221;20px|185px||185px|false|true&#8221; custom_css_before=&#8221;.desktop-onlyalign-content&#8221; global_colors_info=&#8221;{}&#8221; custom_css_before_tablet=&#8221;.desktop-onlyalign-content&#8221; custom_css_before_phone=&#8221;.desktop-onlyalign-content&#8221; custom_css_before_last_edited=&#8221;on|desktop&#8221;][et_pb_column type=&#8221;1_4&#8243; _builder_version=&#8221;4.21.0&#8243; _module_preset=&#8221;default&#8221; global_colors_info=&#8221;{}&#8221;][et_pb_image src=&#8221;https:\/\/informacitta.oristano.studioprogetto2.it\/wp-content\/uploads\/2023\/06\/Schermata-2023-06-28-alle-10.48.36.png&#8221; title_text=&#8221;Schermata 2023-06-28 alle 10.48.36&#8243; _builder_version=&#8221;4.21.0&#8243; _module_preset=&#8221;default&#8221; custom_padding=&#8221;45px|||||&#8221; global_colors_info=&#8221;{}&#8221;][\/et_pb_image][\/et_pb_column][et_pb_column type=&#8221;1_4&#8243; _builder_version=&#8221;4.21.0&#8243; _module_preset=&#8221;default&#8221; global_colors_info=&#8221;{}&#8221;][et_pb_text _builder_version=&#8221;4.21.0&#8243; _module_preset=&#8221;default&#8221; text_font=&#8221;Montserrat|600|||||||&#8221; text_text_color=&#8221;#0965a2&#8243; text_font_size=&#8221;15px&#8221; header_font_size=&#8221;33px&#8221; module_alignment=&#8221;center&#8221; custom_margin=&#8221;25px||||false|false&#8221; custom_padding=&#8221;22px|29px||2px||&#8221; global_colors_info=&#8221;{}&#8221;]<\/p>\n<p>Puglia<\/p>\n<p>[\/et_pb_text][et_pb_icon font_icon=&#8221;&#xf276;||fa||900&#8243; icon_color=&#8221;#0965a2&#8243; icon_width=&#8221;23px&#8221; align=&#8221;left&#8221; _builder_version=&#8221;4.21.0&#8243; _module_preset=&#8221;default&#8221; custom_margin=&#8221;-114px|||-36px|false|false&#8221; custom_padding=&#8221;55px|91px||0px||&#8221; locked=&#8221;off&#8221; global_colors_info=&#8221;{}&#8221;][\/et_pb_icon][et_pb_text _builder_version=&#8221;4.21.0&#8243; _module_preset=&#8221;default&#8221; text_font=&#8221;Montserrat|600|||||||&#8221; text_text_color=&#8221;#0965a2&#8243; text_font_size=&#8221;16px&#8221; header_font=&#8221;Montserrat||||||||&#8221; text_orientation=&#8221;justified&#8221; custom_margin=&#8221;-22px|12px|-19px|-36px|false|false&#8221; custom_padding=&#8221;|0px|0px|||&#8221; global_colors_info=&#8221;{}&#8221;]<\/p>\n<p><span style=\"color: #02385c;\"><\/span><\/p>\n<p><span style=\"color: #02385c;\">Universit\u00e0 degli Studi del Salento<\/span><\/p>\n<p>[\/et_pb_text][et_pb_button button_url=&#8221;https:\/\/www.unisalento.it&#8221; button_text=&#8221;Scopri di pi\u00f9&#8221; _builder_version=&#8221;4.21.0&#8243; _module_preset=&#8221;default&#8221; custom_button=&#8221;on&#8221; button_text_size=&#8221;13px&#8221; button_text_color=&#8221;#0965a2&#8243; button_bg_color=&#8221;#FFFFFF&#8221; button_font=&#8221;Montserrat||||||||&#8221; custom_margin=&#8221;44px|96px||18px|false|false&#8221; button_bg_color_last_edited=&#8221;off|desktop&#8221; global_colors_info=&#8221;{}&#8221; button_bg_color__hover_enabled=&#8221;on|hover&#8221; button_bg_color__hover=&#8221;#4d9cad&#8221; button_bg_enable_color__hover=&#8221;on&#8221; button_text_color__hover_enabled=&#8221;on|hover&#8221; button_text_color__hover=&#8221;#FFFFFF&#8221;][\/et_pb_button][\/et_pb_column][et_pb_column type=&#8221;1_4&#8243; _builder_version=&#8221;4.21.0&#8243; _module_preset=&#8221;default&#8221; global_colors_info=&#8221;{}&#8221;][et_pb_image src=&#8221;https:\/\/informacitta.oristano.studioprogetto2.it\/wp-content\/uploads\/2023\/06\/Schermata-2023-06-28-alle-10.48.45.png&#8221; title_text=&#8221;Schermata 2023-06-28 alle 10.48.45&#8243; _builder_version=&#8221;4.21.0&#8243; _module_preset=&#8221;default&#8221; custom_margin=&#8221;-5px||||false|false&#8221; custom_padding=&#8221;52px|||||&#8221; global_colors_info=&#8221;{}&#8221;][\/et_pb_image][\/et_pb_column][et_pb_column type=&#8221;1_4&#8243; _builder_version=&#8221;4.21.0&#8243; _module_preset=&#8221;default&#8221; global_colors_info=&#8221;{}&#8221;][et_pb_text _builder_version=&#8221;4.21.0&#8243; _module_preset=&#8221;default&#8221; text_font=&#8221;Montserrat|600|||||||&#8221; text_text_color=&#8221;#0965a2&#8243; text_font_size=&#8221;15px&#8221; header_font_size=&#8221;33px&#8221; module_alignment=&#8221;center&#8221; custom_margin=&#8221;25px||||false|false&#8221; custom_padding=&#8221;22px|29px||2px||&#8221; global_colors_info=&#8221;{}&#8221;]<\/p>\n<p>Campania<\/p>\n<p>[\/et_pb_text][et_pb_icon font_icon=&#8221;&#xf276;||fa||900&#8243; icon_color=&#8221;#0965a2&#8243; icon_width=&#8221;23px&#8221; align=&#8221;left&#8221; _builder_version=&#8221;4.21.0&#8243; _module_preset=&#8221;default&#8221; custom_margin=&#8221;-114px|||-36px|false|false&#8221; custom_padding=&#8221;55px|91px||0px||&#8221; locked=&#8221;off&#8221; global_colors_info=&#8221;{}&#8221;][\/et_pb_icon][et_pb_text _builder_version=&#8221;4.21.0&#8243; _module_preset=&#8221;default&#8221; text_font=&#8221;Montserrat|600|||||||&#8221; text_text_color=&#8221;#0965a2&#8243; text_font_size=&#8221;16px&#8221; header_font=&#8221;Montserrat||||||||&#8221; text_orientation=&#8221;justified&#8221; custom_margin=&#8221;-20px|20px|-21px|-46px|false|false&#8221; custom_padding=&#8221;|0px||7px||&#8221; link_option_url=&#8221;https:\/\/www.comune.oristano.it\/it\/novita\/news\/Costa-Diadema-Test-riuscito-per-il-turismo-da-crociera-a-Oristano\/#!#:~:text=Oristano%20gioca%20la%20carta%20del,scoperta%20del%20territorio%20di%20Oristano.&#8221; global_colors_info=&#8221;{}&#8221;]<\/p>\n<p><span style=\"color: #02385c;\"><\/span><\/p>\n<p><span style=\"color: #02385c;\">Universit\u00e0 degli Studi di Salerno<\/span><span style=\"color: #02385c;\"><\/span><\/p>\n<p>[\/et_pb_text][et_pb_button button_url=&#8221;https:\/\/www.unisa.it&#8221; button_text=&#8221;Scopri di pi\u00f9&#8221; _builder_version=&#8221;4.21.0&#8243; _module_preset=&#8221;default&#8221; custom_button=&#8221;on&#8221; button_text_size=&#8221;13px&#8221; button_text_color=&#8221;#0965a2&#8243; button_bg_color=&#8221;#FFFFFF&#8221; button_font=&#8221;Montserrat||||||||&#8221; custom_margin=&#8221;44px|||14px|false|false&#8221; button_bg_color_last_edited=&#8221;off|desktop&#8221; global_colors_info=&#8221;{}&#8221; button_bg_color__hover_enabled=&#8221;on|hover&#8221; button_bg_color__hover=&#8221;#4d9cad&#8221; button_bg_enable_color__hover=&#8221;on&#8221; button_text_color__hover_enabled=&#8221;on|hover&#8221; button_text_color__hover=&#8221;#FFFFFF&#8221;][\/et_pb_button][\/et_pb_column][\/et_pb_row][et_pb_row column_structure=&#8221;1_4,1_4,1_4,1_4&#8243; _builder_version=&#8221;4.21.0&#8243; _module_preset=&#8221;default&#8221; max_width=&#8221;1130px&#8221; custom_margin=&#8221;20px|185px||185px|false|true&#8221; custom_css_before=&#8221;.desktop-onlyalign-content&#8221; global_colors_info=&#8221;{}&#8221; custom_css_before_tablet=&#8221;.desktop-onlyalign-content&#8221; custom_css_before_phone=&#8221;.desktop-onlyalign-content&#8221; custom_css_before_last_edited=&#8221;on|desktop&#8221;][et_pb_column type=&#8221;1_4&#8243; _builder_version=&#8221;4.21.0&#8243; _module_preset=&#8221;default&#8221; global_colors_info=&#8221;{}&#8221;][et_pb_image src=&#8221;https:\/\/informacitta.oristano.studioprogetto2.it\/wp-content\/uploads\/2023\/06\/Schermata-2023-06-28-alle-10.48.52.png&#8221; title_text=&#8221;Schermata 2023-06-28 alle 10.48.52&#8243; _builder_version=&#8221;4.21.0&#8243; _module_preset=&#8221;default&#8221; custom_padding=&#8221;45px|||||&#8221; global_colors_info=&#8221;{}&#8221;][\/et_pb_image][\/et_pb_column][et_pb_column type=&#8221;1_4&#8243; _builder_version=&#8221;4.21.0&#8243; _module_preset=&#8221;default&#8221; global_colors_info=&#8221;{}&#8221;][et_pb_text _builder_version=&#8221;4.21.0&#8243; _module_preset=&#8221;default&#8221; text_font=&#8221;Montserrat|600|||||||&#8221; text_text_color=&#8221;#0965a2&#8243; text_font_size=&#8221;15px&#8221; header_font_size=&#8221;33px&#8221; module_alignment=&#8221;center&#8221; custom_margin=&#8221;25px||||false|false&#8221; custom_padding=&#8221;22px|29px||2px||&#8221; global_colors_info=&#8221;{}&#8221;]<\/p>\n<p>Piemonte<\/p>\n<p>[\/et_pb_text][et_pb_icon font_icon=&#8221;&#xf276;||fa||900&#8243; icon_color=&#8221;#0965a2&#8243; icon_width=&#8221;23px&#8221; align=&#8221;left&#8221; _builder_version=&#8221;4.21.0&#8243; _module_preset=&#8221;default&#8221; custom_margin=&#8221;-114px|||-36px|false|false&#8221; custom_padding=&#8221;55px|91px||0px||&#8221; locked=&#8221;off&#8221; global_colors_info=&#8221;{}&#8221;][\/et_pb_icon][et_pb_text _builder_version=&#8221;4.21.0&#8243; _module_preset=&#8221;default&#8221; text_font=&#8221;Montserrat|600|||||||&#8221; text_text_color=&#8221;#0965a2&#8243; text_font_size=&#8221;16px&#8221; header_font=&#8221;Montserrat||||||||&#8221; text_orientation=&#8221;justified&#8221; custom_margin=&#8221;-25px|12px|25px|-46px|false|false&#8221; custom_padding=&#8221;|0px|0px|||&#8221; global_colors_info=&#8221;{}&#8221;]<\/p>\n<p><span style=\"color: #02385c;\"><\/span><\/p>\n<p><span style=\"color: #02385c;\">Universit\u00e0 di Scienze Gastronomiche di Pollenzo<br \/><\/span><\/p>\n<p>[\/et_pb_text][et_pb_button button_url=&#8221;https:\/\/www.googleadservices.com\/pagead\/aclk?sa=L&#038;ai=DChcSEwjtl_vh2eX_AhUHi4MHHeK6BY0YABAAGgJlZg&#038;ae=2&#038;ohost=www.google.com&#038;cid=CAESaOD2PYs8uJCzvO6inS_bq_7YVFgDOa6EqKAUqVhVWIJFLHR2kDi6UednJjcBvPhQq5ZO9PUosG2F928x47bvDYk2G1ggzT4qErdXFuCdgzJPi0YNPcb8Hn9BEsv4C9Mi6w5zciPIyfVz&#038;sig=AOD64_3SuySCJ7CHSJ9FXfR8eNyWuu5uiw&#038;q&#038;adurl&#038;ved=2ahUKEwiW0vPh2eX_AhU3h_0HHfZzB40Q0Qx6BAgDEAE&#038;nis=8&#038;dct=1&#8243; button_text=&#8221;Scopri di pi\u00f9&#8221; _builder_version=&#8221;4.21.0&#8243; _module_preset=&#8221;default&#8221; custom_button=&#8221;on&#8221; button_text_size=&#8221;13px&#8221; button_text_color=&#8221;#0965a2&#8243; button_bg_color=&#8221;#FFFFFF&#8221; button_font=&#8221;Montserrat||||||||&#8221; custom_margin=&#8221;21px|96px||18px|false|false&#8221; button_bg_color_last_edited=&#8221;off|desktop&#8221; global_colors_info=&#8221;{}&#8221; button_bg_color__hover_enabled=&#8221;on|hover&#8221; button_bg_color__hover=&#8221;#4d9cad&#8221; button_bg_enable_color__hover=&#8221;on&#8221; button_text_color__hover_enabled=&#8221;on|hover&#8221; button_text_color__hover=&#8221;#FFFFFF&#8221;][\/et_pb_button][\/et_pb_column][et_pb_column type=&#8221;1_4&#8243; _builder_version=&#8221;4.21.0&#8243; _module_preset=&#8221;default&#8221; global_colors_info=&#8221;{}&#8221;][et_pb_image src=&#8221;https:\/\/informacitta.oristano.studioprogetto2.it\/wp-content\/uploads\/2023\/06\/Schermata-2023-06-28-alle-10.48.58.png&#8221; title_text=&#8221;Schermata 2023-06-28 alle 10.48.58&#8243; _builder_version=&#8221;4.21.0&#8243; _module_preset=&#8221;default&#8221; custom_margin=&#8221;-10px||||false|false&#8221; custom_padding=&#8221;52px|||||&#8221; global_colors_info=&#8221;{}&#8221;][\/et_pb_image][\/et_pb_column][et_pb_column type=&#8221;1_4&#8243; _builder_version=&#8221;4.21.0&#8243; _module_preset=&#8221;default&#8221; global_colors_info=&#8221;{}&#8221;][et_pb_text _builder_version=&#8221;4.21.0&#8243; _module_preset=&#8221;default&#8221; text_font=&#8221;Montserrat|600|||||||&#8221; text_text_color=&#8221;#0965a2&#8243; text_font_size=&#8221;15px&#8221; header_font_size=&#8221;33px&#8221; module_alignment=&#8221;center&#8221; custom_margin=&#8221;25px||||false|false&#8221; custom_padding=&#8221;22px|29px||2px||&#8221; global_colors_info=&#8221;{}&#8221;]<\/p>\n<p>Toscana<\/p>\n<p>[\/et_pb_text][et_pb_icon font_icon=&#8221;&#xf276;||fa||900&#8243; icon_color=&#8221;#0965a2&#8243; icon_width=&#8221;23px&#8221; align=&#8221;left&#8221; _builder_version=&#8221;4.21.0&#8243; _module_preset=&#8221;default&#8221; custom_margin=&#8221;-114px|||-36px|false|false&#8221; custom_padding=&#8221;55px|91px||0px||&#8221; locked=&#8221;off&#8221; global_colors_info=&#8221;{}&#8221;][\/et_pb_icon][et_pb_text _builder_version=&#8221;4.21.0&#8243; _module_preset=&#8221;default&#8221; text_font=&#8221;Montserrat|600|||||||&#8221; text_text_color=&#8221;#0965a2&#8243; text_font_size=&#8221;16px&#8221; header_font=&#8221;Montserrat||||||||&#8221; text_orientation=&#8221;justified&#8221; custom_margin=&#8221;-14px|20px|-10px|-36px|false|false&#8221; custom_padding=&#8221;|0px||7px||&#8221; link_option_url=&#8221;https:\/\/www.comune.oristano.it\/it\/novita\/news\/Costa-Diadema-Test-riuscito-per-il-turismo-da-crociera-a-Oristano\/#!#:~:text=Oristano%20gioca%20la%20carta%20del,scoperta%20del%20territorio%20di%20Oristano.&#8221; global_colors_info=&#8221;{}&#8221;]<\/p>\n<p><span style=\"color: #02385c;\">Universit\u00e0 degli Studi di Siena<\/span><span style=\"color: #02385c;\"><\/span><\/p>\n<p>[\/et_pb_text][et_pb_button button_url=&#8221;https:\/\/www.unisi.it&#8221; button_text=&#8221;Scopri di pi\u00f9&#8221; _builder_version=&#8221;4.21.0&#8243; _module_preset=&#8221;default&#8221; custom_button=&#8221;on&#8221; button_text_size=&#8221;13px&#8221; button_text_color=&#8221;#0965a2&#8243; button_bg_color=&#8221;#FFFFFF&#8221; button_font=&#8221;Montserrat||||||||&#8221; custom_margin=&#8221;41px|||14px|false|false&#8221; button_bg_color_last_edited=&#8221;off|desktop&#8221; global_colors_info=&#8221;{}&#8221; button_bg_color__hover_enabled=&#8221;on|hover&#8221; button_bg_color__hover=&#8221;#4d9cad&#8221; button_bg_enable_color__hover=&#8221;on&#8221; button_text_color__hover_enabled=&#8221;on|hover&#8221; button_text_color__hover=&#8221;#FFFFFF&#8221;][\/et_pb_button][\/et_pb_column][\/et_pb_row][et_pb_row column_structure=&#8221;1_4,1_4,1_4,1_4&#8243; _builder_version=&#8221;4.21.0&#8243; _module_preset=&#8221;default&#8221; max_width=&#8221;1130px&#8221; custom_margin=&#8221;20px|185px||185px|false|true&#8221; custom_css_before=&#8221;.desktop-onlyalign-content&#8221; global_colors_info=&#8221;{}&#8221; custom_css_before_tablet=&#8221;.desktop-onlyalign-content&#8221; custom_css_before_phone=&#8221;.desktop-onlyalign-content&#8221; custom_css_before_last_edited=&#8221;on|desktop&#8221;][et_pb_column type=&#8221;1_4&#8243; _builder_version=&#8221;4.21.0&#8243; _module_preset=&#8221;default&#8221; global_colors_info=&#8221;{}&#8221;][et_pb_image src=&#8221;https:\/\/informacitta.oristano.studioprogetto2.it\/wp-content\/uploads\/2023\/06\/Schermata-2023-06-28-alle-10.53.15.png&#8221; title_text=&#8221;Schermata 2023-06-28 alle 10.53.15&#8243; _builder_version=&#8221;4.21.0&#8243; _module_preset=&#8221;default&#8221; custom_padding=&#8221;45px|||||&#8221; global_colors_info=&#8221;{}&#8221;][\/et_pb_image][\/et_pb_column][et_pb_column type=&#8221;1_4&#8243; _builder_version=&#8221;4.21.0&#8243; _module_preset=&#8221;default&#8221; global_colors_info=&#8221;{}&#8221;][et_pb_text _builder_version=&#8221;4.21.0&#8243; _module_preset=&#8221;default&#8221; text_font=&#8221;Montserrat|600|||||||&#8221; text_text_color=&#8221;#0965a2&#8243; text_font_size=&#8221;15px&#8221; header_font_size=&#8221;33px&#8221; module_alignment=&#8221;center&#8221; custom_margin=&#8221;25px||||false|false&#8221; custom_padding=&#8221;22px|29px||2px||&#8221; global_colors_info=&#8221;{}&#8221;]<\/p>\n<p>Toscana<\/p>\n<p>[\/et_pb_text][et_pb_icon font_icon=&#8221;&#xf276;||fa||900&#8243; icon_color=&#8221;#0965a2&#8243; icon_width=&#8221;23px&#8221; align=&#8221;left&#8221; _builder_version=&#8221;4.21.0&#8243; _module_preset=&#8221;default&#8221; custom_margin=&#8221;-114px|||-36px|false|false&#8221; custom_padding=&#8221;55px|91px||0px||&#8221; locked=&#8221;off&#8221; global_colors_info=&#8221;{}&#8221;][\/et_pb_icon][et_pb_text _builder_version=&#8221;4.21.0&#8243; _module_preset=&#8221;default&#8221; text_font=&#8221;Montserrat|600|||||||&#8221; text_text_color=&#8221;#0965a2&#8243; text_font_size=&#8221;16px&#8221; header_font=&#8221;Montserrat||||||||&#8221; text_orientation=&#8221;justified&#8221; custom_margin=&#8221;-20px|12px|42px|-39px|false|false&#8221; custom_padding=&#8221;|0px|0px|||&#8221; global_colors_info=&#8221;{}&#8221;]<\/p>\n<p><span style=\"color: #02385c;\"><\/span><\/p>\n<p><span style=\"color: #02385c;\">Universit\u00e0 per Stranieri di Siena<br \/><\/span><\/p>\n<p>[\/et_pb_text][et_pb_button button_url=&#8221;https:\/\/www.unistrasi.it\/home.asp&#8221; button_text=&#8221;Scopri di pi\u00f9&#8221; _builder_version=&#8221;4.21.0&#8243; _module_preset=&#8221;default&#8221; custom_button=&#8221;on&#8221; button_text_size=&#8221;13px&#8221; button_text_color=&#8221;#0965a2&#8243; button_bg_color=&#8221;#FFFFFF&#8221; button_font=&#8221;Montserrat||||||||&#8221; custom_margin=&#8221;33px|96px||18px|false|false&#8221; button_bg_color_last_edited=&#8221;off|desktop&#8221; global_colors_info=&#8221;{}&#8221; button_bg_color__hover_enabled=&#8221;on|hover&#8221; button_bg_color__hover=&#8221;#4d9cad&#8221; button_bg_enable_color__hover=&#8221;on&#8221; button_text_color__hover_enabled=&#8221;on|hover&#8221; button_text_color__hover=&#8221;#FFFFFF&#8221;][\/et_pb_button][\/et_pb_column][et_pb_column type=&#8221;1_4&#8243; _builder_version=&#8221;4.21.0&#8243; _module_preset=&#8221;default&#8221; global_colors_info=&#8221;{}&#8221;][et_pb_image src=&#8221;https:\/\/informacitta.oristano.studioprogetto2.it\/wp-content\/uploads\/2023\/06\/Schermata-2023-06-28-alle-10.53.49.png&#8221; title_text=&#8221;Schermata 2023-06-28 alle 10.53.49&#8243; _builder_version=&#8221;4.21.0&#8243; _module_preset=&#8221;default&#8221; custom_padding=&#8221;52px|||||&#8221; global_colors_info=&#8221;{}&#8221;][\/et_pb_image][\/et_pb_column][et_pb_column type=&#8221;1_4&#8243; _builder_version=&#8221;4.21.0&#8243; _module_preset=&#8221;default&#8221; global_colors_info=&#8221;{}&#8221;][et_pb_text _builder_version=&#8221;4.21.0&#8243; _module_preset=&#8221;default&#8221; text_font=&#8221;Montserrat|600|||||||&#8221; text_text_color=&#8221;#0965a2&#8243; text_font_size=&#8221;15px&#8221; header_font_size=&#8221;33px&#8221; module_alignment=&#8221;center&#8221; custom_margin=&#8221;25px||||false|false&#8221; custom_padding=&#8221;22px|29px||2px||&#8221; global_colors_info=&#8221;{}&#8221;]<\/p>\n<p>Lazio<\/p>\n<p>[\/et_pb_text][et_pb_icon font_icon=&#8221;&#xf276;||fa||900&#8243; icon_color=&#8221;#0965a2&#8243; icon_width=&#8221;23px&#8221; align=&#8221;left&#8221; _builder_version=&#8221;4.21.0&#8243; _module_preset=&#8221;default&#8221; custom_margin=&#8221;-114px|||-36px|false|false&#8221; custom_padding=&#8221;55px|91px||0px||&#8221; locked=&#8221;off&#8221; global_colors_info=&#8221;{}&#8221;][\/et_pb_icon][et_pb_text _builder_version=&#8221;4.21.0&#8243; _module_preset=&#8221;default&#8221; text_font=&#8221;Montserrat|600|||||||&#8221; text_text_color=&#8221;#0965a2&#8243; text_font_size=&#8221;16px&#8221; header_font=&#8221;Montserrat||||||||&#8221; text_orientation=&#8221;justified&#8221; custom_margin=&#8221;-23px|20px|27px|-46px|false|false&#8221; custom_padding=&#8221;|0px||7px||&#8221; link_option_url=&#8221;https:\/\/www.comune.oristano.it\/it\/novita\/news\/Costa-Diadema-Test-riuscito-per-il-turismo-da-crociera-a-Oristano\/#!#:~:text=Oristano%20gioca%20la%20carta%20del,scoperta%20del%20territorio%20di%20Oristano.&#8221; global_colors_info=&#8221;{}&#8221;]<\/p>\n<p><span style=\"color: #02385c;\"><\/span><\/p>\n<p><span style=\"color: #02385c;\">Universit\u00e0\u00a0degli Studi Internazionali di Roma<\/span><span style=\"color: #02385c;\"><\/span><\/p>\n<p>[\/et_pb_text][et_pb_button button_url=&#8221;https:\/\/www.unint.eu&#8221; button_text=&#8221;Scopri di pi\u00f9&#8221; _builder_version=&#8221;4.21.0&#8243; _module_preset=&#8221;default&#8221; custom_button=&#8221;on&#8221; button_text_size=&#8221;13px&#8221; button_text_color=&#8221;#0965a2&#8243; button_bg_color=&#8221;#FFFFFF&#8221; button_font=&#8221;Montserrat||||||||&#8221; custom_margin=&#8221;19px|||14px|false|false&#8221; button_bg_color_last_edited=&#8221;off|desktop&#8221; global_colors_info=&#8221;{}&#8221; button_bg_color__hover_enabled=&#8221;on|hover&#8221; button_bg_color__hover=&#8221;#4d9cad&#8221; button_bg_enable_color__hover=&#8221;on&#8221; button_text_color__hover_enabled=&#8221;on|hover&#8221; button_text_color__hover=&#8221;#FFFFFF&#8221;][\/et_pb_button][\/et_pb_column][\/et_pb_row][et_pb_row column_structure=&#8221;1_4,1_4,1_4,1_4&#8243; _builder_version=&#8221;4.21.0&#8243; _module_preset=&#8221;default&#8221; max_width=&#8221;1130px&#8221; custom_margin=&#8221;20px|185px||185px|false|true&#8221; custom_css_before=&#8221;.desktop-onlyalign-content&#8221; global_colors_info=&#8221;{}&#8221; custom_css_before_tablet=&#8221;.desktop-onlyalign-content&#8221; custom_css_before_phone=&#8221;.desktop-onlyalign-content&#8221; custom_css_before_last_edited=&#8221;on|desktop&#8221;][et_pb_column type=&#8221;1_4&#8243; _builder_version=&#8221;4.21.0&#8243; _module_preset=&#8221;default&#8221; global_colors_info=&#8221;{}&#8221;][et_pb_image src=&#8221;https:\/\/informacitta.oristano.studioprogetto2.it\/wp-content\/uploads\/2023\/06\/Schermata-2023-06-28-alle-10.55.06.png&#8221; title_text=&#8221;Schermata 2023-06-28 alle 10.55.06&#8243; _builder_version=&#8221;4.21.0&#8243; _module_preset=&#8221;default&#8221; custom_padding=&#8221;45px|||||&#8221; global_colors_info=&#8221;{}&#8221;][\/et_pb_image][\/et_pb_column][et_pb_column type=&#8221;1_4&#8243; _builder_version=&#8221;4.21.0&#8243; _module_preset=&#8221;default&#8221; global_colors_info=&#8221;{}&#8221;][et_pb_text _builder_version=&#8221;4.21.0&#8243; _module_preset=&#8221;default&#8221; text_font=&#8221;Montserrat|600|||||||&#8221; text_text_color=&#8221;#0965a2&#8243; text_font_size=&#8221;15px&#8221; header_font_size=&#8221;33px&#8221; module_alignment=&#8221;center&#8221; custom_margin=&#8221;25px||||false|false&#8221; custom_padding=&#8221;22px|29px||2px||&#8221; global_colors_info=&#8221;{}&#8221;]<\/p>\n<p>Abruzzo<\/p>\n<p>[\/et_pb_text][et_pb_icon font_icon=&#8221;&#xf276;||fa||900&#8243; icon_color=&#8221;#0965a2&#8243; icon_width=&#8221;23px&#8221; align=&#8221;left&#8221; _builder_version=&#8221;4.21.0&#8243; _module_preset=&#8221;default&#8221; custom_margin=&#8221;-114px|||-36px|false|false&#8221; custom_padding=&#8221;55px|91px||0px||&#8221; locked=&#8221;off&#8221; global_colors_info=&#8221;{}&#8221;][\/et_pb_icon][et_pb_text _builder_version=&#8221;4.21.0&#8243; _module_preset=&#8221;default&#8221; text_font=&#8221;Montserrat|600|||||||&#8221; text_text_color=&#8221;#0965a2&#8243; text_font_size=&#8221;16px&#8221; header_font=&#8221;Montserrat||||||||&#8221; text_orientation=&#8221;justified&#8221; custom_margin=&#8221;-22px|12px|-20px|-34px|false|false&#8221; custom_padding=&#8221;|0px|0px|||&#8221; global_colors_info=&#8221;{}&#8221;]<\/p>\n<p><span style=\"color: #02385c;\"><\/span><\/p>\n<p><span style=\"color: #02385c;\">Universit\u00e0 degli Studi di Teramo<br \/><\/span><\/p>\n<p>[\/et_pb_text][et_pb_button button_url=&#8221;https:\/\/www.unite.it\/UniTE\/&#8221; button_text=&#8221;Scopri di pi\u00f9&#8221; _builder_version=&#8221;4.21.0&#8243; _module_preset=&#8221;default&#8221; custom_button=&#8221;on&#8221; button_text_size=&#8221;13px&#8221; button_text_color=&#8221;#0965a2&#8243; button_bg_color=&#8221;#FFFFFF&#8221; button_font=&#8221;Montserrat||||||||&#8221; custom_margin=&#8221;44px|96px||18px|false|false&#8221; button_bg_color_last_edited=&#8221;off|desktop&#8221; global_colors_info=&#8221;{}&#8221; button_bg_color__hover_enabled=&#8221;on|hover&#8221; button_bg_color__hover=&#8221;#4d9cad&#8221; button_bg_enable_color__hover=&#8221;on&#8221; button_text_color__hover_enabled=&#8221;on|hover&#8221; button_text_color__hover=&#8221;#FFFFFF&#8221;][\/et_pb_button][\/et_pb_column][et_pb_column type=&#8221;1_4&#8243; _builder_version=&#8221;4.21.0&#8243; _module_preset=&#8221;default&#8221; global_colors_info=&#8221;{}&#8221;][et_pb_image src=&#8221;https:\/\/informacitta.oristano.studioprogetto2.it\/wp-content\/uploads\/2023\/06\/Schermata-2023-06-28-alle-10.55.13.png&#8221; title_text=&#8221;Schermata 2023-06-28 alle 10.55.13&#8243; _builder_version=&#8221;4.21.0&#8243; _module_preset=&#8221;default&#8221; custom_margin=&#8221;-5px||||false|false&#8221; custom_padding=&#8221;52px|||||&#8221; global_colors_info=&#8221;{}&#8221;][\/et_pb_image][\/et_pb_column][et_pb_column type=&#8221;1_4&#8243; _builder_version=&#8221;4.21.0&#8243; _module_preset=&#8221;default&#8221; global_colors_info=&#8221;{}&#8221;][et_pb_text _builder_version=&#8221;4.21.0&#8243; _module_preset=&#8221;default&#8221; text_font=&#8221;Montserrat|600|||||||&#8221; text_text_color=&#8221;#0965a2&#8243; text_font_size=&#8221;15px&#8221; header_font_size=&#8221;33px&#8221; module_alignment=&#8221;center&#8221; custom_margin=&#8221;25px||||false|false&#8221; custom_padding=&#8221;22px|29px||2px||&#8221; global_colors_info=&#8221;{}&#8221;]<\/p>\n<p>Piemonte<\/p>\n<p>[\/et_pb_text][et_pb_icon font_icon=&#8221;&#xf276;||fa||900&#8243; icon_color=&#8221;#0965a2&#8243; icon_width=&#8221;23px&#8221; align=&#8221;left&#8221; _builder_version=&#8221;4.21.0&#8243; _module_preset=&#8221;default&#8221; custom_margin=&#8221;-114px|||-36px|false|false&#8221; custom_padding=&#8221;55px|91px||0px||&#8221; locked=&#8221;off&#8221; global_colors_info=&#8221;{}&#8221;][\/et_pb_icon][et_pb_text _builder_version=&#8221;4.21.0&#8243; _module_preset=&#8221;default&#8221; text_font=&#8221;Montserrat|600|||||||&#8221; text_text_color=&#8221;#0965a2&#8243; text_font_size=&#8221;16px&#8221; header_font=&#8221;Montserrat||||||||&#8221; text_orientation=&#8221;justified&#8221; custom_margin=&#8221;-27px|20px|-16px|-42px|false|false&#8221; custom_padding=&#8221;|0px||7px||&#8221; link_option_url=&#8221;https:\/\/www.comune.oristano.it\/it\/novita\/news\/Costa-Diadema-Test-riuscito-per-il-turismo-da-crociera-a-Oristano\/#!#:~:text=Oristano%20gioca%20la%20carta%20del,scoperta%20del%20territorio%20di%20Oristano.&#8221; global_colors_info=&#8221;{}&#8221;]<\/p>\n<p><span style=\"color: #02385c;\"><\/span><\/p>\n<p><span style=\"color: #02385c;\">Universit\u00e0 degli Studi di Torino<\/span><span style=\"color: #02385c;\"><\/span><\/p>\n<p>[\/et_pb_text][et_pb_button button_url=&#8221;https:\/\/www.unito.it&#8221; button_text=&#8221;Scopri di pi\u00f9&#8221; _builder_version=&#8221;4.21.0&#8243; _module_preset=&#8221;default&#8221; custom_button=&#8221;on&#8221; button_text_size=&#8221;13px&#8221; button_text_color=&#8221;#0965a2&#8243; button_bg_color=&#8221;#FFFFFF&#8221; button_font=&#8221;Montserrat||||||||&#8221; custom_margin=&#8221;42px|||14px|false|false&#8221; button_bg_color_last_edited=&#8221;off|desktop&#8221; global_colors_info=&#8221;{}&#8221; button_bg_color__hover_enabled=&#8221;on|hover&#8221; button_bg_color__hover=&#8221;#4d9cad&#8221; button_bg_enable_color__hover=&#8221;on&#8221; button_text_color__hover_enabled=&#8221;on|hover&#8221; button_text_color__hover=&#8221;#FFFFFF&#8221;][\/et_pb_button][\/et_pb_column][\/et_pb_row][et_pb_row column_structure=&#8221;1_4,1_4,1_4,1_4&#8243; _builder_version=&#8221;4.21.0&#8243; _module_preset=&#8221;default&#8221; max_width=&#8221;1130px&#8221; custom_margin=&#8221;20px|185px||185px|false|true&#8221; custom_css_before=&#8221;.desktop-onlyalign-content&#8221; global_colors_info=&#8221;{}&#8221; custom_css_before_tablet=&#8221;.desktop-onlyalign-content&#8221; custom_css_before_phone=&#8221;.desktop-onlyalign-content&#8221; custom_css_before_last_edited=&#8221;on|desktop&#8221;][et_pb_column type=&#8221;1_4&#8243; _builder_version=&#8221;4.21.0&#8243; _module_preset=&#8221;default&#8221; global_colors_info=&#8221;{}&#8221;][et_pb_image src=&#8221;https:\/\/informacitta.oristano.studioprogetto2.it\/wp-content\/uploads\/2023\/06\/Schermata-2023-06-28-alle-10.54.31.png&#8221; title_text=&#8221;Schermata 2023-06-28 alle 10.54.31&#8243; _builder_version=&#8221;4.21.0&#8243; _module_preset=&#8221;default&#8221; custom_padding=&#8221;45px|||||&#8221; global_colors_info=&#8221;{}&#8221;][\/et_pb_image][\/et_pb_column][et_pb_column type=&#8221;1_4&#8243; _builder_version=&#8221;4.21.0&#8243; _module_preset=&#8221;default&#8221; global_colors_info=&#8221;{}&#8221;][et_pb_text _builder_version=&#8221;4.21.0&#8243; _module_preset=&#8221;default&#8221; text_font=&#8221;Montserrat|600|||||||&#8221; text_text_color=&#8221;#0965a2&#8243; text_font_size=&#8221;15px&#8221; header_font_size=&#8221;33px&#8221; module_alignment=&#8221;center&#8221; custom_margin=&#8221;25px||||false|false&#8221; custom_padding=&#8221;22px|29px||2px||&#8221; global_colors_info=&#8221;{}&#8221;]<\/p>\n<p>Piemonte<\/p>\n<p>[\/et_pb_text][et_pb_icon font_icon=&#8221;&#xf276;||fa||900&#8243; icon_color=&#8221;#0965a2&#8243; icon_width=&#8221;23px&#8221; align=&#8221;left&#8221; _builder_version=&#8221;4.21.0&#8243; _module_preset=&#8221;default&#8221; custom_margin=&#8221;-114px|||-36px|false|false&#8221; custom_padding=&#8221;55px|91px||0px||&#8221; locked=&#8221;off&#8221; global_colors_info=&#8221;{}&#8221;][\/et_pb_icon][et_pb_text _builder_version=&#8221;4.21.0&#8243; _module_preset=&#8221;default&#8221; text_font=&#8221;Montserrat|600|||||||&#8221; text_text_color=&#8221;#0965a2&#8243; text_font_size=&#8221;16px&#8221; header_font=&#8221;Montserrat||||||||&#8221; text_orientation=&#8221;justified&#8221; custom_margin=&#8221;-20px|12px|3px|-33px||&#8221; custom_padding=&#8221;|0px|0px|||&#8221; global_colors_info=&#8221;{}&#8221;]<\/p>\n<p style=\"text-align: left;\"><span style=\"color: #02385c;\"><\/span><\/p>\n<p style=\"text-align: left;\"><span style=\"color: #02385c;\"><span style=\"caret-color: #02385c;\">\u00a0Politecnico<\/span>\u00a0di Torino<\/span><\/p>\n<p>[\/et_pb_text][et_pb_button button_url=&#8221;https:\/\/www.polito.it&#8221; button_text=&#8221;Scopri di pi\u00f9&#8221; _builder_version=&#8221;4.21.0&#8243; _module_preset=&#8221;default&#8221; custom_button=&#8221;on&#8221; button_text_size=&#8221;13px&#8221; button_text_color=&#8221;#0965a2&#8243; button_bg_color=&#8221;#FFFFFF&#8221; button_font=&#8221;Montserrat||||||||&#8221; custom_margin=&#8221;43px|96px||18px|false|false&#8221; button_bg_color_last_edited=&#8221;off|desktop&#8221; global_colors_info=&#8221;{}&#8221; button_bg_color__hover_enabled=&#8221;on|hover&#8221; button_bg_color__hover=&#8221;#4d9cad&#8221; button_bg_enable_color__hover=&#8221;on&#8221; button_text_color__hover_enabled=&#8221;on|hover&#8221; button_text_color__hover=&#8221;#FFFFFF&#8221;][\/et_pb_button][\/et_pb_column][et_pb_column type=&#8221;1_4&#8243; _builder_version=&#8221;4.21.0&#8243; _module_preset=&#8221;default&#8221; global_colors_info=&#8221;{}&#8221;][et_pb_image src=&#8221;https:\/\/informacitta.oristano.studioprogetto2.it\/wp-content\/uploads\/2023\/06\/Schermata-2023-06-28-alle-10.54.38.png&#8221; title_text=&#8221;Schermata 2023-06-28 alle 10.54.38&#8243; _builder_version=&#8221;4.21.0&#8243; _module_preset=&#8221;default&#8221; custom_margin=&#8221;-10px||||false|false&#8221; custom_padding=&#8221;52px|||||&#8221; global_colors_info=&#8221;{}&#8221;][\/et_pb_image][\/et_pb_column][et_pb_column type=&#8221;1_4&#8243; _builder_version=&#8221;4.21.0&#8243; _module_preset=&#8221;default&#8221; global_colors_info=&#8221;{}&#8221;][et_pb_text _builder_version=&#8221;4.21.0&#8243; _module_preset=&#8221;default&#8221; text_font=&#8221;Montserrat|600|||||||&#8221; text_text_color=&#8221;#0965a2&#8243; text_font_size=&#8221;15px&#8221; header_font_size=&#8221;33px&#8221; module_alignment=&#8221;center&#8221; custom_margin=&#8221;25px||||false|false&#8221; custom_padding=&#8221;22px|29px||2px||&#8221; global_colors_info=&#8221;{}&#8221;]<\/p>\n<p>Friuli Venezia Giulia<\/p>\n<p>[\/et_pb_text][et_pb_icon font_icon=&#8221;&#xf276;||fa||900&#8243; icon_color=&#8221;#0965a2&#8243; icon_width=&#8221;23px&#8221; align=&#8221;left&#8221; _builder_version=&#8221;4.21.0&#8243; _module_preset=&#8221;default&#8221; custom_margin=&#8221;-114px|||-36px|false|false&#8221; custom_padding=&#8221;55px|91px||0px||&#8221; locked=&#8221;off&#8221; global_colors_info=&#8221;{}&#8221;][\/et_pb_icon][et_pb_text _builder_version=&#8221;4.21.0&#8243; _module_preset=&#8221;default&#8221; text_font=&#8221;Montserrat|600|||||||&#8221; text_text_color=&#8221;#0965a2&#8243; text_font_size=&#8221;16px&#8221; header_font=&#8221;Montserrat||||||||&#8221; text_orientation=&#8221;justified&#8221; custom_margin=&#8221;-24px|20px|-17px|-46px|false|false&#8221; custom_padding=&#8221;|0px||7px||&#8221; link_option_url=&#8221;https:\/\/www.comune.oristano.it\/it\/novita\/news\/Costa-Diadema-Test-riuscito-per-il-turismo-da-crociera-a-Oristano\/#!#:~:text=Oristano%20gioca%20la%20carta%20del,scoperta%20del%20territorio%20di%20Oristano.&#8221; global_colors_info=&#8221;{}&#8221;]<\/p>\n<p><span style=\"color: #02385c;\"><\/span><\/p>\n<p><span style=\"color: #02385c;\">Universit\u00e0 degli Studi di Trieste<\/span><span style=\"color: #02385c;\"><\/span><\/p>\n<p>[\/et_pb_text][et_pb_button button_url=&#8221;https:\/\/www.units.it&#8221; button_text=&#8221;Scopri di pi\u00f9&#8221; _builder_version=&#8221;4.21.0&#8243; _module_preset=&#8221;default&#8221; custom_button=&#8221;on&#8221; button_text_size=&#8221;13px&#8221; button_text_color=&#8221;#0965a2&#8243; button_bg_color=&#8221;#FFFFFF&#8221; button_font=&#8221;Montserrat||||||||&#8221; custom_margin=&#8221;40px|||14px|false|false&#8221; button_bg_color_last_edited=&#8221;off|desktop&#8221; global_colors_info=&#8221;{}&#8221; button_bg_color__hover_enabled=&#8221;on|hover&#8221; button_bg_color__hover=&#8221;#4d9cad&#8221; button_bg_enable_color__hover=&#8221;on&#8221; button_text_color__hover_enabled=&#8221;on|hover&#8221; button_text_color__hover=&#8221;#FFFFFF&#8221;][\/et_pb_button][\/et_pb_column][\/et_pb_row][et_pb_row column_structure=&#8221;1_4,1_4,1_4,1_4&#8243; _builder_version=&#8221;4.21.0&#8243; _module_preset=&#8221;default&#8221; max_width=&#8221;1130px&#8221; custom_margin=&#8221;20px|185px||185px|false|true&#8221; custom_css_before=&#8221;.desktop-onlyalign-content&#8221; global_colors_info=&#8221;{}&#8221; custom_css_before_tablet=&#8221;.desktop-onlyalign-content&#8221; custom_css_before_phone=&#8221;.desktop-onlyalign-content&#8221; custom_css_before_last_edited=&#8221;on|desktop&#8221;][et_pb_column type=&#8221;1_4&#8243; _builder_version=&#8221;4.21.0&#8243; _module_preset=&#8221;default&#8221; global_colors_info=&#8221;{}&#8221;][et_pb_image src=&#8221;https:\/\/informacitta.oristano.studioprogetto2.it\/wp-content\/uploads\/2023\/06\/Schermata-2023-06-28-alle-10.55.58.png&#8221; title_text=&#8221;Schermata 2023-06-28 alle 10.55.58&#8243; _builder_version=&#8221;4.21.0&#8243; _module_preset=&#8221;default&#8221; custom_padding=&#8221;45px|||||&#8221; global_colors_info=&#8221;{}&#8221;][\/et_pb_image][\/et_pb_column][et_pb_column type=&#8221;1_4&#8243; _builder_version=&#8221;4.21.0&#8243; _module_preset=&#8221;default&#8221; global_colors_info=&#8221;{}&#8221;][et_pb_text _builder_version=&#8221;4.21.0&#8243; _module_preset=&#8221;default&#8221; text_font=&#8221;Montserrat|600|||||||&#8221; text_text_color=&#8221;#0965a2&#8243; text_font_size=&#8221;15px&#8221; header_font_size=&#8221;33px&#8221; module_alignment=&#8221;center&#8221; custom_margin=&#8221;25px||||false|false&#8221; custom_padding=&#8221;22px|29px||2px||&#8221; global_colors_info=&#8221;{}&#8221;]<\/p>\n<p>Lazio<\/p>\n<p>[\/et_pb_text][et_pb_icon font_icon=&#8221;&#xf276;||fa||900&#8243; icon_color=&#8221;#0965a2&#8243; icon_width=&#8221;23px&#8221; align=&#8221;left&#8221; _builder_version=&#8221;4.21.0&#8243; _module_preset=&#8221;default&#8221; custom_margin=&#8221;-114px|||-36px|false|false&#8221; custom_padding=&#8221;55px|91px||0px||&#8221; locked=&#8221;off&#8221; global_colors_info=&#8221;{}&#8221;][\/et_pb_icon][et_pb_text _builder_version=&#8221;4.21.0&#8243; _module_preset=&#8221;default&#8221; text_font=&#8221;Montserrat|600|||||||&#8221; text_text_color=&#8221;#0965a2&#8243; text_font_size=&#8221;16px&#8221; header_font=&#8221;Montserrat||||||||&#8221; text_orientation=&#8221;justified&#8221; custom_margin=&#8221;-27px|12px|3px|-46px|false|false&#8221; custom_padding=&#8221;|0px|0px|||&#8221; global_colors_info=&#8221;{}&#8221;]<\/p>\n<p><span style=\"color: #02385c;\"><span style=\"caret-color: #02385c;\"><\/span><\/span><\/p>\n<p style=\"text-align: justify;\"><span style=\"color: #02385c;\"><span style=\"caret-color: #02385c;\">Universit\u00e0 Telematica degli Studi di Roma UnitelmaSapienza<\/span><\/span><\/p>\n<p>[\/et_pb_text][et_pb_button button_url=&#8221;https:\/\/www.unitelmasapienza.it&#8221; button_text=&#8221;Scopri di pi\u00f9&#8221; _builder_version=&#8221;4.21.0&#8243; _module_preset=&#8221;default&#8221; custom_button=&#8221;on&#8221; button_text_size=&#8221;13px&#8221; button_text_color=&#8221;#0965a2&#8243; button_bg_color=&#8221;#FFFFFF&#8221; button_font=&#8221;Montserrat||||||||&#8221; custom_margin=&#8221;24px|96px||18px|false|false&#8221; button_bg_color_last_edited=&#8221;off|desktop&#8221; global_colors_info=&#8221;{}&#8221; button_bg_color__hover_enabled=&#8221;on|hover&#8221; button_bg_color__hover=&#8221;#4d9cad&#8221; button_bg_enable_color__hover=&#8221;on&#8221; button_text_color__hover_enabled=&#8221;on|hover&#8221; button_text_color__hover=&#8221;#FFFFFF&#8221;][\/et_pb_button][\/et_pb_column][et_pb_column type=&#8221;1_4&#8243; _builder_version=&#8221;4.21.0&#8243; _module_preset=&#8221;default&#8221; global_colors_info=&#8221;{}&#8221;][et_pb_image src=&#8221;https:\/\/informacitta.oristano.studioprogetto2.it\/wp-content\/uploads\/2023\/06\/Schermata-2023-06-28-alle-10.56.07.png&#8221; title_text=&#8221;Schermata 2023-06-28 alle 10.56.07&#8243; _builder_version=&#8221;4.21.0&#8243; _module_preset=&#8221;default&#8221; custom_margin=&#8221;-6px||||false|false&#8221; custom_padding=&#8221;52px|||||&#8221; global_colors_info=&#8221;{}&#8221;][\/et_pb_image][\/et_pb_column][et_pb_column type=&#8221;1_4&#8243; _builder_version=&#8221;4.21.0&#8243; _module_preset=&#8221;default&#8221; global_colors_info=&#8221;{}&#8221;][et_pb_text _builder_version=&#8221;4.21.0&#8243; _module_preset=&#8221;default&#8221; text_font=&#8221;Montserrat|600|||||||&#8221; text_text_color=&#8221;#0965a2&#8243; text_font_size=&#8221;15px&#8221; header_font_size=&#8221;33px&#8221; module_alignment=&#8221;center&#8221; custom_margin=&#8221;25px||||false|false&#8221; custom_padding=&#8221;22px|29px||2px||&#8221; global_colors_info=&#8221;{}&#8221;]<\/p>\n<p>Marche<\/p>\n<p>[\/et_pb_text][et_pb_icon font_icon=&#8221;&#xf276;||fa||900&#8243; icon_color=&#8221;#0965a2&#8243; icon_width=&#8221;23px&#8221; align=&#8221;left&#8221; _builder_version=&#8221;4.21.0&#8243; _module_preset=&#8221;default&#8221; custom_margin=&#8221;-114px|||-36px|false|false&#8221; custom_padding=&#8221;55px|91px||0px||&#8221; locked=&#8221;off&#8221; global_colors_info=&#8221;{}&#8221;][\/et_pb_icon][et_pb_text _builder_version=&#8221;4.21.0&#8243; _module_preset=&#8221;default&#8221; text_font=&#8221;Montserrat|600|||||||&#8221; text_text_color=&#8221;#0965a2&#8243; text_font_size=&#8221;16px&#8221; header_font=&#8221;Montserrat||||||||&#8221; text_orientation=&#8221;justified&#8221; custom_margin=&#8221;-29px|20px|32px|-46px|false|false&#8221; custom_padding=&#8221;|0px||7px||&#8221; link_option_url=&#8221;https:\/\/www.comune.oristano.it\/it\/novita\/news\/Costa-Diadema-Test-riuscito-per-il-turismo-da-crociera-a-Oristano\/#!#:~:text=Oristano%20gioca%20la%20carta%20del,scoperta%20del%20territorio%20di%20Oristano.&#8221; global_colors_info=&#8221;{}&#8221;]<\/p>\n<p><span style=\"color: #02385c;\"><\/span><\/p>\n<p><span style=\"color: #02385c;\">Universit\u00e0 degli Studi di Urbino &#8220;Carlo Bo&#8221;<\/span><span style=\"color: #02385c;\"><\/span><\/p>\n<p>[\/et_pb_text][et_pb_button button_url=&#8221;https:\/\/www.uniurb.it&#8221; button_text=&#8221;Scopri di pi\u00f9&#8221; _builder_version=&#8221;4.21.0&#8243; _module_preset=&#8221;default&#8221; custom_button=&#8221;on&#8221; button_text_size=&#8221;13px&#8221; button_text_color=&#8221;#0965a2&#8243; button_bg_color=&#8221;#FFFFFF&#8221; button_font=&#8221;Montserrat||||||||&#8221; custom_margin=&#8221;21px|||14px|false|false&#8221; button_bg_color_last_edited=&#8221;off|desktop&#8221; global_colors_info=&#8221;{}&#8221; button_bg_color__hover_enabled=&#8221;on|hover&#8221; button_bg_color__hover=&#8221;#4d9cad&#8221; button_bg_enable_color__hover=&#8221;on&#8221; button_text_color__hover_enabled=&#8221;on|hover&#8221; button_text_color__hover=&#8221;#FFFFFF&#8221;][\/et_pb_button][\/et_pb_column][\/et_pb_row][et_pb_row column_structure=&#8221;1_4,1_4,1_4,1_4&#8243; _builder_version=&#8221;4.21.0&#8243; _module_preset=&#8221;default&#8221; max_width=&#8221;1130px&#8221; custom_margin=&#8221;20px|185px||185px|false|true&#8221; custom_css_before=&#8221;.desktop-onlyalign-content&#8221; global_colors_info=&#8221;{}&#8221; custom_css_before_tablet=&#8221;.desktop-onlyalign-content&#8221; custom_css_before_phone=&#8221;.desktop-onlyalign-content&#8221; custom_css_before_last_edited=&#8221;on|desktop&#8221;][et_pb_column type=&#8221;1_4&#8243; _builder_version=&#8221;4.21.0&#8243; _module_preset=&#8221;default&#8221; global_colors_info=&#8221;{}&#8221;][et_pb_image src=&#8221;https:\/\/informacitta.oristano.studioprogetto2.it\/wp-content\/uploads\/2023\/06\/Schermata-2023-06-28-alle-10.55.41.png&#8221; title_text=&#8221;Schermata 2023-06-28 alle 10.55.41&#8243; _builder_version=&#8221;4.21.0&#8243; _module_preset=&#8221;default&#8221; custom_padding=&#8221;45px|||||&#8221; global_colors_info=&#8221;{}&#8221;][\/et_pb_image][\/et_pb_column][et_pb_column type=&#8221;1_4&#8243; _builder_version=&#8221;4.21.0&#8243; _module_preset=&#8221;default&#8221; global_colors_info=&#8221;{}&#8221;][et_pb_text _builder_version=&#8221;4.21.0&#8243; _module_preset=&#8221;default&#8221; text_font=&#8221;Montserrat|600|||||||&#8221; text_text_color=&#8221;#0965a2&#8243; text_font_size=&#8221;15px&#8221; header_font_size=&#8221;33px&#8221; module_alignment=&#8221;center&#8221; custom_margin=&#8221;25px||||false|false&#8221; custom_padding=&#8221;22px|29px||2px||&#8221; global_colors_info=&#8221;{}&#8221;]<\/p>\n<p>Friuli Venezia Giulia<\/p>\n<p>[\/et_pb_text][et_pb_icon font_icon=&#8221;&#xf276;||fa||900&#8243; icon_color=&#8221;#0965a2&#8243; icon_width=&#8221;23px&#8221; align=&#8221;left&#8221; _builder_version=&#8221;4.21.0&#8243; _module_preset=&#8221;default&#8221; custom_margin=&#8221;-114px|||-36px|false|false&#8221; custom_padding=&#8221;55px|91px||0px||&#8221; locked=&#8221;off&#8221; global_colors_info=&#8221;{}&#8221;][\/et_pb_icon][et_pb_text _builder_version=&#8221;4.21.0&#8243; _module_preset=&#8221;default&#8221; text_font=&#8221;Montserrat|600|||||||&#8221; text_text_color=&#8221;#0965a2&#8243; text_font_size=&#8221;16px&#8221; header_font=&#8221;Montserrat||||||||&#8221; text_orientation=&#8221;justified&#8221; custom_margin=&#8221;-6px|7px|2px|-41px|false|false&#8221; custom_padding=&#8221;0px|0px||7px||&#8221; global_colors_info=&#8221;{}&#8221;]<\/p>\n<p><span style=\"color: #02385c;\"><span style=\"caret-color: #02385c;\">Universit\u00e0 degli Studi di Udine<\/span><\/span><\/p>\n<p>[\/et_pb_text][et_pb_button button_url=&#8221;https:\/\/www.uniud.it\/it&#8221; button_text=&#8221;Scopri di pi\u00f9&#8221; _builder_version=&#8221;4.21.0&#8243; _module_preset=&#8221;default&#8221; custom_button=&#8221;on&#8221; button_text_size=&#8221;13px&#8221; button_text_color=&#8221;#0965a2&#8243; button_bg_color=&#8221;#FFFFFF&#8221; button_font=&#8221;Montserrat||||||||&#8221; custom_margin=&#8221;41px|96px||18px|false|false&#8221; button_bg_color_last_edited=&#8221;off|desktop&#8221; global_colors_info=&#8221;{}&#8221; button_bg_color__hover_enabled=&#8221;on|hover&#8221; button_bg_color__hover=&#8221;#4d9cad&#8221; button_bg_enable_color__hover=&#8221;on&#8221; button_text_color__hover_enabled=&#8221;on|hover&#8221; button_text_color__hover=&#8221;#FFFFFF&#8221;][\/et_pb_button][\/et_pb_column][et_pb_column type=&#8221;1_4&#8243; _builder_version=&#8221;4.21.0&#8243; _module_preset=&#8221;default&#8221; global_colors_info=&#8221;{}&#8221;][et_pb_image src=&#8221;https:\/\/informacitta.oristano.studioprogetto2.it\/wp-content\/uploads\/2023\/06\/Schermata-2023-06-28-alle-10.55.48.png&#8221; title_text=&#8221;Schermata 2023-06-28 alle 10.55.48&#8243; _builder_version=&#8221;4.21.0&#8243; _module_preset=&#8221;default&#8221; custom_margin=&#8221;-6px||||false|false&#8221; custom_padding=&#8221;52px|||||&#8221; global_colors_info=&#8221;{}&#8221;][\/et_pb_image][\/et_pb_column][et_pb_column type=&#8221;1_4&#8243; _builder_version=&#8221;4.21.0&#8243; _module_preset=&#8221;default&#8221; global_colors_info=&#8221;{}&#8221;][et_pb_text _builder_version=&#8221;4.21.0&#8243; _module_preset=&#8221;default&#8221; text_font=&#8221;Montserrat|600|||||||&#8221; text_text_color=&#8221;#0965a2&#8243; text_font_size=&#8221;15px&#8221; header_font_size=&#8221;33px&#8221; module_alignment=&#8221;center&#8221; custom_margin=&#8221;25px||||false|false&#8221; custom_padding=&#8221;22px|29px||2px||&#8221; global_colors_info=&#8221;{}&#8221;]<\/p>\n<p>Lazio<\/p>\n<p>[\/et_pb_text][et_pb_icon font_icon=&#8221;&#xf276;||fa||900&#8243; icon_color=&#8221;#0965a2&#8243; icon_width=&#8221;23px&#8221; align=&#8221;left&#8221; _builder_version=&#8221;4.21.0&#8243; _module_preset=&#8221;default&#8221; custom_margin=&#8221;-114px|||-36px|false|false&#8221; custom_padding=&#8221;55px|91px||0px||&#8221; locked=&#8221;off&#8221; global_colors_info=&#8221;{}&#8221;][\/et_pb_icon][et_pb_text _builder_version=&#8221;4.21.0&#8243; _module_preset=&#8221;default&#8221; text_font=&#8221;Montserrat|600|||||||&#8221; text_text_color=&#8221;#0965a2&#8243; text_font_size=&#8221;16px&#8221; header_font=&#8221;Montserrat||||||||&#8221; text_orientation=&#8221;justified&#8221; custom_margin=&#8221;-12px|20px|26px|-46px|false|false&#8221; custom_padding=&#8221;|0px||7px||&#8221; link_option_url=&#8221;https:\/\/www.comune.oristano.it\/it\/novita\/news\/Costa-Diadema-Test-riuscito-per-il-turismo-da-crociera-a-Oristano\/#!#:~:text=Oristano%20gioca%20la%20carta%20del,scoperta%20del%20territorio%20di%20Oristano.&#8221; global_colors_info=&#8221;{}&#8221;]<\/p>\n<p><span style=\"color: #02385c;\">Universit\u00e0 Telematica Niccol\u00f2 Cusano\u00a0<\/span><span style=\"color: #02385c;\"><\/span><\/p>\n<p>[\/et_pb_text][et_pb_button button_url=&#8221;https:\/\/www.unicusano.it&#8221; button_text=&#8221;Scopri di pi\u00f9&#8221; _builder_version=&#8221;4.21.0&#8243; _module_preset=&#8221;default&#8221; custom_button=&#8221;on&#8221; button_text_size=&#8221;13px&#8221; button_text_color=&#8221;#0965a2&#8243; button_bg_color=&#8221;#FFFFFF&#8221; button_font=&#8221;Montserrat||||||||&#8221; custom_margin=&#8221;15px|||14px|false|false&#8221; button_bg_color_last_edited=&#8221;off|desktop&#8221; global_colors_info=&#8221;{}&#8221; button_bg_color__hover_enabled=&#8221;on|hover&#8221; button_bg_color__hover=&#8221;#4d9cad&#8221; button_bg_enable_color__hover=&#8221;on&#8221; button_text_color__hover_enabled=&#8221;on|hover&#8221; button_text_color__hover=&#8221;#FFFFFF&#8221;][\/et_pb_button][\/et_pb_column][\/et_pb_row][et_pb_row column_structure=&#8221;1_4,1_4,1_4,1_4&#8243; _builder_version=&#8221;4.21.0&#8243; _module_preset=&#8221;default&#8221; max_width=&#8221;1130px&#8221; custom_margin=&#8221;20px|185px||185px|false|true&#8221; custom_css_before=&#8221;.desktop-onlyalign-content&#8221; global_colors_info=&#8221;{}&#8221; custom_css_before_tablet=&#8221;.desktop-onlyalign-content&#8221; custom_css_before_phone=&#8221;.desktop-onlyalign-content&#8221; custom_css_before_last_edited=&#8221;on|desktop&#8221;][et_pb_column type=&#8221;1_4&#8243; _builder_version=&#8221;4.21.0&#8243; _module_preset=&#8221;default&#8221; global_colors_info=&#8221;{}&#8221;][et_pb_image src=&#8221;https:\/\/informacitta.oristano.studioprogetto2.it\/wp-content\/uploads\/2023\/06\/Schermata-2023-06-28-alle-10.56.17.png&#8221; title_text=&#8221;Schermata 2023-06-28 alle 10.56.17&#8243; _builder_version=&#8221;4.21.0&#8243; _module_preset=&#8221;default&#8221; custom_padding=&#8221;45px|||||&#8221; global_colors_info=&#8221;{}&#8221;][\/et_pb_image][\/et_pb_column][et_pb_column type=&#8221;1_4&#8243; _builder_version=&#8221;4.21.0&#8243; _module_preset=&#8221;default&#8221; global_colors_info=&#8221;{}&#8221;][et_pb_text _builder_version=&#8221;4.21.0&#8243; _module_preset=&#8221;default&#8221; text_font=&#8221;Montserrat|600|||||||&#8221; text_text_color=&#8221;#0965a2&#8243; text_font_size=&#8221;15px&#8221; header_font_size=&#8221;33px&#8221; module_alignment=&#8221;center&#8221; custom_margin=&#8221;25px||||false|false&#8221; custom_padding=&#8221;22px|29px||2px||&#8221; global_colors_info=&#8221;{}&#8221;]<\/p>\n<p>Valle D&#8217;Aosta<\/p>\n<p>[\/et_pb_text][et_pb_icon font_icon=&#8221;&#xf276;||fa||900&#8243; icon_color=&#8221;#0965a2&#8243; icon_width=&#8221;23px&#8221; align=&#8221;left&#8221; _builder_version=&#8221;4.21.0&#8243; _module_preset=&#8221;default&#8221; custom_margin=&#8221;-114px|||-36px|false|false&#8221; custom_padding=&#8221;55px|91px||0px||&#8221; locked=&#8221;off&#8221; global_colors_info=&#8221;{}&#8221;][\/et_pb_icon][et_pb_text _builder_version=&#8221;4.21.0&#8243; _module_preset=&#8221;default&#8221; text_font=&#8221;Montserrat|600|||||||&#8221; text_text_color=&#8221;#0965a2&#8243; text_font_size=&#8221;16px&#8221; header_font=&#8221;Montserrat||||||||&#8221; text_orientation=&#8221;justified&#8221; custom_margin=&#8221;-24px|12px|3px|-46px|false|false&#8221; custom_padding=&#8221;|0px|0px|||&#8221; global_colors_info=&#8221;{}&#8221;]<\/p>\n<p><span style=\"color: #02385c;\"><\/span><\/p>\n<p><span style=\"color: #02385c;\"><span style=\"caret-color: #02385c;\">Universit\u00e0 degli Studi della Valle D&#8217;Aosta<\/span><\/span><\/p>\n<p>[\/et_pb_text][et_pb_button button_url=&#8221;https:\/\/www.univda.it&#8221; button_text=&#8221;Scopri di pi\u00f9&#8221; _builder_version=&#8221;4.21.0&#8243; _module_preset=&#8221;default&#8221; custom_button=&#8221;on&#8221; button_text_size=&#8221;13px&#8221; button_text_color=&#8221;#0965a2&#8243; button_bg_color=&#8221;#FFFFFF&#8221; button_font=&#8221;Montserrat||||||||&#8221; custom_margin=&#8221;25px|96px||18px|false|false&#8221; button_bg_color_last_edited=&#8221;off|desktop&#8221; global_colors_info=&#8221;{}&#8221; button_bg_color__hover_enabled=&#8221;on|hover&#8221; button_bg_color__hover=&#8221;#4d9cad&#8221; button_bg_enable_color__hover=&#8221;on&#8221; button_text_color__hover_enabled=&#8221;on|hover&#8221; button_text_color__hover=&#8221;#FFFFFF&#8221;][\/et_pb_button][\/et_pb_column][et_pb_column type=&#8221;1_4&#8243; _builder_version=&#8221;4.21.0&#8243; _module_preset=&#8221;default&#8221; global_colors_info=&#8221;{}&#8221;][et_pb_image src=&#8221;https:\/\/informacitta.oristano.studioprogetto2.it\/wp-content\/uploads\/2023\/06\/Schermata-2023-06-28-alle-10.56.28.png&#8221; title_text=&#8221;Schermata 2023-06-28 alle 10.56.28&#8243; _builder_version=&#8221;4.21.0&#8243; _module_preset=&#8221;default&#8221; custom_margin=&#8221;-10px||||false|false&#8221; custom_padding=&#8221;52px|||||&#8221; global_colors_info=&#8221;{}&#8221;][\/et_pb_image][\/et_pb_column][et_pb_column type=&#8221;1_4&#8243; _builder_version=&#8221;4.21.0&#8243; _module_preset=&#8221;default&#8221; global_colors_info=&#8221;{}&#8221;][et_pb_text _builder_version=&#8221;4.21.0&#8243; _module_preset=&#8221;default&#8221; text_font=&#8221;Montserrat|600|||||||&#8221; text_text_color=&#8221;#0965a2&#8243; text_font_size=&#8221;15px&#8221; header_font_size=&#8221;33px&#8221; module_alignment=&#8221;center&#8221; custom_margin=&#8221;25px||||false|false&#8221; custom_padding=&#8221;22px|29px||2px||&#8221; global_colors_info=&#8221;{}&#8221;]<\/p>\n<p>Veneto<\/p>\n<p>[\/et_pb_text][et_pb_icon font_icon=&#8221;&#xf276;||fa||900&#8243; icon_color=&#8221;#0965a2&#8243; icon_width=&#8221;23px&#8221; align=&#8221;left&#8221; _builder_version=&#8221;4.21.0&#8243; _module_preset=&#8221;default&#8221; custom_margin=&#8221;-114px|||-36px|false|false&#8221; custom_padding=&#8221;55px|91px||0px||&#8221; locked=&#8221;off&#8221; global_colors_info=&#8221;{}&#8221;][\/et_pb_icon][et_pb_text _builder_version=&#8221;4.21.0&#8243; _module_preset=&#8221;default&#8221; text_font=&#8221;Montserrat|600|||||||&#8221; text_text_color=&#8221;#0965a2&#8243; text_font_size=&#8221;16px&#8221; header_font=&#8221;Montserrat||||||||&#8221; text_orientation=&#8221;justified&#8221; custom_margin=&#8221;-28px|20px|-30px|-38px|false|false&#8221; custom_padding=&#8221;|0px||7px||&#8221; link_option_url=&#8221;https:\/\/www.comune.oristano.it\/it\/novita\/news\/Costa-Diadema-Test-riuscito-per-il-turismo-da-crociera-a-Oristano\/#!#:~:text=Oristano%20gioca%20la%20carta%20del,scoperta%20del%20territorio%20di%20Oristano.&#8221; global_colors_info=&#8221;{}&#8221;]<\/p>\n<p><span style=\"color: #02385c;\"><\/span><\/p>\n<p><span style=\"color: #02385c;\">Universit\u00e0 degli Studi di Verona<\/span><span style=\"color: #02385c;\"><\/span><\/p>\n<p>[\/et_pb_text][et_pb_button button_url=&#8221;https:\/\/www.univr.it\/home&#8221; button_text=&#8221;Scopri di pi\u00f9&#8221; _builder_version=&#8221;4.21.0&#8243; _module_preset=&#8221;default&#8221; custom_button=&#8221;on&#8221; button_text_size=&#8221;13px&#8221; button_text_color=&#8221;#0965a2&#8243; button_bg_color=&#8221;#FFFFFF&#8221; button_font=&#8221;Montserrat||||||||&#8221; custom_margin=&#8221;57px|||14px|false|false&#8221; button_bg_color_last_edited=&#8221;off|desktop&#8221; global_colors_info=&#8221;{}&#8221; button_bg_color__hover_enabled=&#8221;on|hover&#8221; button_bg_color__hover=&#8221;#4d9cad&#8221; button_bg_enable_color__hover=&#8221;on&#8221; button_text_color__hover_enabled=&#8221;on|hover&#8221; button_text_color__hover=&#8221;#FFFFFF&#8221;][\/et_pb_button][\/et_pb_column][\/et_pb_row][et_pb_row column_structure=&#8221;1_4,1_4,1_4,1_4&#8243; _builder_version=&#8221;4.21.0&#8243; _module_preset=&#8221;default&#8221; max_width=&#8221;1130px&#8221; custom_margin=&#8221;20px|185px||185px|false|true&#8221; custom_css_before=&#8221;.desktop-onlyalign-content&#8221; global_colors_info=&#8221;{}&#8221; custom_css_before_tablet=&#8221;.desktop-onlyalign-content&#8221; custom_css_before_phone=&#8221;.desktop-onlyalign-content&#8221; custom_css_before_last_edited=&#8221;on|desktop&#8221;][et_pb_column type=&#8221;1_4&#8243; admin_label=&#8221;Column&#8221; _builder_version=&#8221;4.21.0&#8243; _module_preset=&#8221;default&#8221; global_colors_info=&#8221;{}&#8221;][et_pb_image src=&#8221;https:\/\/informacitta.oristano.studioprogetto2.it\/wp-content\/uploads\/2023\/06\/Schermata-2023-06-28-alle-10.56.36.png&#8221; title_text=&#8221;Schermata 2023-06-28 alle 10.56.36&#8243; _builder_version=&#8221;4.21.0&#8243; _module_preset=&#8221;default&#8221; custom_padding=&#8221;45px|||||&#8221; global_colors_info=&#8221;{}&#8221;][\/et_pb_image][\/et_pb_column][et_pb_column type=&#8221;1_4&#8243; _builder_version=&#8221;4.21.0&#8243; _module_preset=&#8221;default&#8221; global_colors_info=&#8221;{}&#8221;][et_pb_text _builder_version=&#8221;4.21.0&#8243; _module_preset=&#8221;default&#8221; text_font=&#8221;Montserrat|600|||||||&#8221; text_text_color=&#8221;#0965a2&#8243; text_font_size=&#8221;15px&#8221; header_font_size=&#8221;33px&#8221; module_alignment=&#8221;center&#8221; custom_margin=&#8221;25px||||false|false&#8221; custom_padding=&#8221;22px|29px||2px||&#8221; global_colors_info=&#8221;{}&#8221;]<\/p>\n<p>Lazio<\/p>\n<p>[\/et_pb_text][et_pb_icon font_icon=&#8221;&#xf276;||fa||900&#8243; icon_color=&#8221;#0965a2&#8243; icon_width=&#8221;23px&#8221; align=&#8221;left&#8221; _builder_version=&#8221;4.21.0&#8243; _module_preset=&#8221;default&#8221; custom_margin=&#8221;-114px|||-36px|false|false&#8221; custom_padding=&#8221;55px|91px||0px||&#8221; locked=&#8221;off&#8221; global_colors_info=&#8221;{}&#8221;][\/et_pb_icon][et_pb_text _builder_version=&#8221;4.21.0&#8243; _module_preset=&#8221;default&#8221; text_font=&#8221;Montserrat|600|||||||&#8221; text_text_color=&#8221;#0965a2&#8243; text_font_size=&#8221;16px&#8221; header_font=&#8221;Montserrat||||||||&#8221; text_orientation=&#8221;justified&#8221; custom_margin=&#8221;-23px|12px|-15px|-44px|false|false&#8221; custom_padding=&#8221;|0px|0px|||&#8221; global_colors_info=&#8221;{}&#8221;]<\/p>\n<p><span style=\"color: #02385c;\"><\/span><\/p>\n<p><span style=\"color: #02385c;\"><span style=\"caret-color: #02385c;\">Universit\u00e0 degli Studi della Tuscia<\/span><\/span><\/p>\n<p>[\/et_pb_text][et_pb_button button_url=&#8221;http:\/\/www.unitus.it&#8221; button_text=&#8221;Scopri di pi\u00f9&#8221; _builder_version=&#8221;4.21.0&#8243; _module_preset=&#8221;default&#8221; custom_button=&#8221;on&#8221; button_text_size=&#8221;13px&#8221; button_text_color=&#8221;#0965a2&#8243; button_bg_color=&#8221;#FFFFFF&#8221; button_font=&#8221;Montserrat||||||||&#8221; custom_margin=&#8221;40px|96px||18px|false|false&#8221; button_bg_color_last_edited=&#8221;off|desktop&#8221; global_colors_info=&#8221;{}&#8221; button_bg_color__hover_enabled=&#8221;on|hover&#8221; button_bg_color__hover=&#8221;#4d9cad&#8221; button_bg_enable_color__hover=&#8221;on&#8221; button_text_color__hover_enabled=&#8221;on|hover&#8221; button_text_color__hover=&#8221;#FFFFFF&#8221;][\/et_pb_button][\/et_pb_column][et_pb_column type=&#8221;1_4&#8243; _builder_version=&#8221;4.21.0&#8243; _module_preset=&#8221;default&#8221; global_colors_info=&#8221;{}&#8221;][\/et_pb_column][et_pb_column type=&#8221;1_4&#8243; _builder_version=&#8221;4.21.0&#8243; _module_preset=&#8221;default&#8221; global_colors_info=&#8221;{}&#8221;][\/et_pb_column][\/et_pb_row][\/et_pb_section]<\/p>\n","protected":false},"excerpt":{"rendered":"<p>| Universit\u00e0Sardegna \u00a0 Universit\u00e0 degli Studi di Cagliari &nbsp;Sardegna Universit\u00e0 degli Studi di Sassari\u00a0 Puglia \u00a0 Universit\u00e0 degli Studi di Bari Aldo Moro &nbsp;Calabria Universit\u00e0 degli Studi della Calabria Puglia Universit\u00e0 degli Studi di Bari Aldo Moro &nbsp;Calabria Universit\u00e0 degli Studi della Calabria Puglia \u00a0 Universit\u00e0 degli Studi di Bari Aldo Moro &nbsp;Calabria Universit\u00e0 degli [&hellip;]<\/p>\n","protected":false},"author":4,"featured_media":1962,"comment_status":"closed","ping_status":"closed","sticky":false,"template":"","format":"standard","meta":{"_et_pb_use_builder":"on","_et_pb_old_content":"","_et_gb_content_width":"1080"},"categories":[17],"tags":[],"_links":{"self":[{"href":"https:\/\/informacitta.oristano.studioprogetto2.it\/index.php?rest_route=\/wp\/v2\/posts\/833"}],"collection":[{"href":"https:\/\/informacitta.oristano.studioprogetto2.it\/index.php?rest_route=\/wp\/v2\/posts"}],"about":[{"href":"https:\/\/informacitta.oristano.studioprogetto2.it\/index.php?rest_route=\/wp\/v2\/types\/post"}],"author":[{"embeddable":true,"href":"https:\/\/informacitta.oristano.studioprogetto2.it\/index.php?rest_route=\/wp\/v2\/users\/4"}],"replies":[{"embeddable":true,"href":"https:\/\/informacitta.oristano.studioprogetto2.it\/index.php?rest_route=%2Fwp%2Fv2%2Fcomments&post=833"}],"version-history":[{"count":244,"href":"https:\/\/informacitta.oristano.studioprogetto2.it\/index.php?rest_route=\/wp\/v2\/posts\/833\/revisions"}],"predecessor-version":[{"id":5127,"href":"https:\/\/informacitta.oristano.studioprogetto2.it\/index.php?rest_route=\/wp\/v2\/posts\/833\/revisions\/5127"}],"wp:featuredmedia":[{"embeddable":true,"href":"https:\/\/informacitta.oristano.studioprogetto2.it\/index.php?rest_route=\/wp\/v2\/media\/1962"}],"wp:attachment":[{"href":"https:\/\/informacitta.oristano.studioprogetto2.it\/index.php?rest_route=%2Fwp%2Fv2%2Fmedia&parent=833"}],"wp:term":[{"taxonomy":"category","embeddable":true,"href":"https:\/\/informacitta.oristano.studioprogetto2.it\/index.php?rest_route=%2Fwp%2Fv2%2Fcategories&post=833"},{"taxonomy":"post_tag","embeddable":true,"href":"https:\/\/informacitta.oristano.studioprogetto2.it\/index.php?rest_route=%2Fwp%2Fv2%2Ftags&post=833"}],"curies":[{"name":"wp","href":"https:\/\/api.w.org\/{rel}","templated":true}]}}