{"id":5333,"date":"2025-04-03T15:31:12","date_gmt":"2025-04-03T14:31:12","guid":{"rendered":"https:\/\/informacitta.oristano.studioprogetto2.it\/?p=5333"},"modified":"2025-05-29T17:27:57","modified_gmt":"2025-05-29T16:27:57","slug":"scuola-proroga-al-15-aprile-per-le-domande-per-la-borsa-di-studio-nazionale","status":"publish","type":"post","link":"https:\/\/informacitta.oristano.studioprogetto2.it\/?p=5333","title":{"rendered":"Scuola &#8211; Proroga al 15 aprile per le domande per la borsa di studio nazionale"},"content":{"rendered":"\n\n[et_pb_section fb_built=&#8221;1&#8243; _builder_version=&#8221;4.21.0&#8243; _module_preset=&#8221;default&#8221; global_colors_info=&#8221;{}&#8221; theme_builder_area=&#8221;post_content&#8221;][et_pb_row _builder_version=&#8221;4.21.0&#8243; _module_preset=&#8221;default&#8221; background_image=&#8221;https:\/\/informacitta.oristano.studioprogetto2.it\/wp-content\/uploads\/2023\/06\/Schermata-2023-06-26-alle-15.52.31.png&#8221; width_tablet=&#8221;&#8221; width_phone=&#8221;&#8221; width_last_edited=&#8221;on|phone&#8221; global_colors_info=&#8221;{}&#8221; theme_builder_area=&#8221;post_content&#8221;][et_pb_column type=&#8221;4_4&#8243; _builder_version=&#8221;4.21.0&#8243; _module_preset=&#8221;default&#8221; global_colors_info=&#8221;{}&#8221; theme_builder_area=&#8221;post_content&#8221;][et_pb_image src=&#8221;https:\/\/informacitta.oristano.studioprogetto2.it\/wp-content\/uploads\/2025\/04\/studenti.jpg&#8221; title_text=&#8221;studenti&#8221; _builder_version=&#8221;4.21.0&#8243; _module_preset=&#8221;default&#8221; width=&#8221;65%&#8221; width_tablet=&#8221;65%&#8221; width_phone=&#8221;100%&#8221; width_last_edited=&#8221;on|tablet&#8221; global_colors_info=&#8221;{}&#8221; theme_builder_area=&#8221;post_content&#8221;][\/et_pb_image][et_pb_text _builder_version=&#8221;4.21.0&#8243; _dynamic_attributes=&#8221;link_option_url&#8221; _module_preset=&#8221;default&#8221; text_font=&#8221;Montserrat||||||||&#8221; link_option_url=&#8221;@ET-DC@eyJkeW5hbWljIjp0cnVlLCJjb250ZW50IjoicG9zdF9saW5rX3VybF9hdHRhY2htZW50Iiwic2V0dGluZ3MiOnsicG9zdF9pZCI6IjUxOTgifX0=@&#8221; link_option_url_new_window=&#8221;on&#8221; global_colors_info=&#8221;{}&#8221; theme_builder_area=&#8221;post_content&#8221;]<div class=\"row\">\n<div class=\"offset-md-1 col-md-8 testolungo\">\n<div class=\"row\">\n<div class=\"offset-md-1 col-md-8 testolungo\">\n<p>La Regione ha disposto la proroga al 15 aprile del termine per la presentazione delle domande per la borsa di studio nazionale rivolta agli studenti delle scuole secondarie di secondo grado, statali e paritarie, per l\u2019anno scolastico 2024\/2025.<\/p>\n<p>Possono presentare domanda gli studenti residenti nel Comune di Oristano, iscritti e frequentanti una scuola secondaria di secondo grado del sistema nazionale di istruzione (scuole statali e paritarie) nell\u2019anno scolastico 2024\/2025.<\/p>\n<p>La domanda per accedere deve essere presentata, dal genitore, dal rappresentante legale dello studente o dallo stesso studente se maggiorenne, fino alle ore 23.59 del 15.04.2025 esclusivamente tramite il Portale telematico dei servizi scolastici del Comune di Oristano all\u2019indirizzo<span>\u00a0<\/span><a href=\"https:\/\/serviziscolastici.comune.oristano.it\/sicare\/benvenuto.php\">https:\/\/serviziscolastici.comune.oristano.it\/sicare\/benvenuto.php<\/a><\/p>\n<p>Per supporto alla compilazione della domanda ci si pu\u00f2 rivolgere all\u2019Informacitt\u00e0 del Comune di Oristano &#8211; Vico Episcopio Orario: dal luned\u00ec al venerd\u00ec dalle 9.00 alle 13.00 \/ marted\u00ec e gioved\u00ec dalle 16.00 alle 19.00 (previo appuntamento) &#8211; Telefono: 0783791628 &#8211; Email:<span>\u00a0<\/span><a href=\"mailto:informacitta@comune.oristano.it\">informacitta@comune.oristano.it<\/a>.<\/p>\n<p>Per informazioni oltre che all\u2019Informacitt\u00e0 ci si pu\u00f2 rivolgere all\u2019Ufficio Relazioni con il Pubblico (Tel. 0783 791331\/337 o Email<span>\u00a0<\/span><a href=\"mailto:urp@comune.oristano.it\">urp@comune.oristano.it<\/a>), all\u2019Ufficio Pubblica Istruzione (Tel. 0783\/791332\/307\/238\/242 o Email<span>\u00a0<\/span><a href=\"mailto:pubblicaistruzione@comune.oristano.it\">pubblicaistruzione@comune.oristano.it<\/a>, al Ministero dell\u2019istruzione e del merito (<a href=\"https:\/\/iostudio.pubblica.istruzione.it\/web\/guest\/voucher\">https:\/\/iostudio.pubblica.istruzione.it\/web\/guest\/voucher<\/a>, e-mail<span>\u00a0<\/span><a href=\"mailto:iostudio@istruzione.it\">iostudio@istruzione.it<\/a>).<\/p>\n<p>&nbsp;<\/p>\n<p>&nbsp;<\/p>\n<\/div>\n<\/div>\n<\/div>\n<\/div>[\/et_pb_text][\/et_pb_column][\/et_pb_row][\/et_pb_section]\n\n","protected":false},"excerpt":{"rendered":"<p>La Regione ha disposto la proroga al 15 aprile del termine per la presentazione delle domande per la borsa di studio nazionale rivolta agli studenti delle scuole secondarie di secondo grado, statali e paritarie, per l\u2019anno scolastico 2024\/2025. Possono presentare domanda gli studenti residenti nel Comune di Oristano, iscritti e frequentanti una scuola secondaria di [&hellip;]<\/p>\n","protected":false},"author":6,"featured_media":5337,"comment_status":"open","ping_status":"open","sticky":false,"template":"","format":"standard","meta":{"_et_pb_use_builder":"on","_et_pb_old_content":"","_et_gb_content_width":"1080"},"categories":[15],"tags":[],"_links":{"self":[{"href":"https:\/\/informacitta.oristano.studioprogetto2.it\/index.php?rest_route=\/wp\/v2\/posts\/5333"}],"collection":[{"href":"https:\/\/informacitta.oristano.studioprogetto2.it\/index.php?rest_route=\/wp\/v2\/posts"}],"about":[{"href":"https:\/\/informacitta.oristano.studioprogetto2.it\/index.php?rest_route=\/wp\/v2\/types\/post"}],"author":[{"embeddable":true,"href":"https:\/\/informacitta.oristano.studioprogetto2.it\/index.php?rest_route=\/wp\/v2\/users\/6"}],"replies":[{"embeddable":true,"href":"https:\/\/informacitta.oristano.studioprogetto2.it\/index.php?rest_route=%2Fwp%2Fv2%2Fcomments&post=5333"}],"version-history":[{"count":5,"href":"https:\/\/informacitta.oristano.studioprogetto2.it\/index.php?rest_route=\/wp\/v2\/posts\/5333\/revisions"}],"predecessor-version":[{"id":5345,"href":"https:\/\/informacitta.oristano.studioprogetto2.it\/index.php?rest_route=\/wp\/v2\/posts\/5333\/revisions\/5345"}],"wp:featuredmedia":[{"embeddable":true,"href":"https:\/\/informacitta.oristano.studioprogetto2.it\/index.php?rest_route=\/wp\/v2\/media\/5337"}],"wp:attachment":[{"href":"https:\/\/informacitta.oristano.studioprogetto2.it\/index.php?rest_route=%2Fwp%2Fv2%2Fmedia&parent=5333"}],"wp:term":[{"taxonomy":"category","embeddable":true,"href":"https:\/\/informacitta.oristano.studioprogetto2.it\/index.php?rest_route=%2Fwp%2Fv2%2Fcategories&post=5333"},{"taxonomy":"post_tag","embeddable":true,"href":"https:\/\/informacitta.oristano.studioprogetto2.it\/index.php?rest_route=%2Fwp%2Fv2%2Ftags&post=5333"}],"curies":[{"name":"wp","href":"https:\/\/api.w.org\/{rel}","templated":true}]}}