{"id":2667,"date":"2023-12-14T13:16:39","date_gmt":"2023-12-14T12:16:39","guid":{"rendered":"http:\/\/informacitta.oristano.studioprogetto2.it\/?p=2667"},"modified":"2024-07-18T11:02:49","modified_gmt":"2024-07-18T10:02:49","slug":"contributi-di-sostegno-del-canone-di-locazione-2023","status":"publish","type":"post","link":"https:\/\/informacitta.oristano.studioprogetto2.it\/?p=2667","title":{"rendered":"Contributi di sostegno del canone di locazione 2023"},"content":{"rendered":"\n[et_pb_section fb_built=&#8221;1&#8243; _builder_version=&#8221;4.21.0&#8243; _module_preset=&#8221;default&#8221; global_colors_info=&#8221;{}&#8221;][et_pb_row _builder_version=&#8221;4.21.0&#8243; _module_preset=&#8221;default&#8221; background_color=&#8221;rgba(168,212,224,0.13)&#8221; background_enable_image=&#8221;off&#8221; background_size=&#8221;contain&#8221; background_position=&#8221;top_left&#8221; background_vertical_offset=&#8221;-59%&#8221; width_tablet=&#8221;&#8221; width_phone=&#8221;&#8221; width_last_edited=&#8221;on|phone&#8221; global_colors_info=&#8221;{}&#8221;][et_pb_column type=&#8221;4_4&#8243; _builder_version=&#8221;4.21.0&#8243; _module_preset=&#8221;default&#8221; global_colors_info=&#8221;{}&#8221;][et_pb_image src=&#8221;https:\/\/informacitta.oristano.studioprogetto2.it\/wp-content\/uploads\/2023\/12\/Casa-Affitto_.jpg&#8221; title_text=&#8221;Casa-Affitto_&#8221; _builder_version=&#8221;4.21.0&#8243; _module_preset=&#8221;default&#8221; width=&#8221;65%&#8221; width_tablet=&#8221;65%&#8221; width_phone=&#8221;100%&#8221; width_last_edited=&#8221;on|phone&#8221; global_colors_info=&#8221;{}&#8221;][\/et_pb_image][et_pb_text _builder_version=&#8221;4.21.0&#8243; _module_preset=&#8221;default&#8221; text_font=&#8221;Montserrat||||||||&#8221; text_font_size=&#8221;15px&#8221; custom_padding=&#8221;||5px|||&#8221; hover_enabled=&#8221;0&#8243; global_colors_info=&#8221;{}&#8221; sticky_enabled=&#8221;0&#8243;]<div class=\"row\">\n<div class=\"offset-md-1 col-md-8 testolungo\">\n<p style=\"text-align: justify;\">Fino al <strong>31 dicembre<\/strong> \u00e8 possibile presentare le domande al Comune di Oristano per i contributi di sostegno del canone di locazione per il 2023.<\/p>\n<p style=\"text-align: justify;\">I destinatari dei contributi sono i nuclei familiari titolari di contratti di locazione ad uso residenziale di unit\u00e0 immobiliari di propriet\u00e0 privata. Il contratto deve risultare regolarmente registrato e riferito ad un alloggio adibito ad abitazione principale, corrispondente alla residenza anagrafica del nucleo richiedente. Tale condizione deve sussistere per il periodo al quale si riferisce il contratto di locazione. Non \u00e8 necessario che il richiedente sia titolare di un contratto di locazione al momento della presentazione della domanda ma che sia titolare di un contratto di locazione anche per un periodo limitato dell\u2019anno 2023. Per gli immigrati extracomunitari \u00e8 necessario, inoltre, il possesso di un regolare titolo di soggiorno. Sono esclusi i titolari di contratti di locazione di unit\u00e0 immobiliari classificate nelle categorie catastali A1, A8 e A9.<\/p>\n<p style=\"text-align: justify;\">Non sono ammessi i nuclei familiari nei quali anche un solo componente risulti titolare del diritto di propriet\u00e0, usufrutto, uso o abitazione su un alloggio adeguato alle esigenze del nucleo familiare sito in qualsiasi localit\u00e0 del territorio nazionale. Non sono ammessi i nuclei familiari che abbiano in essere un contratto di locazione stipulato tra parenti ed affini entro il secondo grado, o tra coniugi non separati legalmente.<\/p>\n<p style=\"text-align: justify;\">I richiedenti devono rispettare i requisiti di reddito indicati dal bando pubblicato su questo sito istituzionale.<\/p>\n<p style=\"text-align: justify;\">L\u2019istanza dovr\u00e0 essere inoltrata esclusivamente on line dalle 14 dell\u201911\/12\/2023 sino al 31 dicembre 2023 mediante sulla piattaforma dedicata Sicare al link <a href=\"https:\/\/oristano.sicare.it\/sicare\/benvenuto.php\">https:\/\/oristano.sicare.it\/sicare\/benvenuto.php<\/a>.<\/p>\n<p style=\"text-align: justify;\">I cittadini sprovvisti di SPID, CNS\/TS-CNS\/CIE, necessario per l\u2019accesso alla piattaforma, potranno rivolgersi all\u2019Ufficio Protocollo del Comune di Oristano per ricevere il supporto necessario alla presentazione dell\u2019istanza dal luned\u00ec al venerd\u00ec dalle 9 alle 12.30 e il marted\u00ec pomeriggio anche dalle 15 alle 18.<\/p>\n<p style=\"text-align: justify;\">Per informazioni e supporto alla compilazione l\u2019Informacitt\u00e0 dar\u00e0 assistenza dal luned\u00ec al venerd\u00ec dalle 9 alle 13 e il marted\u00ec dalle 16 alle 19 tel. 0783791628 &#8211; 0783791629 oppure tramite Whatsapp 3402569808, email <a href=\"mailto:informacitta@comune.oristano.it\">informacitta@comune.oristano.it<\/a><\/p>\n<\/div>\n<\/div>[\/et_pb_text][\/et_pb_column][\/et_pb_row][\/et_pb_section]\n","protected":false},"excerpt":{"rendered":"<p>Fino al 31 dicembre \u00e8 possibile presentare le domande al Comune di Oristano per i contributi di sostegno del canone di locazione per il 2023. I destinatari dei contributi sono i nuclei familiari titolari di contratti di locazione ad uso residenziale di unit\u00e0 immobiliari di propriet\u00e0 privata. Il contratto deve risultare regolarmente registrato e riferito [&hellip;]<\/p>\n","protected":false},"author":1,"featured_media":2669,"comment_status":"open","ping_status":"open","sticky":false,"template":"","format":"standard","meta":{"_et_pb_use_builder":"on","_et_pb_old_content":"","_et_gb_content_width":"1080"},"categories":[15],"tags":[],"_links":{"self":[{"href":"https:\/\/informacitta.oristano.studioprogetto2.it\/index.php?rest_route=\/wp\/v2\/posts\/2667"}],"collection":[{"href":"https:\/\/informacitta.oristano.studioprogetto2.it\/index.php?rest_route=\/wp\/v2\/posts"}],"about":[{"href":"https:\/\/informacitta.oristano.studioprogetto2.it\/index.php?rest_route=\/wp\/v2\/types\/post"}],"author":[{"embeddable":true,"href":"https:\/\/informacitta.oristano.studioprogetto2.it\/index.php?rest_route=\/wp\/v2\/users\/1"}],"replies":[{"embeddable":true,"href":"https:\/\/informacitta.oristano.studioprogetto2.it\/index.php?rest_route=%2Fwp%2Fv2%2Fcomments&post=2667"}],"version-history":[{"count":38,"href":"https:\/\/informacitta.oristano.studioprogetto2.it\/index.php?rest_route=\/wp\/v2\/posts\/2667\/revisions"}],"predecessor-version":[{"id":5252,"href":"https:\/\/informacitta.oristano.studioprogetto2.it\/index.php?rest_route=\/wp\/v2\/posts\/2667\/revisions\/5252"}],"wp:featuredmedia":[{"embeddable":true,"href":"https:\/\/informacitta.oristano.studioprogetto2.it\/index.php?rest_route=\/wp\/v2\/media\/2669"}],"wp:attachment":[{"href":"https:\/\/informacitta.oristano.studioprogetto2.it\/index.php?rest_route=%2Fwp%2Fv2%2Fmedia&parent=2667"}],"wp:term":[{"taxonomy":"category","embeddable":true,"href":"https:\/\/informacitta.oristano.studioprogetto2.it\/index.php?rest_route=%2Fwp%2Fv2%2Fcategories&post=2667"},{"taxonomy":"post_tag","embeddable":true,"href":"https:\/\/informacitta.oristano.studioprogetto2.it\/index.php?rest_route=%2Fwp%2Fv2%2Ftags&post=2667"}],"curies":[{"name":"wp","href":"https:\/\/api.w.org\/{rel}","templated":true}]}}