{"id":1825,"date":"2023-08-10T17:20:14","date_gmt":"2023-08-10T16:20:14","guid":{"rendered":"http:\/\/informacitta.oristano.studioprogetto2.it\/?p=1825"},"modified":"2023-12-14T13:21:03","modified_gmt":"2023-12-14T12:21:03","slug":"1825","status":"publish","type":"post","link":"https:\/\/informacitta.oristano.studioprogetto2.it\/?p=1825","title":{"rendered":"Servizio trasporto scolastico"},"content":{"rendered":"\n[et_pb_section fb_built=&#8221;1&#8243; disabled_on=&#8221;on|on|off&#8221; _builder_version=&#8221;4.21.0&#8243; _module_preset=&#8221;default&#8221; use_background_color_gradient=&#8221;on&#8221; background_color_gradient_direction=&#8221;91deg&#8221; background_color_gradient_stops=&#8221;#edf8fc 14%|rgba(255,255,255,0) 39%&#8221; custom_padding=&#8221;125px||4px|||&#8221; global_colors_info=&#8221;{}&#8221;][et_pb_row column_structure=&#8221;2_5,3_5&#8243; _builder_version=&#8221;4.21.0&#8243; _module_preset=&#8221;default&#8221; width=&#8221;93%&#8221; max_width=&#8221;1169px&#8221; custom_margin=&#8221;|109px||176px||&#8221; global_colors_info=&#8221;{}&#8221;][et_pb_column type=&#8221;2_5&#8243; _builder_version=&#8221;4.21.0&#8243; _module_preset=&#8221;default&#8221; global_colors_info=&#8221;{}&#8221;][et_pb_image src=&#8221;https:\/\/informacitta.oristano.studioprogetto2.it\/wp-content\/uploads\/2023\/08\/scuolabus-1.jpg&#8221; title_text=&#8221;scuolabus&#8221; _builder_version=&#8221;4.21.0&#8243; _module_preset=&#8221;default&#8221; custom_padding=&#8221;27px|||||&#8221; global_colors_info=&#8221;{}&#8221;][\/et_pb_image][\/et_pb_column][et_pb_column type=&#8221;3_5&#8243; _builder_version=&#8221;4.21.0&#8243; _module_preset=&#8221;default&#8221; global_colors_info=&#8221;{}&#8221;][et_pb_text _builder_version=&#8221;4.21.0&#8243; _module_preset=&#8221;default&#8221; text_font=&#8221;Montserrat|800|||||||&#8221; text_text_color=&#8221;#0965a2&#8243; text_font_size=&#8221;54px&#8221; header_font=&#8221;Montserrat|700|||||||&#8221; header_font_size=&#8221;51px&#8221; min_height=&#8221;12px&#8221; inline_fonts=&#8221;Abhaya Libre&#8221; global_colors_info=&#8221;{}&#8221;]<p><span style=\"font-size: xx-large;\">| <\/span><strong><span style=\"font-size: xx-large;\">Serivizio trasporto scolastico<\/span><br \/><\/strong><\/p>[\/et_pb_text][et_pb_text _builder_version=&#8221;4.21.0&#8243; _module_preset=&#8221;default&#8221; text_font=&#8221;Montserrat|300|||||||&#8221; text_text_color=&#8221;#02385c&#8221; text_font_size=&#8221;22px&#8221; background_layout=&#8221;dark&#8221; custom_margin=&#8221;0px||||false|false&#8221; custom_padding=&#8221;56px||||false|false&#8221; global_colors_info=&#8221;{}&#8221;]<div class=\"row\">\n<div class=\"offset-md-1 col-md-11 paragrafo\"><\/div>\n<\/div>\n<div class=\"row\">\n<div class=\"offset-md-1 col-md-8 testolungo\">\n<p>Sono aperte le iscrizioni al servizio di trasporto scolastico per gli alunni residenti nelle frazioni o nelle zone extraurbane del Comune di Oristano per l\u2019anno scolastico 2023-2024.<\/p>\n<p>Il servizio \u00e8 esteso anche ad alunni non residenti, ma frequentanti le scuole dell\u2019infanzia primarie e secondarie di 1\u00b0 grado di Oristano, purch\u00e8 siano utilizzate le fermate gi\u00e0 previste nel percorso. L\u2019accoglimento delle domande sar\u00e0 subordinato alla presenza di posti disponibili.<\/p>\n<p>La domanda di iscrizione va presentata dal genitore dell\u2019alunno o da chi ne detiene la responsabilit\u00e0 fino alle ore 23:59 del 23.08.2023 compilando l\u2019apposita modello online sul Portale telematico dei servizi scolastici del Comune di Oristano all\u2019indirizzo <a href=\"https:\/\/oristano.simeal.it\/sicare\/benvenuto.php\">https:\/\/oristano.simeal.it\/sicare\/benvenuto.php<\/a> cliccando sul pulsante \u201cNuova domanda per i servizi scolastici\u201d.<\/p>\n<\/div>\n<\/div>[\/et_pb_text][\/et_pb_column][\/et_pb_row][et_pb_row _builder_version=&#8221;4.21.0&#8243; _module_preset=&#8221;default&#8221; global_colors_info=&#8221;{}&#8221;][et_pb_column type=&#8221;4_4&#8243; _builder_version=&#8221;4.21.0&#8243; _module_preset=&#8221;default&#8221; global_colors_info=&#8221;{}&#8221;][et_pb_divider color=&#8221;RGBA(255,255,255,0)&#8221; divider_weight_tablet=&#8221;&#8221; divider_weight_phone=&#8221;&#8221; divider_weight_last_edited=&#8221;on|desktop&#8221; _builder_version=&#8221;4.21.0&#8243; _module_preset=&#8221;default&#8221; custom_padding=&#8221;54px||||false|false&#8221; global_colors_info=&#8221;{}&#8221;][\/et_pb_divider][\/et_pb_column][\/et_pb_row][\/et_pb_section][et_pb_section fb_built=&#8221;1&#8243; disabled_on=&#8221;off|off|on&#8221; _builder_version=&#8221;4.21.0&#8243; _module_preset=&#8221;default&#8221; use_background_color_gradient=&#8221;on&#8221; background_color_gradient_direction=&#8221;91deg&#8221; background_color_gradient_stops=&#8221;#edf8fc 14%|rgba(255,255,255,0) 39%&#8221; custom_padding=&#8221;15px||4px|||&#8221; global_colors_info=&#8221;{}&#8221;][et_pb_row _builder_version=&#8221;4.21.0&#8243; _module_preset=&#8221;default&#8221; width=&#8221;93%&#8221; max_width=&#8221;1169px&#8221; custom_margin=&#8221;|109px||18px|false|false&#8221; custom_padding=&#8221;5px|||||&#8221; global_colors_info=&#8221;{}&#8221;][et_pb_column type=&#8221;4_4&#8243; _builder_version=&#8221;4.21.0&#8243; _module_preset=&#8221;default&#8221; global_colors_info=&#8221;{}&#8221;][et_pb_image src=&#8221;https:\/\/informacitta.oristano.studioprogetto2.it\/wp-content\/uploads\/2023\/06\/1.png&#8221; title_text=&#8221;1&#8243; _builder_version=&#8221;4.21.0&#8243; _module_preset=&#8221;default&#8221; width=&#8221;100%&#8221; max_width=&#8221;72%&#8221; module_alignment=&#8221;center&#8221; custom_padding=&#8221;27px|||||&#8221; global_colors_info=&#8221;{}&#8221;][\/et_pb_image][et_pb_text _builder_version=&#8221;4.21.0&#8243; _module_preset=&#8221;default&#8221; text_font=&#8221;Montserrat|800|||||||&#8221; text_text_color=&#8221;#0965a2&#8243; text_font_size=&#8221;28px&#8221; header_font=&#8221;Montserrat|700|||||||&#8221; header_font_size=&#8221;51px&#8221; text_orientation=&#8221;center&#8221; min_height=&#8221;12px&#8221; global_colors_info=&#8221;{}&#8221;]<p>| Chi Siamo<\/p>[\/et_pb_text][et_pb_text _builder_version=&#8221;4.21.0&#8243; _module_preset=&#8221;default&#8221; text_font=&#8221;Montserrat|300|||||||&#8221; text_text_color=&#8221;#02385c&#8221; text_font_size=&#8221;13px&#8221; background_layout=&#8221;dark&#8221; custom_margin=&#8221;0px||||false|false&#8221; custom_padding=&#8221;3px|49px||49px|false|true&#8221; global_colors_info=&#8221;{}&#8221;]<p style=\"text-align: justify;\"><span style=\"font-size: large;\">L\u2019informacitt\u00e0 \u00e8 un servizio gratuito di accoglienza, informazione e orientamento destinato ai giovani e all\u2019intera comunit\u00e0 che affonda le sue radici nel 1994 con l&#8217;apertura della nostra prima sede in via Lazio.\u00a0<\/span><\/p>\n<p style=\"text-align: justify;\"><span style=\"font-size: large;\">Grazie ad aggiornamenti costanti, e all&#8217;appoggio della Cooperativa Sociale Studio e Progetto 2, ogni giorno lavoriamo per guidare la comunit\u00e0 verso le soluzioni pi\u00f9 adatte alle loro esigenze e necessit\u00e0<\/span><\/p>\n<p><span><\/span><\/p>[\/et_pb_text][\/et_pb_column][\/et_pb_row][\/et_pb_section][et_pb_section fb_built=&#8221;1&#8243; disabled_on=&#8221;off|off|on&#8221; _builder_version=&#8221;4.21.0&#8243; _module_preset=&#8221;default&#8221; use_background_color_gradient=&#8221;on&#8221; background_color_gradient_direction=&#8221;247deg&#8221; background_color_gradient_stops=&#8221;#edf8fc 15%|rgba(255,255,255,0) 39%&#8221; custom_margin=&#8221;-21px|||-46px|false|false&#8221; custom_padding=&#8221;4px||89px|||&#8221; global_colors_info=&#8221;{}&#8221;][et_pb_row _builder_version=&#8221;4.21.0&#8243; _module_preset=&#8221;default&#8221; width=&#8221;94.6%&#8221; max_width=&#8221;1169px&#8221; module_alignment=&#8221;center&#8221; custom_margin=&#8221;|153px||-32px|false|false&#8221; custom_padding=&#8221;||12px|48px|false|false&#8221; global_colors_info=&#8221;{}&#8221;][et_pb_column type=&#8221;4_4&#8243; _builder_version=&#8221;4.21.0&#8243; _module_preset=&#8221;default&#8221; global_colors_info=&#8221;{}&#8221;][et_pb_image src=&#8221;https:\/\/informacitta.oristano.studioprogetto2.it\/wp-content\/uploads\/2023\/06\/2.png&#8221; title_text=&#8221;2&#8243; _builder_version=&#8221;4.21.0&#8243; _module_preset=&#8221;default&#8221; max_width=&#8221;80%&#8221; module_alignment=&#8221;center&#8221; custom_margin=&#8221;|||175px|false|false&#8221; custom_padding=&#8221;67px|12px||10px|false|false&#8221; global_colors_info=&#8221;{}&#8221;][\/et_pb_image][et_pb_text _builder_version=&#8221;4.21.0&#8243; _module_preset=&#8221;default&#8221; text_font=&#8221;Montserrat|800|||||||&#8221; text_text_color=&#8221;#0965a2&#8243; text_font_size=&#8221;28px&#8221; text_line_height=&#8221;1em&#8221; header_font=&#8221;Montserrat|700|||||||&#8221; header_font_size=&#8221;51px&#8221; text_orientation=&#8221;center&#8221; min_height=&#8221;12px&#8221; custom_margin=&#8221;|-255px||-275px|false|false&#8221; custom_padding=&#8221;|||19px||&#8221; global_colors_info=&#8221;{}&#8221;]<p>| La Nostra Mission<\/p>[\/et_pb_text][et_pb_text _builder_version=&#8221;4.21.0&#8243; _module_preset=&#8221;default&#8221; text_font=&#8221;Montserrat|300|||||||&#8221; text_text_color=&#8221;#02385c&#8221; text_font_size=&#8221;22px&#8221; background_layout=&#8221;dark&#8221; custom_margin=&#8221;0px|0px||0px|false|true&#8221; custom_padding=&#8221;2px|49px|0px|49px|false|true&#8221; global_colors_info=&#8221;{}&#8221;]<p style=\"text-align: justify;\"><span style=\"font-size: large;\">Il nostro obiettivo \u00e8 quello di fornire supporti informativi e di primo orientamento che consentano ai cittadini di compiere le scelte pi\u00f9 opportune e consapevoli rispetto al proprio futuro.\u00a0<\/span><\/p>\n<p style=\"text-align: justify;\"><span style=\"font-size: large;\">Ecco perch\u00e9 cerchiamo di offrire un&#8217;informazione trasversale e completa in grado di abbracciare numerosissime aree tematiche: \u00a0dai temi della salute, ai diritti del cittadino, alla solidariet\u00e0 sociale, allo sport, al tempo libero, al lavoro, all\u2019istruzione e alla formazione professionale.\u00a0<\/span><br \/><span style=\"font-size: large;\"><\/span><br \/><span style=\"font-size: large;\"><\/span><\/p>\n<p style=\"text-align: justify;\"><span style=\"font-size: large;\"><\/span><\/p>\n<p><span><\/span><\/p>[\/et_pb_text][\/et_pb_column][\/et_pb_row][et_pb_row _builder_version=&#8221;4.21.0&#8243; _module_preset=&#8221;default&#8221; background_image=&#8221;https:\/\/informacitta.oristano.studioprogetto2.it\/wp-content\/uploads\/2023\/06\/Schermata-2023-06-26-alle-15.53.10.png&#8221; background_size=&#8221;stretch&#8221; width=&#8221;94.6%&#8221; max_width=&#8221;1169px&#8221; module_alignment=&#8221;center&#8221; custom_margin=&#8221;|153px||-32px|false|false&#8221; custom_padding=&#8221;2px|||48px|false|false&#8221; global_colors_info=&#8221;{}&#8221;][et_pb_column type=&#8221;4_4&#8243; _builder_version=&#8221;4.21.0&#8243; _module_preset=&#8221;default&#8221; global_colors_info=&#8221;{}&#8221;][et_pb_image src=&#8221;https:\/\/informacitta.oristano.studioprogetto2.it\/wp-content\/uploads\/2023\/06\/3.png&#8221; title_text=&#8221;3&#8243; src_tablet=&#8221;https:\/\/informacitta.oristano.studioprogetto2.it\/wp-content\/uploads\/2023\/06\/3.png&#8221; src_phone=&#8221;https:\/\/informacitta.oristano.studioprogetto2.it\/wp-content\/uploads\/2023\/06\/3.png&#8221; src_last_edited=&#8221;on|desktop&#8221; _builder_version=&#8221;4.21.0&#8243; _module_preset=&#8221;default&#8221; max_width=&#8221;80%&#8221; module_alignment=&#8221;center&#8221; custom_margin=&#8221;|||175px|false|false&#8221; custom_padding=&#8221;67px|12px||10px|false|false&#8221; global_colors_info=&#8221;{}&#8221;][\/et_pb_image][et_pb_text _builder_version=&#8221;4.21.0&#8243; _module_preset=&#8221;default&#8221; text_font=&#8221;Montserrat|800|||||||&#8221; text_text_color=&#8221;#0965a2&#8243; text_font_size=&#8221;28px&#8221; text_line_height=&#8221;1em&#8221; header_font=&#8221;Montserrat|700|||||||&#8221; header_font_size=&#8221;51px&#8221; text_orientation=&#8221;center&#8221; min_height=&#8221;12px&#8221; custom_margin=&#8221;|-255px||-275px|false|false&#8221; custom_padding=&#8221;|||19px||&#8221; global_colors_info=&#8221;{}&#8221;]<p>| Studio &amp; Progetto 2<\/p>[\/et_pb_text][et_pb_text _builder_version=&#8221;4.21.0&#8243; _module_preset=&#8221;default&#8221; text_font=&#8221;Montserrat|300|||||||&#8221; text_text_color=&#8221;#02385c&#8221; text_font_size=&#8221;22px&#8221; background_layout=&#8221;dark&#8221; custom_margin=&#8221;0px|0px|-30px|0px|false|true&#8221; custom_padding=&#8221;2px|49px|0px|49px|false|true&#8221; global_colors_info=&#8221;{}&#8221;]<p style=\"text-align: justify;\"><span style=\"font-size: large;\">Il progetto cresce e si concretizza maggiormente nel 1999 grazie alla Cooperativa sociale Studio e Progetto 2, una societ\u00e0 senza fini di lucro che opera nel campo della gestione dell\u2019informazione, dei servizi, della promozione sociale e dello sviluppo socio-economico del territorio. <\/span><\/p>\n<p style=\"text-align: justify;\"><span style=\"font-size: large;\">La cooperativa nasce nel 1992 dal consolidamento e dall\u2019elaborazione di idee ed esperienze maturate da professionisti del sociale, della comunicazione e della gestione delle risorse. Un connubio importante che ha consentito la creazione di progetti di informazione, consulenza, orientamento, aggregazione e prevenzione del disagio<\/span><\/p>\n<p style=\"text-align: justify;\"><span style=\"font-size: large;\"><\/span><br \/><span style=\"font-size: large;\"><\/span><\/p>\n<p style=\"text-align: justify;\"><span style=\"font-size: large;\"><\/span><\/p>\n<p><span><\/span><\/p>[\/et_pb_text][et_pb_cta button_text=&#8221;Click Here&#8221; _builder_version=&#8221;4.21.0&#8243; _module_preset=&#8221;default&#8221; header_font=&#8221;Montserrat|600|||||||&#8221; header_text_align=&#8221;left&#8221; header_text_color=&#8221;#0965a2&#8243; header_font_size=&#8221;15px&#8221; background_color=&#8221;RGBA(255,255,255,0)&#8221; max_width=&#8221;100%&#8221; module_alignment=&#8221;center&#8221; custom_margin=&#8221;-3px|-6px||0px|false|false&#8221; custom_padding=&#8221;0px|0px|29px|61px|false|false&#8221; global_colors_info=&#8221;{}&#8221;][\/et_pb_cta][et_pb_social_media_follow _builder_version=&#8221;4.21.0&#8243; _module_preset=&#8221;default&#8221; custom_margin=&#8221;-66px|-10px||142px|false|false&#8221; custom_padding=&#8221;8px||||false|false&#8221; global_colors_info=&#8221;{}&#8221;][et_pb_social_media_follow_network social_network=&#8221;facebook&#8221; url=&#8221;https:\/\/www.facebook.com\/StudioeProgetto2\/&#8221; _builder_version=&#8221;4.21.0&#8243; _module_preset=&#8221;default&#8221; background_color=&#8221;#0c7a38&#8243; background_enable_color=&#8221;on&#8221; global_colors_info=&#8221;{}&#8221; follow_button=&#8221;off&#8221; url_new_window=&#8221;on&#8221;]facebook[\/et_pb_social_media_follow_network][et_pb_social_media_follow_network social_network=&#8221;instagram&#8221; url=&#8221;https:\/\/www.instagram.com\/studioeprogetto2\/&#8221; _builder_version=&#8221;4.21.0&#8243; _module_preset=&#8221;default&#8221; background_color=&#8221;#9e0606&#8243; background_enable_color=&#8221;on&#8221; global_colors_info=&#8221;{}&#8221; follow_button=&#8221;off&#8221; url_new_window=&#8221;on&#8221;]instagram[\/et_pb_social_media_follow_network][\/et_pb_social_media_follow][\/et_pb_column][\/et_pb_row][\/et_pb_section]\n","protected":false},"excerpt":{"rendered":"<p>| Serivizio trasporto scolastico Sono aperte le iscrizioni al servizio di trasporto scolastico per gli alunni residenti nelle frazioni o nelle zone extraurbane del Comune di Oristano per l\u2019anno scolastico 2023-2024. Il servizio \u00e8 esteso anche ad alunni non residenti, ma frequentanti le scuole dell\u2019infanzia primarie e secondarie di 1\u00b0 grado di Oristano, purch\u00e8 siano [&hellip;]<\/p>\n","protected":false},"author":1,"featured_media":1833,"comment_status":"closed","ping_status":"closed","sticky":false,"template":"","format":"standard","meta":{"_et_pb_use_builder":"on","_et_pb_old_content":"","_et_gb_content_width":"1080"},"categories":[1],"tags":[],"_links":{"self":[{"href":"https:\/\/informacitta.oristano.studioprogetto2.it\/index.php?rest_route=\/wp\/v2\/posts\/1825"}],"collection":[{"href":"https:\/\/informacitta.oristano.studioprogetto2.it\/index.php?rest_route=\/wp\/v2\/posts"}],"about":[{"href":"https:\/\/informacitta.oristano.studioprogetto2.it\/index.php?rest_route=\/wp\/v2\/types\/post"}],"author":[{"embeddable":true,"href":"https:\/\/informacitta.oristano.studioprogetto2.it\/index.php?rest_route=\/wp\/v2\/users\/1"}],"replies":[{"embeddable":true,"href":"https:\/\/informacitta.oristano.studioprogetto2.it\/index.php?rest_route=%2Fwp%2Fv2%2Fcomments&post=1825"}],"version-history":[{"count":8,"href":"https:\/\/informacitta.oristano.studioprogetto2.it\/index.php?rest_route=\/wp\/v2\/posts\/1825\/revisions"}],"predecessor-version":[{"id":2675,"href":"https:\/\/informacitta.oristano.studioprogetto2.it\/index.php?rest_route=\/wp\/v2\/posts\/1825\/revisions\/2675"}],"wp:featuredmedia":[{"embeddable":true,"href":"https:\/\/informacitta.oristano.studioprogetto2.it\/index.php?rest_route=\/wp\/v2\/media\/1833"}],"wp:attachment":[{"href":"https:\/\/informacitta.oristano.studioprogetto2.it\/index.php?rest_route=%2Fwp%2Fv2%2Fmedia&parent=1825"}],"wp:term":[{"taxonomy":"category","embeddable":true,"href":"https:\/\/informacitta.oristano.studioprogetto2.it\/index.php?rest_route=%2Fwp%2Fv2%2Fcategories&post=1825"},{"taxonomy":"post_tag","embeddable":true,"href":"https:\/\/informacitta.oristano.studioprogetto2.it\/index.php?rest_route=%2Fwp%2Fv2%2Ftags&post=1825"}],"curies":[{"name":"wp","href":"https:\/\/api.w.org\/{rel}","templated":true}]}}